{"id":11378,"date":"2021-06-09T07:59:58","date_gmt":"2021-06-09T07:59:58","guid":{"rendered":"https:\/\/willizblog.de\/?p=11378"},"modified":"2021-06-09T07:59:58","modified_gmt":"2021-06-09T07:59:58","slug":"passt-scho-die-landkrimis-aus-oesterreich","status":"publish","type":"post","link":"https:\/\/willizblog.de\/?p=11378","title":{"rendered":"Passt scho: die Landkrimis aus \u00d6sterreich"},"content":{"rendered":"<p>Wir Norddeutsche haben zu den Bayern und \u00d6sterreichern ein zwiesp\u00e4ltiges Verh\u00e4ltnis. Wir betrachten unsere s\u00fcdlicher wohnenden Mitmenschen gern mit leichter Ironie. Nat\u00fcrlich wird das gern heimgezahlt: F\u00fcr die Bayern sind wir die Prei\u00dfn oder gar Sauprei\u00dfn. Und der Deutsche insgesamt ist bei den \u00d6sterreichern der Piefke, was durchaus mit &#8218;arroganter Fatzke&#8216; \u00fcbersetzt werden kann (z.B. auch weil manche Norddeutschen meinen, die dortigen Dialekte parodieren zu m\u00fcssen).<\/p>\n<p>Nat\u00fcrlich st\u00f6rt mich auch die Rechtslastigkeit der W\u00e4hler, aber das ist f\u00fcr mich ein anderes Thema. Ich finde Bayern und \u00d6sterreich n\u00e4mlich sch\u00f6n, die Menschen (meist) nett und Landschaft wie St\u00e4dte sehenswert. Was bestimmt den Ausschlag f\u00fcr diese unsere Abneigung gibt, sind die Mundarten der Bayern bzw. \u00d6sterreicher. Wir haben da unsere Verst\u00e4ndigungsschwierigkeiten.\u00dcbrigens werden (bis aufs Fr\u00e4nkische) die Mundarten der beiden Regionen als <a href=\"https:\/\/de.wikipedia.org\/wiki\/Bairisch\" rel=\"noopener\" target=\"_blank\">bairisch-\u00f6sterreichische Dialekte<\/a> zusammengefasst, die sich aber durchaus voneinander unterscheiden. Ich mag diese Dialekte durchaus, auch wenn ich vieles nicht immer verstehe (einzig dem S\u00e4chsische stehe ich etwas &#8218;ratlos&#8216; gegen\u00fcber).<\/p>\n<p>Einige von Euch wissen es l\u00e4ngst: Ich bin ein Krimi-Liebhaber. Mehr im Film als in der Literatur. So geh\u00f6re ich auch zu den Leuten, die Sonntagabend f\u00fcr Sonntagabend den Tatort gucken, zu dem auch die \u00d6sterreicher ihren Beitrag leisten (<a href=\"https:\/\/de.wikipedia.org\/wiki\/Eisner_und_Fellner\" rel=\"noopener\" target=\"_blank\">Eisner und Fellner in Wien<\/a>). Wesentlicher Bestandteil einer Tatort-Folge ist der lokale Bezug. Seit 2014 gibt es nun im \u00f6sterreichischen Fernsehen ORF eine Reihe, die sich <a href=\"https:\/\/www.fernsehserien.de\/orf-landkrimi\" rel=\"noopener\" target=\"_blank\">Landkrimi<\/a> nennt, und auch bei uns im \u00f6ffentlich-rechtlichen Fernsehen zu sehen war (sowohl in der ARD, im ZDF, auch bei arte und 3SAT).<\/p>\n<p><img loading=\"lazy\" border=\"0\" src=\"https:\/\/bilder.fernsehserien.de\/gfx\/bv\/orf-landkrimi-w-970.jpg.jpg\" alt=\"ORF \u2013 Landkrimi (2014 - ...)\" title=\"ORF \u2013 Landkrimi (2014 - ...)\" width=\"560\" height=\"133\"><\/p>\n<p>ORF \u2013 Landkrimi (2014 &#8211; &#8230;)<\/p>\n<p>Wie gesagt (geschrieben): Die dortigen Mundarten machen uns Norddeutsche zu schaffen. Aber wer das richtige Ohr daf\u00fcr hat, kann sich nach kurzer Zeit &#8218;hineinh\u00f6ren&#8216;. Okay: Eine Folge gab es auch schon mal mit Untertiteln (da war es etwas zu arg der Mundart). Ich habe inzwischen mehr als die H\u00e4lfte der bisher 20 Folgen gesehen und bin sehr angetan von diesen manchmal mit viel Witz, dann auch mit geradezu archaisch anmutenden Dorfgemeinschaften ausgestatteten Episoden. Das Lokalkolorit kommt nie zu kurz. Und die Besetzung entspricht dem Who is Who der \u00f6sterreichischen Filmlandschaft.Wie der Titel der Serie schon verhei\u00dft: Die Krimis spielen in den jeweiligen Landesteilen \u00d6sterreichs \u2013 in den Bundesl\u00e4ndern von Vorarlberg bis K\u00e4rnten. Ich freue mich auf jeden Fall schon auf die n\u00e4chste neue Folge des Landkrimis.<\/p>\n<p><script type=\"text\/javascript\">amzn_assoc_ad_type =\"responsive_search_widget\"; amzn_assoc_tracking_id =\"familiealbin-21\"; amzn_assoc_marketplace =\"amazon\"; amzn_assoc_region =\"DE\"; amzn_assoc_placement =\"\"; amzn_assoc_search_type = \"search_widget\";amzn_assoc_width =\"auto\"; amzn_assoc_height =\"auto\"; amzn_assoc_default_search_category =\"\"; amzn_assoc_default_search_key =\"landkrimi\";amzn_assoc_theme =\"light\"; amzn_assoc_bg_color =\"FFFFFF\"; <\/script><script src=\"\/\/z-eu.amazon-adsystem.com\/widgets\/q?ServiceVersion=20070822&#038;Operation=GetScript&#038;ID=OneJS&#038;WS=1&#038;Marketplace=DE\"><\/script><\/p>\n<p>Wie sagt der \u00d6sterreicher (und nat\u00fcrlich auch der Bayer): Passt scho! Also: Alles paletti! Nicht \u00fcbel! Klar doch! Wird gemacht!<\/p>\n<p><!-- START ADVERTISER: genialokal.de from awin.com --><\/p>\n<p><a href=\"https:\/\/www.awin1.com\/cread.php?s=2518266&#038;v=17358&#038;q=376928&#038;r=859005\"><br \/>\n    <img src=\"https:\/\/www.awin1.com\/cshow.php?s=2518266&#038;v=17358&#038;q=376928&#038;r=859005\" border=\"0\"><br \/>\n<\/a><br \/>\nB\u00fccher und mehr bei ihrem lokalen Buchh\u00e4ndler ONLINE bestellen \u2013 selbst abholen oder nach Hause liefern lassen<br \/>\n<!-- END ADVERTISER: genialokal.de from awin.com --><\/p>\n","protected":false},"excerpt":{"rendered":"<p>Wir Norddeutsche haben zu den Bayern und \u00d6sterreichern ein zwiesp\u00e4ltiges Verh\u00e4ltnis. Wir betrachten unsere s\u00fcdlicher wohnenden Mitmenschen gern mit leichter Ironie. Nat\u00fcrlich wird das gern heimgezahlt: F\u00fcr die Bayern sind wir die Prei\u00dfn oder gar Sauprei\u00dfn. Und der Deutsche insgesamt ist bei den \u00d6sterreichern der Piefke, was durchaus mit &#8218;arroganter Fatzke&#8216; \u00fcbersetzt werden kann (z.B. &hellip; <a href=\"https:\/\/willizblog.de\/?p=11378\" class=\"more-link\"><span class=\"screen-reader-text\">Passt scho: die Landkrimis aus \u00d6sterreich<\/span> weiterlesen <span class=\"meta-nav\">&rarr;<\/span><\/a><\/p>\n","protected":false},"author":1,"featured_media":0,"comment_status":"open","ping_status":"open","sticky":false,"template":"","format":"standard","meta":[],"categories":[441],"tags":[],"_links":{"self":[{"href":"https:\/\/willizblog.de\/index.php?rest_route=\/wp\/v2\/posts\/11378"}],"collection":[{"href":"https:\/\/willizblog.de\/index.php?rest_route=\/wp\/v2\/posts"}],"about":[{"href":"https:\/\/willizblog.de\/index.php?rest_route=\/wp\/v2\/types\/post"}],"author":[{"embeddable":true,"href":"https:\/\/willizblog.de\/index.php?rest_route=\/wp\/v2\/users\/1"}],"replies":[{"embeddable":true,"href":"https:\/\/willizblog.de\/index.php?rest_route=%2Fwp%2Fv2%2Fcomments&post=11378"}],"version-history":[{"count":0,"href":"https:\/\/willizblog.de\/index.php?rest_route=\/wp\/v2\/posts\/11378\/revisions"}],"wp:attachment":[{"href":"https:\/\/willizblog.de\/index.php?rest_route=%2Fwp%2Fv2%2Fmedia&parent=11378"}],"wp:term":[{"taxonomy":"category","embeddable":true,"href":"https:\/\/willizblog.de\/index.php?rest_route=%2Fwp%2Fv2%2Fcategories&post=11378"},{"taxonomy":"post_tag","embeddable":true,"href":"https:\/\/willizblog.de\/index.php?rest_route=%2Fwp%2Fv2%2Ftags&post=11378"}],"curies":[{"name":"wp","href":"https:\/\/api.w.org\/{rel}","templated":true}]}}