{"id":11380,"date":"2021-06-11T10:52:13","date_gmt":"2021-06-11T10:52:13","guid":{"rendered":"https:\/\/willizblog.de\/?p=11380"},"modified":"2021-06-11T10:55:01","modified_gmt":"2021-06-11T10:55:01","slug":"erdbeerbluete-und-erdbeerernte-2021","status":"publish","type":"post","link":"https:\/\/willizblog.de\/?p=11380","title":{"rendered":"Erdbeerbl\u00fcte und Erdbeerernte 2021"},"content":{"rendered":"<p>Anders als im letzten Jahr (<a href=\"https:\/\/willizblog.de\/?p=10898\" rel=\"noopener\" target=\"_blank\">Erste Erdbeeren<\/a>) sind die Erdbeeren auf dem freien Felde noch nicht ganz soweit. Sie stehen zwar in voller Bl\u00fcte und erste Fr\u00fcchtchen sind auch zu sehen (wenn auch noch blassgr\u00fcn statt sattrot).Das Wetter war bekanntlich noch nicht ganz so toll.<\/p>\n<p><img src=\"https:\/\/www.willizblog.de\/pics\/tostedt2021_erdbeeren01.jpg\" alt=\"Erdbeerbl\u00fcte Anfang Juni 2021 in Tostedt\/Niedersachsen\" title=\"Erdbeerbl\u00fcte Anfang Juni 2021 in Tostedt\/Niedersachsen\" \/><br \/>\nErdbeerbl\u00fcte Anfang Juni 2021 in Tostedt\/Niedersachsen<\/p>\n<p>Aber bei uns in Tostedt ist vorgesorgt. Es gibt jede Menge Gew\u00e4chsh\u00e4user, in denen die Erdbeeren reifen, um Ende Mai\/Anfang Juni auf den Markt zu kommen.<\/p>\n<p><img src=\"https:\/\/www.willizblog.de\/pics\/tostedt2021_erdbeeren02.jpg\" alt=\"Gew\u00e4chsh\u00e4user mit Erdbeerpflanzen in Tostedt 2021\" title=\"Gew\u00e4chsh\u00e4user mit Erdbeerpflanzen in Tostedt 2021\" \/><br \/>\nGew\u00e4chsh\u00e4user mit Erdbeerpflanzen in Tostedt 2021<\/p>\n<p>Und es sind flei\u00dfige Pfl\u00fcckerinnen und Pfl\u00fccker, die f\u00fcr uns die Erdbeeren ernten, damit diese schnellstm\u00f6glich zum Verkauf und damit bei uns auf den Tisch kommen.<\/p>\n<p><img src=\"https:\/\/www.willizblog.de\/pics\/tostedt2021_erdbeeren03.jpg\" alt=\"Erdbeerernte in den Gew\u00e4chsh\u00e4usern in Tostedt 2021\" title=\"Erdbeerernte in den Gew\u00e4chsh\u00e4usern in Tostedt 2021\" \/><br \/>\nErdbeerernte in den Gew\u00e4chsh\u00e4usern in Tostedt 2021<\/p>\n<p>Ich war wieder mit dem Rad unterwegs und habe mich \u00fcber den Stand der Erdbeerernte in unserem \u00d6rtchen schlau gemacht. Auf dem Lande gibt es immer etwas zu sehen. Und per Rad bin ich immer schnell an Ort und Stelle \ud83d\ude09<\/p>\n<p><!-- START ADVERTISER: genialokal.de from awin.com --><\/p>\n<p><a href=\"https:\/\/www.awin1.com\/cread.php?s=2518266&#038;v=17358&#038;q=376928&#038;r=859005\"><br \/>\n    <img src=\"https:\/\/www.awin1.com\/cshow.php?s=2518266&#038;v=17358&#038;q=376928&#038;r=859005\" border=\"0\"><br \/>\n<\/a><br \/>\nB\u00fccher und mehr bei ihrem lokalen Buchh\u00e4ndler ONLINE bestellen \u2013 selbst abholen oder nach Hause liefern lassen<br \/>\n<!-- END ADVERTISER: genialokal.de from awin.com \u2192\n<\/p>\n","protected":false},"excerpt":{"rendered":"<p>Anders als im letzten Jahr (Erste Erdbeeren) sind die Erdbeeren auf dem freien Felde noch nicht ganz soweit. Sie stehen zwar in voller Bl\u00fcte und erste Fr\u00fcchtchen sind auch zu sehen (wenn auch noch blassgr\u00fcn statt sattrot).Das Wetter war bekanntlich noch nicht ganz so toll. Erdbeerbl\u00fcte Anfang Juni 2021 in Tostedt\/Niedersachsen Aber bei uns in &hellip; <a href=\"https:\/\/willizblog.de\/?p=11380\" class=\"more-link\"><span class=\"screen-reader-text\">Erdbeerbl\u00fcte und Erdbeerernte 2021<\/span> weiterlesen <span class=\"meta-nav\">&rarr;<\/span><\/a><\/p>\n","protected":false},"author":1,"featured_media":0,"comment_status":"open","ping_status":"open","sticky":false,"template":"","format":"standard","meta":[],"categories":[16,11],"tags":[],"_links":{"self":[{"href":"https:\/\/willizblog.de\/index.php?rest_route=\/wp\/v2\/posts\/11380"}],"collection":[{"href":"https:\/\/willizblog.de\/index.php?rest_route=\/wp\/v2\/posts"}],"about":[{"href":"https:\/\/willizblog.de\/index.php?rest_route=\/wp\/v2\/types\/post"}],"author":[{"embeddable":true,"href":"https:\/\/willizblog.de\/index.php?rest_route=\/wp\/v2\/users\/1"}],"replies":[{"embeddable":true,"href":"https:\/\/willizblog.de\/index.php?rest_route=%2Fwp%2Fv2%2Fcomments&post=11380"}],"version-history":[{"count":0,"href":"https:\/\/willizblog.de\/index.php?rest_route=\/wp\/v2\/posts\/11380\/revisions"}],"wp:attachment":[{"href":"https:\/\/willizblog.de\/index.php?rest_route=%2Fwp%2Fv2%2Fmedia&parent=11380"}],"wp:term":[{"taxonomy":"category","embeddable":true,"href":"https:\/\/willizblog.de\/index.php?rest_route=%2Fwp%2Fv2%2Fcategories&post=11380"},{"taxonomy":"post_tag","embeddable":true,"href":"https:\/\/willizblog.de\/index.php?rest_route=%2Fwp%2Fv2%2Ftags&post=11380"}],"curies":[{"name":"wp","href":"https:\/\/api.w.org\/{rel}","templated":true}]}}