{"id":11386,"date":"2021-06-14T09:44:54","date_gmt":"2021-06-14T09:44:54","guid":{"rendered":"https:\/\/willizblog.de\/?p=11386"},"modified":"2021-06-16T12:57:59","modified_gmt":"2021-06-16T12:57:59","slug":"der-letzte-mohikaner","status":"publish","type":"post","link":"https:\/\/willizblog.de\/?p=11386","title":{"rendered":"Der letzte Mohikaner"},"content":{"rendered":"<p>Ja, wahrscheinlich bin ich zu dusselig, um mich impfen zu lassen. Seit dem 26. April sind auch \u00dcbersechzigj\u00e4hrige &#8218;priorisiert&#8216;. Ich mit meinen schlappen 67 Lenzen auf dem Buckel sollte also dazu geh\u00f6ren. Dann wurde das Ganze um zwei Wochen verschoben. Immerhin konnten ab diesem Termin dann auch Haus\u00e4rzte impfen, soweit Impfstoff \u00fcberhaupt vorhanden war. Von offizieller Seite wurde darauf hingewiesen, dass  sich die Impfwilligen m\u00f6glichst nicht bei ihrem Hausarzt telefonisch melden sollten, um eine \u00dcberlastung zu vermeiden. Die \u00c4rzte w\u00fcrden sich schon melden \u2026 Ich Trottel habe also meinen Hausarzt nicht konsultiert, um dann bald h\u00f6ren zu m\u00fcssen, dass der bereits eine viele Seiten umf\u00e4ngliche Warteliste hatte.<\/p>\n<p>Meine Frau wurde bei ihrer Frauen\u00e4rztin geimpft (inzwischen auch schon zum 2. Mal). Diese bot ihr an, auch mich, ihren Ehegatten, zu impfen. Inzwischen etwas schlauer geworden, meldete ich mich dann auch online beim Impfzentrum bei uns in der N\u00e4he, in Buchholz an. Das Ist jetzt alles bereits \u00fcber f\u00fcnf Wochen her, denn der Landesregierung hier in Niedersachsen fiel ein, die Erstimpfungen erst einmal auf Eis zu legen und die Zweitimpfungen vorzuziehen. Ist ja auch okay so.<\/p>\n<p>Aber jetzt wurde die Priorisierung in &#8218;meinem&#8216; Bundesland aufgehoben. Die Haus\u00e4rzte werden sich freuen: Die Telefonleitungen d\u00fcrften &#8218;gl\u00fchen&#8216;. Und ich bin weiterhin in zwei Warteschlangen und warte und warte und warte.<\/p>\n<p>Inzwischen hat sich am 25. Mai auch das Impfzentrum in Buchholz erneut gemeldet \u2013 mit dem gleichen Wortlaut wie zuvor wurde mir mitgeteilt, dass ich auf der Warteliste st\u00e4nde und mich noch gedulden darf.<\/p>\n<p><img src=\"https:\/\/www.willizblog.de\/pics\/corona_warteliste_impfen.jpg\" alt=\"Warten aufs Impfen ...\" title=\"Warten aufs Impfen ...\" \/><br \/>\nWarten aufs Impfen &#8230;<\/p>\n<p>Zur Info: Meine Frau, der j\u00fcngste meiner zwei S\u00f6hne und die Freundin meines \u00e4ltesten Sohnes sind inzwischen zum 2. Mal geimpft. Der \u00e4ltere Sohn und die Freundin des j\u00fcngeren Sohnes sind immerhin schon zum 1. Mal geimpft. Ich bin also der letzte der Mohikaner!<\/p>\n<p>Mir ist es eigentlich egal. Und ich habe nichts dagegen, wenn J\u00fcngere als ich, geimpft werden. Ich denke vor allem an die Jugend, die Sch\u00fclerinnen und Sch\u00fcler \u2013 und auch an die Studentinnen und Studenten. Aber warum das ganze Gezetere um Priorit\u00e4ten, wenn sich doch keine Sau daran h\u00e4lt. Und auch ich m\u00f6chte gern in Urlaub \u2026 (Schnelltests hin und Schnelltests her \u2026)!<\/p>\n<p><img src=\"https:\/\/www.willizblog.de\/pics\/corona2021_willi_in_bleu.jpg\" alt=\"Ganz im Zeichen einer FPP2-Maske (Gr\u00fcn ist die Hoffnung!)\" title=\"Ganz im Zeichen einer FPP2-Maske (Gr\u00fcn ist die Hoffnung!)\" \/><br \/>\nGanz im Zeichen einer FPP2-Maske (Gr\u00fcn ist die Hoffnung!)<\/p>\n<p>Und wenn ich dann h\u00f6re und sehe, wie der Bundesgesundheitsminister unsere Steuergelder f\u00fcr unbrauchbare Masken verbr\u00e4t &#8211;  und das in Milliardenh\u00f6he, dann bekomme ich einen dicken Hals (nicht vom Coronavirus).<\/p>\n<p>Bleibt gesund! Auch mein Tag wird kommen \u2026 \ud83d\ude09<\/p>\n<p><strong>Nachtrag:<\/strong> Kein Witz: Am Montag (14.06.2021) bekam ich f\u00fcr den folgenden Dienstag (15.06.2021) einen ersten Impftermin bei der Frauen\u00e4rztin meiner Ehefrau. Heute bin ich also erstgeimpft. Und die 2. Impfung (\u00fcbrigens mit dem Impfstoff von Biontech) bekomme ich am 26.07.2021. Ich geh\u00f6re also ab 10.08.2021 (Weltl\u00f6wentag!) zu den Gl\u00fccklichen, die wieder ohne weitere Tests am &#8218;\u00d6ffentlichen Leben&#8216; teilnehmen d\u00fcrfen.<\/p>\n<p>Und wie es so kommt: Heute bekam ich \u00fcber das Impfportal des Nieders\u00e4chsischen Gesundheitsministeriums (obwohl mir gestern erneut per E-Mail mitgeteilt wurde, das ich zwar auf der Warteliste stehe, aber ein Termin noch nicht in Sicht ist \u2026) ebenfalls Termine f\u00fcr die Erst- (28.06.2021) und Zweitimpfung (20.09.2021) im Impfzentrum Buchholz\/Nordheide. Impfstoff: AstraZeneca. Etwas zu sp\u00e4t! Diese beiden Termine habe ich nat\u00fcrlich gleich storniert.<\/p>\n<p>Geht doch \u2026?!<\/p>\n","protected":false},"excerpt":{"rendered":"<p>Ja, wahrscheinlich bin ich zu dusselig, um mich impfen zu lassen. Seit dem 26. April sind auch \u00dcbersechzigj\u00e4hrige &#8218;priorisiert&#8216;. Ich mit meinen schlappen 67 Lenzen auf dem Buckel sollte also dazu geh\u00f6ren. Dann wurde das Ganze um zwei Wochen verschoben. Immerhin konnten ab diesem Termin dann auch Haus\u00e4rzte impfen, soweit Impfstoff \u00fcberhaupt vorhanden war. Von &hellip; <a href=\"https:\/\/willizblog.de\/?p=11386\" class=\"more-link\"><span class=\"screen-reader-text\">Der letzte Mohikaner<\/span> weiterlesen <span class=\"meta-nav\">&rarr;<\/span><\/a><\/p>\n","protected":false},"author":1,"featured_media":0,"comment_status":"open","ping_status":"open","sticky":false,"template":"","format":"standard","meta":[],"categories":[1,2],"tags":[496,470,495,497,498],"_links":{"self":[{"href":"https:\/\/willizblog.de\/index.php?rest_route=\/wp\/v2\/posts\/11386"}],"collection":[{"href":"https:\/\/willizblog.de\/index.php?rest_route=\/wp\/v2\/posts"}],"about":[{"href":"https:\/\/willizblog.de\/index.php?rest_route=\/wp\/v2\/types\/post"}],"author":[{"embeddable":true,"href":"https:\/\/willizblog.de\/index.php?rest_route=\/wp\/v2\/users\/1"}],"replies":[{"embeddable":true,"href":"https:\/\/willizblog.de\/index.php?rest_route=%2Fwp%2Fv2%2Fcomments&post=11386"}],"version-history":[{"count":0,"href":"https:\/\/willizblog.de\/index.php?rest_route=\/wp\/v2\/posts\/11386\/revisions"}],"wp:attachment":[{"href":"https:\/\/willizblog.de\/index.php?rest_route=%2Fwp%2Fv2%2Fmedia&parent=11386"}],"wp:term":[{"taxonomy":"category","embeddable":true,"href":"https:\/\/willizblog.de\/index.php?rest_route=%2Fwp%2Fv2%2Fcategories&post=11386"},{"taxonomy":"post_tag","embeddable":true,"href":"https:\/\/willizblog.de\/index.php?rest_route=%2Fwp%2Fv2%2Ftags&post=11386"}],"curies":[{"name":"wp","href":"https:\/\/api.w.org\/{rel}","templated":true}]}}