{"id":1139,"date":"2008-03-24T00:02:39","date_gmt":"2008-03-23T22:02:39","guid":{"rendered":"http:\/\/www.albinz.de\/blog\/?p=1139"},"modified":"2008-03-23T16:52:20","modified_gmt":"2008-03-23T14:52:20","slug":"kintopp-%e2%80%93-teil-9-fabelhafte-amelie","status":"publish","type":"post","link":"https:\/\/willizblog.de\/?p=1139","title":{"rendered":"Kintopp \u2013 Teil 9: Fabelhafte Amelie"},"content":{"rendered":"<p>Wenn Kritiken zu \u00fcberschw\u00e4nglich sind, neige ich zur Vorsicht. Im Falle des Films <a href=\"http:\/\/www.die-fabelhafte-welt-der-amelie.de\/\" target=\"_blank\">&#8222;Die fabelhafte Welt der Am\u00e9lie&#8220;<\/a> (Originaltitel: <em>Le fabuleux destin d&#8217;Am\u00e9lie Poulain<\/em>) war das sicherlich ein Fehler. Aber manche Fehler kann man wieder gut machen. Und so habe ich den Film \u2013 endlich \u2013 am Karfreitag im Fernsehen gesehen. Jean-Pierre Jeunet, der Regisseur dieses 2001 gedrehten franz\u00f6sischen Films (mit deutscher Unterst\u00fctzung), gilt als verh\u00e4ltnism\u00e4\u00dfig langsam arbeitender Regisseur, der sehr viel Zeit auf Details und originelle Gestaltung aufwendet. Aber gerade bei diesem Film hat es sich wirklich gelohnt. <a href=\"https:\/\/de.wikipedia.org\/wiki\/Die_fabelhafte_Welt_der_Am%C3%A9lie\" target=\"_blank\">&#8222;Die fabelhafte Welt der Am\u00e9lie&#8220;<\/a> ist voller Leichtigkeit und Poesie, voller Schmerz und Gl\u00fcck. Der Film dreht nie das gro\u00dfe, melodramatische Rad, sondern ergeht sich in einer Unmenge kleiner, liebenswerter Details. Beeindruckend, die Phantasie des Regisseurs und Autors. Es ist jetzt schon ein &#8222;Kultfilm&#8220;. Ein \u00fcberquellendes F\u00fcllhorn genialer Einf\u00e4lle, poetischer Momente, wundervoller Bilder und oft witziger, philosophischer Dialoge. Dass der Film so gut funktioniert, liegt aber auch an der ausgezeichneten Darstellerriege, allen voran Audrey Tautou. Sie \u00fcberzeugt in der Rolle der Am\u00e9lie und gibt der Gestalt Lebendigkeit. Einfach wundervoll, einfach fabelhaft.<\/p>\n<p><img src=\"https:\/\/www.willizblog.de\/blogpicts\/amelie_poulain.jpg\" alt=\"Am\u00e9lie Poulain\" \/><\/p>\n<p>Ja, ich habe einen neuen Lieblingsfilm. Einen Film, der das oftmalige Schauen lohnt. Viele Details sind mir beim ersten Mal noch verborgen geblieben. Ich freue mich jetzt schon auf diese vielen kleinen Sch\u00e4tze, die es noch zu entdecken gilt.<\/p>\n<p>Ich liebe diesen Film. Und wer ihn nicht mag, der ist selber Schuld. Er gilt mir mehr als Dutzende Filme aus Hollywood. Ein solcher Film konnte nur in Frankreich entstehen.<\/p>\n<table width=\"420\" border=\"0\" cellspacing=\"0\" cellpadding=\"0\" height=\"320\">\n<tr>\n<td align=\"center\" valign=\"bottom\" height=\"304\"> <embed src=\" http:\/\/www.die-fabelhafte-welt-der-amelie.de\/amelie\/deutsch\/clips\/Amelie_trailer_high.mov \" height=300 width=400 controller=\"TRUE\" loop=FALSE autoplay=false border=0 scale=\"tofit\" bgcolor=\"#000000\"><\/embed><\/td>\n<\/tr>\n<\/table>\n","protected":false},"excerpt":{"rendered":"<p>Wenn Kritiken zu \u00fcberschw\u00e4nglich sind, neige ich zur Vorsicht. Im Falle des Films &#8222;Die fabelhafte Welt der Am\u00e9lie&#8220; (Originaltitel: Le fabuleux destin d&#8217;Am\u00e9lie Poulain) war das sicherlich ein Fehler. Aber manche Fehler kann man wieder gut machen. Und so habe ich den Film \u2013 endlich \u2013 am Karfreitag im Fernsehen gesehen. Jean-Pierre Jeunet, der Regisseur &hellip; <a href=\"https:\/\/willizblog.de\/?p=1139\" class=\"more-link\"><span class=\"screen-reader-text\">Kintopp \u2013 Teil 9: Fabelhafte Amelie<\/span> weiterlesen <span class=\"meta-nav\">&rarr;<\/span><\/a><\/p>\n","protected":false},"author":1,"featured_media":0,"comment_status":"open","ping_status":"closed","sticky":false,"template":"","format":"standard","meta":[],"categories":[13],"tags":[],"_links":{"self":[{"href":"https:\/\/willizblog.de\/index.php?rest_route=\/wp\/v2\/posts\/1139"}],"collection":[{"href":"https:\/\/willizblog.de\/index.php?rest_route=\/wp\/v2\/posts"}],"about":[{"href":"https:\/\/willizblog.de\/index.php?rest_route=\/wp\/v2\/types\/post"}],"author":[{"embeddable":true,"href":"https:\/\/willizblog.de\/index.php?rest_route=\/wp\/v2\/users\/1"}],"replies":[{"embeddable":true,"href":"https:\/\/willizblog.de\/index.php?rest_route=%2Fwp%2Fv2%2Fcomments&post=1139"}],"version-history":[{"count":0,"href":"https:\/\/willizblog.de\/index.php?rest_route=\/wp\/v2\/posts\/1139\/revisions"}],"wp:attachment":[{"href":"https:\/\/willizblog.de\/index.php?rest_route=%2Fwp%2Fv2%2Fmedia&parent=1139"}],"wp:term":[{"taxonomy":"category","embeddable":true,"href":"https:\/\/willizblog.de\/index.php?rest_route=%2Fwp%2Fv2%2Fcategories&post=1139"},{"taxonomy":"post_tag","embeddable":true,"href":"https:\/\/willizblog.de\/index.php?rest_route=%2Fwp%2Fv2%2Ftags&post=1139"}],"curies":[{"name":"wp","href":"https:\/\/api.w.org\/{rel}","templated":true}]}}