{"id":11397,"date":"2021-06-24T13:06:37","date_gmt":"2021-06-24T13:06:37","guid":{"rendered":"https:\/\/willizblog.de\/?p=11397"},"modified":"2021-06-24T13:08:07","modified_gmt":"2021-06-24T13:08:07","slug":"zwischen-himmelszelt-und-hoellenfeld","status":"publish","type":"post","link":"https:\/\/willizblog.de\/?p=11397","title":{"rendered":"Zwischen Himmelszelt und H\u00f6llenfeld"},"content":{"rendered":"<p>Die Hauptrunde mit der Gruppenphase ist bei der Europameisterschaft 2020 der Fu\u00dfballherren abgeschlossen. Die ersten acht der 24 Mannschaften haben den Heimweg angetreten (u.a. T\u00fcrkei, Russland, Polen und Schottland). Die \u00fcblich Verd\u00e4chtigen (Italien, die Niederlande, Belgien, Frankreich, England, Spanien, Portugal und auch Deutschland) haben den Weg ins Achtelfinale geschafft. Besonders bei den Deutschen war es eine schwere Geburt (ein Tor weniger gegen Ungarn beim m\u00fcden 2:2 in M\u00fcnchen und auch Deutschland h\u00e4tte gleich im Lande bleiben d\u00fcrfen). Wirklich mit Ruhm hat sich bisher keine Mannschaft bekleckert. Gerade Italien (wow, die k\u00f6nnen nicht nur <a href=\"https:\/\/de.wikipedia.org\/wiki\/Catenaccio\" rel=\"noopener\" target=\"_blank\">Catenaccio<\/a>, nein, die k\u00f6nnen dank Trainer <a href=\"https:\/\/de.wikipedia.org\/wiki\/Roberto_Mancini\" rel=\"noopener\" target=\"_blank\">Roberto Mancini<\/a> auch richtig Angriffsfu\u00dfball), dann Belgien und ansatzweise die Niederlande haben gehalten, was sie versprachen. Entt\u00e4uschend f\u00fcr mich Frankreich (Ergebnisverwaltung reicht nicht), der noch amtierende Europameister Portugal (ein Ronaldo macht noch keinen Fu\u00dfballsommer) und Spanien (ideenloses Hin- und Hergeschiebe des Balles). Habe ich eine Mannschaft vergessen? Nat\u00fcrlich die deutsche \u2026 Die spielt so, wie es der Gegner zul\u00e4sst. Wenn es nicht l\u00e4uft, fehlt meist ein Plan B.<\/p>\n<p><img src=\"https:\/\/upload.wikimedia.org\/wikipedia\/commons\/thumb\/a\/ab\/UEFA_Euro_2020_logo.svg\/220px-UEFA_Euro_2020_logo.svg.png\" alt=\"UEFA Euro 2020\" title=\"UEFA Euro 2020\" \/><br \/>\nUEFA Euro 2020<\/p>\n<p><strong>Die Meisterschaft der vielen Eigentore<\/strong><\/p>\n<p>Bei keiner Meisterschaft habe ich so viele Eigentore gesehen wie bei dieser EM. Und wenn ich mich nicht t\u00e4usche, so leitete ein Eigentor auch immer eine Niederlage ein (nicht nur bei Hummels Schienbeintreffer ins eigene Tor gegen Frankreich).So gesehen beim Er\u00f6ffnungsspiel Italien \u2013 T\u00fcrkei. Die T\u00fcrken hielten lange dem gegnerischen Druck stand, bis das Eigentor fiel. Endstand: 3:0. Oder Deutschland \u2013 Portugal. Die F\u00fchrung der Portugiesen wurde gleich durch zwei Eigentore hinf\u00e4llig. Endstand 4:2 f\u00fcr Deutschland. Auch Finnland hielt lange ein 0:0 gegen Belgien \u2013 bis Torwart Luk\u00e1\u0161 Hr\u00e1deck\u00fd (gesprochen wie <a href=\"https:\/\/de.wikipedia.org\/wiki\/Radetzky-Marsch\" rel=\"noopener\" target=\"_blank\">der bekannte Marsch<\/a>) den Ball ins eigene Tor verfrachtete. Noch krasser das Torwart-Slapstick-Eigentor von Martin Dubravka im Dienste der Slowakei. Ollie (nicht Kahn, sondern Oliver Hardy, der von Dick und Doof) h\u00e4tte es nicht besser machen k\u00f6nnen. Es leitete die 0:5-Niederlage gegen Spanien ein (die endlich einige Ideen in ihr <a href=\"https:\/\/de.wikipedia.org\/wiki\/Tiki-Taka\" rel=\"noopener\" target=\"_blank\">Tiki-Takaspiel<\/a> brachten).<\/p>\n<p>Da gr\u00f6\u00dfte Eigentor schoss aber die <a href=\"https:\/\/de.wikipedia.org\/wiki\/UEFA\" rel=\"noopener\" target=\"_blank\">UEFA<\/a>, der europ\u00e4ische Fu\u00dfballverband, selbst. Das M\u00fcnchner Stadion sollte beim EM-Spiel Deutschland gegen Ungarn am Mittwoch <a href=\"https:\/\/de.wikipedia.org\/wiki\/Regenbogenfahne\" rel=\"noopener\" target=\"_blank\">in Regenbogen-Farben<\/a> beleuchtet werden. Die <a href=\"https:\/\/www.tagesschau.de\/sport\/uefa-zu-regenbogenfarben-101.html\" rel=\"noopener\" target=\"_blank\">UEFA lehnte einen Antrag des M\u00fcnchner Stadtrats ab<\/a>. Ein Kniefall vor Ungarns Viktor Urban. <a href=\"https:\/\/www.uefa.com\/insideuefa\/social-responsibility\/\" rel=\"noopener\" target=\"_blank\">Der Witz<\/a>: Der Verband h\u00fcllt sich pl\u00f6tzlich selbst in Regenbogenfarben.<\/p>\n<p><strong>Happy End f\u00fcr D\u00e4nemark<\/strong><\/p>\n<p>Wenn das Spiel der Deutschen gegen Ungarn auch nicht gerade ein Leckerbissen war, so war es doch spannend bis zum Schluss, weil sich auch Frankreich im letzten Gruppenspiel gegen Portugal schwer tat. Da f\u00fchrten die Portugiesen pl\u00f6tzlich, w\u00e4hrend die Deutschen zur\u00fccklagen (und damit ausgeschieden w\u00e4ren). Am Ende reichte es f\u00fcr Deutschland sogar noch zu einen 2. Platz. Und der 1. Platz w\u00e4re m\u00f6glich gewesen, wenn Leroy San\u00e9 in der Nachspielzeit den m\u00f6glichen Siegtreffer nicht fahrl\u00e4ssig vergeben h\u00e4tte.<\/p>\n<p>Nicht weniger spannend war aber das letzte Gruppenspiel der D\u00e4nen gegen Russland. Ein Spiel zwischen Himmel und H\u00f6lle (<em>Himmelhoch jauchzend, zu Tode betr\u00fcbt<\/em> \u2013 <a href=\"https:\/\/de.wikipedia.org\/wiki\/Egmont_(Goethe)#Zitat\" rel=\"noopener\" target=\"_blank\">Goethe<\/a>). Die D\u00e4nen brauchten die Sch\u00fctzenhilfe der Belgier gegen Finnland und selbst einen Sieg. Auch hier dauerte es bis zur Schlussphase der beiden Spiele, bis es die D\u00e4nen \u2013 zuvor sicherlich nicht erwartet &#8211; schafften: Trotz schm\u00e4hlicher drei Punkte stehen auch die D\u00e4nen im Achtelfinale. Und <a href=\"https:\/\/de.wikipedia.org\/wiki\/Christian_Eriksen\" rel=\"noopener\" target=\"_blank\">Christian Eriksen<\/a>, der im ersten Spiel der D\u00e4nen gegen Finnland einen Herzstillstand erlitt, wurde inzwischen erfolgreich operiert (er bekam einen <a href=\"https:\/\/de.wikipedia.org\/wiki\/Defibrillator\" rel=\"noopener\" target=\"_blank\">Defibrillator (kurz: Defi<\/a> &#8211; eine Art Herzschrittmacher) implantiert und <a href=\"https:\/\/www.kicker.de\/mir-geht-es-gut-eriksen-aus-dem-krankenhaus-entlassen-807729\/artikel\" rel=\"noopener\" target=\"_blank\">hat das Krankenhaus verlassen<\/a>. Doch bei Inter Mailand darf er nicht mehr spielen; Italiens Sportkardiologen erlauben das nicht; es sei zu heikel. Eriksen ist allerdings nicht der erste Hochleistungssportler, der mit einem Defi ausgestattet ist. Auch der niederl\u00e4ndische Nationalspieler <a href=\"https:\/\/de.wikipedia.org\/wiki\/Daley_Blind#Privates\" rel=\"noopener\" target=\"_blank\">Daley Blind<\/a> hat ein solches Ger\u00e4t. Ebenso die deutsche <a href=\"https:\/\/www.sportschau.de\/leichtathletik\/leichtathletik-stabhochsprung-katharina-bauer-100.html\" rel=\"noopener\" target=\"_blank\">Stabhochspringerin Katharina Bauer<\/a>.<\/p>\n<table class=\"thleft\">\n<caption><a href=\"https:\/\/www.sportschau.de\/fussball\/uefaeuro2020\/spielplan\/index.html\" rel=\"noopener\" target=\"_blank\"><strong>Das Achtelfinale<\/strong><\/a><\/caption>\n<thead>\n<tr class=\"headlines\">\n<th class=\"entry\"><strong>Tag<\/strong><\/th>\n<th class=\"entry\"><strong>Uhrzeit<\/strong><\/th>\n<th class=\"entry\"><strong>Spiel<\/strong><\/th>\n<th class=\"entry\"><strong>Spielort<\/strong><\/th>\n<th class=\"entry\">TV<\/th>\n<\/tr>\n<\/thead>\n<tbody>\n<tr class=\"data\">\n<td class=\"entry\">26.06.<\/td>\n<td class=\"entry\">18.00<\/td>\n<td class=\"entry\"><a href=\"https:\/\/www.sportschau.de\/fussball\/uefaeuro2020\/teams\/uebersicht-wales-euro-zwanzigzwanzig-100.html\" rel=\"neutral\" title=\"\u00dcbersicht Teams\">Wales<\/a><br \/>\n        &#8211; <a href=\"https:\/\/www.sportschau.de\/fussball\/uefaeuro2020\/teams\/uebersicht-daenemark-euro-zwanzigzwanzig-100.html\" rel=\"neutral\" title=\"\u00dcbersicht Teams\">D\u00e4nemark<\/a><\/td>\n<td class=\"entry\"><a href=\"https:\/\/www.sportschau.de\/fussball\/uefaeuro2020\/spielorte\/em-spielort-amsterdam-100.html\" rel=\"neutral\" title=\"EM-Spielorte: Johan-Cruyff-Arena in Amsterdam\">Amsterdam<\/a><\/td>\n<td class=\"entry\">ARD<\/td>\n<\/tr>\n<tr class=\"data\">\n<td class=\"entry\">26.06.<\/td>\n<td class=\"entry\">21.00<\/td>\n<td class=\"entry\"><a href=\"https:\/\/www.sportschau.de\/fussball\/uefaeuro2020\/teams\/uebersicht-italien-euro-zwanzigzwanzig-100.html\" rel=\"neutral\" title=\"\u00dcbersicht Teams\">Italien<\/a><br \/>\n        &#8211; <a href=\"https:\/\/www.sportschau.de\/fussball\/uefaeuro2020\/teams\/uebersicht-oesterreich-euro-zwanzigzwanzig-100.html\" rel=\"neutral\" title=\"\u00dcbersicht Teams\">\u00d6sterreich<\/a><\/td>\n<td class=\"entry\"><a href=\"https:\/\/www.sportschau.de\/fussball\/uefaeuro2020\/spielorte\/em-spielort-london-104.html\" rel=\"neutral\" title=\"EM-Spielorte: Wembley-Stadion in London\">London<\/a><\/td>\n<td class=\"entry\">ZDF<\/td>\n<\/tr>\n<tr class=\"data\">\n<td class=\"entry\">27.06.<\/td>\n<td class=\"entry\">18.00<\/td>\n<td class=\"entry\"><a href=\"https:\/\/www.sportschau.de\/fussball\/uefaeuro2020\/teams\/uebersicht-niederlande-euro-zwanzigzwanzig-100.html\" rel=\"neutral\" title=\"\u00dcbersicht Teams\">Niederlande<\/a><br \/>\n        &#8211; <a href=\"https:\/\/www.sportschau.de\/fussball\/uefaeuro2020\/teams\/uebersicht-tschechien-euro-zwanzigzwanzig-100.html\" rel=\"neutral\" title=\"\u00dcbersicht Teams\">Tschechien<\/a><\/td>\n<td class=\"entry\"><a href=\"https:\/\/www.sportschau.de\/fussball\/uefaeuro2020\/spielorte\/em-spielort-budapest-100.html\" rel=\"neutral\" title=\"EM-Spielorte: Ferenc-Puskas-Stadion in Budapest\">Budapest<\/a><\/td>\n<td class=\"entry\">ARD<\/td>\n<\/tr>\n<tr class=\"data\">\n<td class=\"entry\">27.06.<\/td>\n<td class=\"entry\">21.00<\/td>\n<td class=\"entry\"><a href=\"https:\/\/www.sportschau.de\/fussball\/uefaeuro2020\/teams\/uebersicht-belgien-euro-zwanzigzwanzig-100.html\" rel=\"neutral\" title=\"\u00dcbersicht Teams\">Belgien<\/a><br \/>\n        &#8211; <a href=\"https:\/\/www.sportschau.de\/fussball\/uefaeuro2020\/teams\/uebersicht-portugal-euro-zwanzigzwanzig-100.html\" rel=\"neutral\" title=\"\u00dcbersicht Teams\">Portugal<\/a><\/td>\n<td class=\"entry\"><a href=\"https:\/\/www.sportschau.de\/fussball\/uefaeuro2020\/spielorte\/em-spielort-sevilla-102.html\" rel=\"neutral\" title=\"EM-Spielorte: Estadio Olimpico in Sevilla\">Sevilla<\/a><\/td>\n<td class=\"entry\">ARD<\/td>\n<\/tr>\n<tr class=\"data\">\n<td class=\"entry\">28.06.<\/td>\n<td class=\"entry\">18.00<\/td>\n<td class=\"entry\"><a href=\"https:\/\/www.sportschau.de\/fussball\/uefaeuro2020\/teams\/uebersicht-kroatien-euro-zwanzigzwanzig-100.html\" rel=\"neutral\" title=\"\u00dcbersicht Teams\">Kroatien<\/a><br \/>\n        &#8211; <a href=\"https:\/\/www.sportschau.de\/fussball\/uefaeuro2020\/teams\/uebersicht-spanien-euro-zwanzigzwanzig-100.html\" rel=\"neutral\" title=\"\u00dcbersicht Teams\">Spanien<\/a><\/td>\n<td class=\"entry\"><a href=\"https:\/\/www.sportschau.de\/fussball\/uefaeuro2020\/spielorte\/em-spielort-kopenhagen-100.html\" rel=\"neutral\" title=\"EM-Spielorte: Telia Parken in Kopenhagen\">Kopenhagen<\/a><\/td>\n<td class=\"entry\">ZDF<\/td>\n<\/tr>\n<tr class=\"data\">\n<td class=\"entry\">28.06.<\/td>\n<td class=\"entry\">21.00<\/td>\n<td class=\"entry\"><a href=\"https:\/\/www.sportschau.de\/fussball\/uefaeuro2020\/teams\/uebersicht-frankreich-euro-zwanzigzwanzig-106.html\" rel=\"neutral\" title=\"\u00dcbersicht Teams\">Frankreich<\/a><br \/>\n        &#8211; <a href=\"https:\/\/www.sportschau.de\/fussball\/uefaeuro2020\/teams\/uebersicht-schweiz-euro-zwanzigzwanzig-100.html\" rel=\"neutral\" title=\"\u00dcbersicht Teams\">Schweiz<\/a><\/td>\n<td class=\"entry\"><a href=\"https:\/\/www.sportschau.de\/fussball\/uefaeuro2020\/spielorte\/em-spielort-bukarest-100.html\" rel=\"neutral\" title=\"EM-Spielorte: Arena Nationala in Bukarest\">Bukarest<\/a><\/td>\n<td class=\"entry\">ZDF<\/td>\n<\/tr>\n<tr class=\"data\">\n<td class=\"entry\">29.06.<\/td>\n<td class=\"entry\">18.00<\/td>\n<td class=\"entry\"><a href=\"https:\/\/www.sportschau.de\/fussball\/uefaeuro2020\/teams\/uebersicht-england-euro-zwanzigzwanzig-100.html\" rel=\"neutral\" title=\"\u00dcbersicht Teams\">England<\/a><br \/>\n        &#8211; <a href=\"https:\/\/www.sportschau.de\/fussball\/uefaeuro2020\/deutschesteam\/index.html\" rel=\"neutral\" title=\"\u00dcbersicht Teams\">Deutschland<\/a><\/td>\n<td class=\"entry\"><a href=\"https:\/\/www.sportschau.de\/fussball\/uefaeuro2020\/spielorte\/em-spielort-london-104.html\" rel=\"neutral\" title=\"EM-Spielorte: Wembley-Stadion in London\">London<\/a><\/td>\n<td class=\"entry\">ARD<\/td>\n<\/tr>\n<tr class=\"data\">\n<td class=\"entry\">29.06.<\/td>\n<td class=\"entry\">21.00<\/td>\n<td class=\"entry\"><a href=\"https:\/\/www.sportschau.de\/fussball\/uefaeuro2020\/teams\/uebersicht-schweden-euro-zwanzigzwanzig-100.html\" rel=\"neutral\" title=\"\u00dcbersicht Teams\">Schweden<\/a><br \/>\n        &#8211; <a href=\"https:\/\/www.sportschau.de\/fussball\/uefaeuro2020\/teams\/uebersicht-ukraine-euro-zwanzigzwanzig-100.html\" rel=\"neutral\" title=\"\u00dcbersicht Teams\">Ukraine<\/a><\/td>\n<td class=\"entry\"><a href=\"https:\/\/www.sportschau.de\/fussball\/uefaeuro2020\/spielorte\/em-spielort-glasgow-100.html\" rel=\"neutral\" title=\"EM-Spielorte: Hampden Park in Glasgow\">Glasgow<\/a><\/td>\n<td class=\"entry\">ARD<\/td>\n<\/tr>\n<\/tbody>\n<\/table>\n","protected":false},"excerpt":{"rendered":"<p>Die Hauptrunde mit der Gruppenphase ist bei der Europameisterschaft 2020 der Fu\u00dfballherren abgeschlossen. Die ersten acht der 24 Mannschaften haben den Heimweg angetreten (u.a. T\u00fcrkei, Russland, Polen und Schottland). Die \u00fcblich Verd\u00e4chtigen (Italien, die Niederlande, Belgien, Frankreich, England, Spanien, Portugal und auch Deutschland) haben den Weg ins Achtelfinale geschafft. Besonders bei den Deutschen war es &hellip; <a href=\"https:\/\/willizblog.de\/?p=11397\" class=\"more-link\"><span class=\"screen-reader-text\">Zwischen Himmelszelt und H\u00f6llenfeld<\/span> weiterlesen <span class=\"meta-nav\">&rarr;<\/span><\/a><\/p>\n","protected":false},"author":1,"featured_media":0,"comment_status":"open","ping_status":"open","sticky":false,"template":"","format":"standard","meta":[],"categories":[39],"tags":[],"_links":{"self":[{"href":"https:\/\/willizblog.de\/index.php?rest_route=\/wp\/v2\/posts\/11397"}],"collection":[{"href":"https:\/\/willizblog.de\/index.php?rest_route=\/wp\/v2\/posts"}],"about":[{"href":"https:\/\/willizblog.de\/index.php?rest_route=\/wp\/v2\/types\/post"}],"author":[{"embeddable":true,"href":"https:\/\/willizblog.de\/index.php?rest_route=\/wp\/v2\/users\/1"}],"replies":[{"embeddable":true,"href":"https:\/\/willizblog.de\/index.php?rest_route=%2Fwp%2Fv2%2Fcomments&post=11397"}],"version-history":[{"count":0,"href":"https:\/\/willizblog.de\/index.php?rest_route=\/wp\/v2\/posts\/11397\/revisions"}],"wp:attachment":[{"href":"https:\/\/willizblog.de\/index.php?rest_route=%2Fwp%2Fv2%2Fmedia&parent=11397"}],"wp:term":[{"taxonomy":"category","embeddable":true,"href":"https:\/\/willizblog.de\/index.php?rest_route=%2Fwp%2Fv2%2Fcategories&post=11397"},{"taxonomy":"post_tag","embeddable":true,"href":"https:\/\/willizblog.de\/index.php?rest_route=%2Fwp%2Fv2%2Ftags&post=11397"}],"curies":[{"name":"wp","href":"https:\/\/api.w.org\/{rel}","templated":true}]}}