{"id":11402,"date":"2021-07-02T11:30:42","date_gmt":"2021-07-02T11:30:42","guid":{"rendered":"https:\/\/willizblog.de\/?p=11402"},"modified":"2021-07-02T11:35:30","modified_gmt":"2021-07-02T11:35:30","slug":"das-spiel-ist-aus-sie-fahrn-nach-haus","status":"publish","type":"post","link":"https:\/\/willizblog.de\/?p=11402","title":{"rendered":"Das Spiel ist aus, sie fahrn nach Haus &#8230;"},"content":{"rendered":"<p>\u2026 rabimmel, rabammel, rabumm. Ja, es hat rabumm gemacht. Und raus sind sie, die Deutschen. Aber auch die Holl\u00e4nder, die Portugiesen, die Schweden und \u2026 &#8211; kaum zu glauben \u2013 auch die Franzosen.<\/p>\n<p>Sechs der acht Partien im Achtelfinale der Fu\u00dfball-Europameisterschaft der M\u00e4nner habe ich richtig getippt (nicht vom Ergebnis her, sondern: wer siegt): Nat\u00fcrlich habe ich den Sieg der Tschechen gegen die Niederlande und den der Schweiz gegen den noch amtierenden Weltmeister Frankreich falsch getippt. Mit den Siegen der Engl\u00e4nder und der Ukraine lag ich allerdings richtig.<\/p>\n<p><img src=\"https:\/\/upload.wikimedia.org\/wikipedia\/commons\/thumb\/a\/ab\/UEFA_Euro_2020_logo.svg\/220px-UEFA_Euro_2020_logo.svg.png\" alt=\"UEFA Euro 2020\" title=\"UEFA Euro 2020\" \/><br \/>\nUEFA Euro 2020<\/p>\n<p>Die so genannte Todesgruppe (neben Weltmeister Frankreich, den noch amtierenden Europameister Portugal auch noch Ungarn und das deutsche Team), also die angeblich schwerste Gruppe bei dieser EM, hat ihrem Namen alle Ehre gemacht. Alle Gruppenteilnehmer sind jetzt schon &#8218;des Todes&#8216;, also ausgeschieden. Dagegen sind unter den letzten acht Mannschaften mit den Tschechen, der Schweiz und der Ukraine noch drei jeweils Drittplatzierte aus der Hauptrunde (Gruppenphase) dabei. Da sage noch einer etwas gegen das Reglement (vor f\u00fcnf Jahren wurde bekanntlich Portugal Europameister, obwohl sie auch da bereits nur als einer der auf Platz drei Platzierten weiterkamen).<\/p>\n<p>Wie die Schweiz auch gegen Spanien spielen wird: Als Gewinner gegen den Weltmeister haben sie jetzt schon mehr erreicht als je zuvor bei einem Turnier. Haris Seferovi\u0107 ist der Held, der die Franzosen fast im Alleingang besiegte. Und bei Tschechien ist es Patrik Schick, St\u00fcrmer beim Bundesligisten Bayer Leverkusen, der seine Mannschaft bis ins Viertelfinale brachte. Da ist u.a. auch der junge Spanier Pedri, der ganze Abwehrreihen durchpfl\u00fcckt.<\/p>\n<p>Cristiano Ronaldo hat es zwar in vier Spielen auf f\u00fcnf Tore gebracht, aber am Ende wird keiner mehr ein Wort \u00fcber ihn verlieren, genauso wenig wie \u00fcber Kylian Mbapp\u00e9, der wohl die gr\u00f6\u00dfte Entt\u00e4uschung diese EM ist. Und damit w\u00e4ren wir bei den Deutschen. Gegen England sehe ich diesen winkenden, st\u00e4ndig redenden Thomas M\u00fcller, der sich besser auf sein eigenes Spiel h\u00e4tte konzentrieren sollen. Und bei der wohl gr\u00f6\u00dften Torchance den Treffer h\u00e4tte machen m\u00fcssen. Okay, Mats Hummels zeigte neben Schatten- (Eigentor gegen Frankreich) auch Sonnenseiten. Besonders der Angriff erwies sich als schwach: Timo Werner, Serge Gnabry und Leroy San\u00e9 spielten unter aller Sau. Und Joshua Kimmich konnte auch kaum an seine gewohnte Leistung ankn\u00fcpfen.<\/p>\n<p>Gegen England war Joachim L\u00f6ws letztes Spiel als Bundestrainer. Ist auch besser so \u2026 Sage nicht nur ich, sagen eigentlich alle, die sich in den Medien zu \u00e4u\u00dfern haben. Gespannt bin ich auf einen nun endlich beginnenden Neuanfang der deutschen Nationalmannschaft. Am 2. September geht es mit der Qualifikation zur unseligen WM 2022 weiter. Da spielt Deutschland nun wirklich in keiner &#8218;Todesgruppe&#8216; und steht trotzdem zz. nur auf Platz drei.<\/p>\n<p><a href=\"https:\/\/www.tagesschau.de\/faktenfinder\/lauterbach-em-corona-fans-101.html\" rel=\"noopener\" target=\"_blank\">Fu\u00dfball-EM in Corona-Zeiten:<\/a> Da ist eigentlich l\u00e4ngst alles gesagt und geschrieben. Hunderte infizierte Finnen, die mit Corona im Gep\u00e4ck aus St. Petersburg zur\u00fcckkamen und mindestens 1900 Schotten, die sich w\u00e4hrend der EM, vor allem aber beim Vorrundenspiel gegen England in Wembley, mit dem Virus infizierten. Und zu den Finalspielen sollen noch mehr Zuschauer kommen d\u00fcrfen: Ohne Maske und ohne n\u00f6tigen Abstand. Super! Die UEFA schiebt nun alles auf die lokalen Beh\u00f6rden. Diese sagen, dass die ganze Nummer Teil eines Forschungsprogrammes sei. Anstecken im Namen der Wissenschaft. Fu\u00dfball verbindet \ud83d\ude41<\/p>\n<p>Die <a href=\"https:\/\/www.sportschau.de\/fussball\/uefaeuro2020\/wappen-eklat-bei-kroatien-100.html\" rel=\"noopener\" target=\"_blank\">kroatische Nationalmannschaft<\/a> trug bei ihren Spielen w\u00e4hrend der EURO ein Miniatur-Wappen auf den Trikots, das der faschistischen <a href=\"https:\/\/de.wikipedia.org\/wiki\/Ustascha\" rel=\"noopener\" target=\"_blank\">Ustascha-Bewegung<\/a> zuzuordnen ist. Etwas ist anders beim Schachbrettmuster im Wappenlogo auf den kroatischen Trikots. Im Originalwappen beginnt es oben links mit der Farbe Rot. F\u00e4ngt das Schachbrett aber mit Wei\u00df an &#8211; wie nun bei der kroatischen Mannschaft aufgetaucht &#8211; handelt es sich um das Wappen der faschistischen Ustascha-Bewegung, die im Zweiten Weltkrieg mit Nazi-Deutschland kooperierte und in den Jugoslawien-Kriegen der 1990er Jahre wieder aufflammte. Gemerkt hat es angeblich niemand. Fragt doch mal einen Bayern, ob die Flagge Bayerns wei\u00df-blau oder blau-wei\u00df ist. Der wird es auf jeden Fall wissen.<\/p>\n<p>Heute geht es also mit den ersten zwei Spielen im Viertelfinale weiter. Hier meine unerheblichen Tipps:<\/p>\n<p><strong>Schweiz \u2013 Spanien<\/strong> \u2013 trotz alledem sollte <strong>Spanien<\/strong> gewinnen<br \/>\n<strong>Belgien \u2013 Italien<\/strong> \u2013 spielt de Bruyne, dann sollte es f\u00fcr <strong>Belgien<\/strong> reichen<br \/>\n<strong>Tschechien \u2013 D\u00e4nemark<\/strong> \u2013 <strong>D\u00e4nemarks<\/strong> &#8218;Wir-spielen-auch-f\u00fcr-Eriksen&#8216;-Tournee geht weiter<br \/>\n<strong>Ukraine \u2013 England<\/strong> \u2013 wie dumm f\u00fcr Deutschland: <strong>England<\/strong> sollte es packen<\/p>\n<p>\u00dcbrigens: Das Spiel ist aus, sie fahrn nach Haus. Wer kennt nicht das Kinderlied, das beim herbstlichen Laternenumzug gesungen wird: <a href=\"https:\/\/www.volksliedsammlung.de\/ich-geh-mit-meiner-laterne.html\" rel=\"noopener\" target=\"_blank\">Ich geh mit meiner Laterne<\/a> &#8211; und daraus den Vers <em>&#8218;Mein Licht ist aus, ich geh nach Haus&#8216;<\/em>. Ich mag diese Lieder mit <a href=\"https:\/\/de.wikipedia.org\/wiki\/Pentatonik#Kinderlieder\" rel=\"noopener\" target=\"_blank\">pentatonischer Tonleiter<\/a>, also einer Tonleiter, die nur aus f\u00fcnf T\u00f6nen besteht. Die Pentatonik ist gewisserma\u00dfen die Mutter unserer Musik. Das Laternenlied steht \u00fcbrigens <a href=\"http:\/\/www.gitarrengriffe-online.de\/gitarren_skalen_tonleiter.php?tonart=G&#038;symbol=Dur-Pentatonik&#038;vs=1\" rel=\"noopener\" target=\"_blank\">in G-Dur<\/a>:<\/p>\n<p><img src=\"https:\/\/www.willizblog.de\/pics\/das_spiel_ist_aus.gif\" alt=\"'Das Spiel ist aus ...' - G-Dur (Pentatonische Tonleiter)\" title=\"'Das Spiel ist aus ...' - G-Dur (Pentatonische Tonleiter)\" \/><br \/>\n&#8218;Das Spiel ist aus &#8230;&#8216; &#8211; G-Dur (Pentatonische Tonleiter)<\/p>\n<p><!-- START ADVERTISER: Rewe DE from awin.com --><\/p>\n<p><a href=\"https:\/\/www.awin1.com\/cread.php?s=2367558&#038;v=11652&#038;q=341193&#038;r=859005\"><br \/>\n    <img src=\"https:\/\/www.awin1.com\/cshow.php?s=2367558&#038;v=11652&#038;q=341193&#038;r=859005\" border=\"0\"><br \/>\n<\/a><\/p>\n<p><!-- END ADVERTISER: Rewe DE from awin.com --><\/p>\n","protected":false},"excerpt":{"rendered":"<p>\u2026 rabimmel, rabammel, rabumm. Ja, es hat rabumm gemacht. Und raus sind sie, die Deutschen. Aber auch die Holl\u00e4nder, die Portugiesen, die Schweden und \u2026 &#8211; kaum zu glauben \u2013 auch die Franzosen. Sechs der acht Partien im Achtelfinale der Fu\u00dfball-Europameisterschaft der M\u00e4nner habe ich richtig getippt (nicht vom Ergebnis her, sondern: wer siegt): Nat\u00fcrlich &hellip; <a href=\"https:\/\/willizblog.de\/?p=11402\" class=\"more-link\"><span class=\"screen-reader-text\">Das Spiel ist aus, sie fahrn nach Haus &#8230;<\/span> weiterlesen <span class=\"meta-nav\">&rarr;<\/span><\/a><\/p>\n","protected":false},"author":1,"featured_media":0,"comment_status":"open","ping_status":"open","sticky":false,"template":"","format":"standard","meta":[],"categories":[39],"tags":[],"_links":{"self":[{"href":"https:\/\/willizblog.de\/index.php?rest_route=\/wp\/v2\/posts\/11402"}],"collection":[{"href":"https:\/\/willizblog.de\/index.php?rest_route=\/wp\/v2\/posts"}],"about":[{"href":"https:\/\/willizblog.de\/index.php?rest_route=\/wp\/v2\/types\/post"}],"author":[{"embeddable":true,"href":"https:\/\/willizblog.de\/index.php?rest_route=\/wp\/v2\/users\/1"}],"replies":[{"embeddable":true,"href":"https:\/\/willizblog.de\/index.php?rest_route=%2Fwp%2Fv2%2Fcomments&post=11402"}],"version-history":[{"count":0,"href":"https:\/\/willizblog.de\/index.php?rest_route=\/wp\/v2\/posts\/11402\/revisions"}],"wp:attachment":[{"href":"https:\/\/willizblog.de\/index.php?rest_route=%2Fwp%2Fv2%2Fmedia&parent=11402"}],"wp:term":[{"taxonomy":"category","embeddable":true,"href":"https:\/\/willizblog.de\/index.php?rest_route=%2Fwp%2Fv2%2Fcategories&post=11402"},{"taxonomy":"post_tag","embeddable":true,"href":"https:\/\/willizblog.de\/index.php?rest_route=%2Fwp%2Fv2%2Ftags&post=11402"}],"curies":[{"name":"wp","href":"https:\/\/api.w.org\/{rel}","templated":true}]}}