{"id":11424,"date":"2021-08-16T11:01:04","date_gmt":"2021-08-16T11:01:04","guid":{"rendered":"https:\/\/willizblog.de\/?p=11424"},"modified":"2021-08-16T11:01:04","modified_gmt":"2021-08-16T11:01:04","slug":"sv-werder-bremen-endlich-2-liga","status":"publish","type":"post","link":"https:\/\/willizblog.de\/?p=11424","title":{"rendered":"SV Werder Bremen: Endlich 2. Liga ;-)"},"content":{"rendered":"<p>Inzwischen ist auch der letzte Werder-Fan davon \u00fcberzeugt, dass der Bremer Fu\u00dfballverein so schnell nicht wieder in die Bundesliga aufsteigen wird. Nach den ersten Pflichtspielen in der neuen Saison sind die gezeigten Leistungen der Mannschaft nur noch mit viel Ironie zu ertragen: <em>Endlich 2. Liga! Willkommen in der Zweitklassigkeit!<\/em><\/p>\n<p><img src=\"https:\/\/www.willizblog.de\/pics\/werder2021_22_endlich_zweite_liga.jpg\" alt=\"SV Werder Bremen: Endlich 2. Liga ;-)\"  title=\"SV Werder Bremen: Endlich 2. Liga ;-)\"\/><br \/>\nSV Werder Bremen: Endlich 2. Liga \ud83d\ude09<\/p>\n<p>Die neue Spielzeit beginnt dort, wo die letzte endete: Werder hangelt sich von Blamage zu Blamage. Scheidet gleich in der ersten Runde des DFB-Pokals in Osnabr\u00fcck aus. Und  Partien im eigenen Stadion gestalten sich weiterhin zu Pleitespielen \u2013 wie gestern gegen Paderborn, das 1:4 verloren ging.<\/p>\n<p><iframe loading=\"lazy\" width=\"560\" height=\"315\" src=\"https:\/\/www.youtube.com\/embed\/R8_zVLto4UE\" title=\"YouTube video player\" frameborder=\"0\" allow=\"accelerometer; autoplay; clipboard-write; encrypted-media; gyroscope; picture-in-picture\" allowfullscreen><\/iframe><br \/>\nSportschau &#8211; 2. Liga \u2013 3. Spieltag: SV Werder \u2013 SC Paderborn 1:4<\/p>\n<p>Nach dem Rauswurf des Cheftrainers kurz vor Ende von Werders vorerst letzten Bundesligasaison haben inzwischen auch andere Werdergetreue ihren Hut genommen: <em>Tim Borowski<\/em>, unter <em>Florian Kohfeldt<\/em> Co-Trainer. Borowski hat fast seine gesamt Karriere bei Werder verbracht. Als 16-j\u00e4hriger spielte er das erste Mal f\u00fcr Werder und holte mit dem Verein 2004 das Double. <em>Thomas Schaaf<\/em>, zuletzt technischer Direktor bei Werder, hat ebenfalls den Verein verlassen. Und auch <em>Marco Bode<\/em>, Werder-Aufsichtsratschef, schmei\u00dft \u00fcberraschend hin. Verbleibt in der F\u00fchrungsetage eigentlich nur noch <em>Frank Baumann<\/em>, Gesch\u00e4ftsf\u00fchrer\/Manager des Vereins, der von den Fans zunehmend in der Kritik steht, weil er bisher die angek\u00fcndigten Neuverpflichtungen nicht vorweisen kann.<\/p>\n<p>Nach dem Abstieg verlor Werder mit <em>Milot Rashica<\/em> und <em>Josh Sargent<\/em> (beide zu Norwich City) zwei wichtige St\u00fcrmer. Au\u00dferdem haben bisher <em>Ludwig Augustinsson<\/em> (zum FC Sevilla), <em>Johannes<\/em> Eggestein (Royal Antwerpen) und <em>Yuya Osako<\/em> (kehrt in seine japanische Heimat, zu Vissel Kobe, zur\u00fcck) den Verein verlassen. Ein ad\u00e4quater Ersatz ist schon aus rein finanziellen Gr\u00fcnden trotz der Transfererl\u00f6se nicht m\u00f6glich.<\/p>\n<p>Denken wir an den HSV, der jetzt bereits das vierte Jahr in der 2. Liga dahind\u00fcmpelt, muss diese Saison mit dreizehn (von 18) ehemaligen Bundesligisten als die st\u00e4rkste 2. Liga alles bisheriger Zeiten angesehen werden \u2013 da wird einem schon bange. Es w\u00e4re leichter gewesen, in der Bundesliga zu verbleiben, als jetzt aufzusteigen. Aber noch ist ja nicht aller Tage Abend, und wenn: <strong>Flutlicht an!<\/strong><\/p>\n","protected":false},"excerpt":{"rendered":"<p>Inzwischen ist auch der letzte Werder-Fan davon \u00fcberzeugt, dass der Bremer Fu\u00dfballverein so schnell nicht wieder in die Bundesliga aufsteigen wird. Nach den ersten Pflichtspielen in der neuen Saison sind die gezeigten Leistungen der Mannschaft nur noch mit viel Ironie zu ertragen: Endlich 2. Liga! Willkommen in der Zweitklassigkeit! SV Werder Bremen: Endlich 2. Liga &hellip; <a href=\"https:\/\/willizblog.de\/?p=11424\" class=\"more-link\"><span class=\"screen-reader-text\">SV Werder Bremen: Endlich 2. Liga \ud83d\ude09<\/span> weiterlesen <span class=\"meta-nav\">&rarr;<\/span><\/a><\/p>\n","protected":false},"author":1,"featured_media":0,"comment_status":"open","ping_status":"open","sticky":false,"template":"","format":"standard","meta":[],"categories":[27],"tags":[],"_links":{"self":[{"href":"https:\/\/willizblog.de\/index.php?rest_route=\/wp\/v2\/posts\/11424"}],"collection":[{"href":"https:\/\/willizblog.de\/index.php?rest_route=\/wp\/v2\/posts"}],"about":[{"href":"https:\/\/willizblog.de\/index.php?rest_route=\/wp\/v2\/types\/post"}],"author":[{"embeddable":true,"href":"https:\/\/willizblog.de\/index.php?rest_route=\/wp\/v2\/users\/1"}],"replies":[{"embeddable":true,"href":"https:\/\/willizblog.de\/index.php?rest_route=%2Fwp%2Fv2%2Fcomments&post=11424"}],"version-history":[{"count":0,"href":"https:\/\/willizblog.de\/index.php?rest_route=\/wp\/v2\/posts\/11424\/revisions"}],"wp:attachment":[{"href":"https:\/\/willizblog.de\/index.php?rest_route=%2Fwp%2Fv2%2Fmedia&parent=11424"}],"wp:term":[{"taxonomy":"category","embeddable":true,"href":"https:\/\/willizblog.de\/index.php?rest_route=%2Fwp%2Fv2%2Fcategories&post=11424"},{"taxonomy":"post_tag","embeddable":true,"href":"https:\/\/willizblog.de\/index.php?rest_route=%2Fwp%2Fv2%2Ftags&post=11424"}],"curies":[{"name":"wp","href":"https:\/\/api.w.org\/{rel}","templated":true}]}}