{"id":11427,"date":"2021-08-17T13:47:32","date_gmt":"2021-08-17T13:47:32","guid":{"rendered":"https:\/\/willizblog.de\/?p=11427"},"modified":"2021-08-17T20:08:24","modified_gmt":"2021-08-17T20:08:24","slug":"12-september-2021-kommunalwahlen-in-niedersachsen","status":"publish","type":"post","link":"https:\/\/willizblog.de\/?p=11427","title":{"rendered":"12. September 2021: Kommunalwahlen in Niedersachsen"},"content":{"rendered":"<p>Am 12. September finden zwei Wochen vor der <a href=\"https:\/\/www.tostedt.de\/portal\/seiten\/bundestagswahl-12000213-20240.html?rubrik=12000017\" rel=\"noopener\" target=\"_blank\">Bundestagswahl (26.09.2021)<\/a> die Kommunalwahlen in Niedersachsen statt. Neben der <em>Wahl zu den Kreistagen<\/em> sind das z.B. in meinem Wohnort Tostedt die <a href=\"https:\/\/www.tostedt.de\/portal\/seiten\/wahl-des-gemeinderates-tostedt-am-12-09-2021-912000185-20240.html\" rel=\"noopener\" target=\"_blank\">Gemeindewahl<\/a>, die <a href=\"https:\/\/www.tostedt.de\/portal\/seiten\/wahl-des-samtgemeinderates-tostedt-am-12-09-2021-12000210-20240.html\" rel=\"noopener\" target=\"_blank\">Wahl des Samtgemeinderates<\/a> und die <a href=\"https:\/\/www.tostedt.de\/portal\/seiten\/samtgemeindebuergermeisterwahl-2021-912000334-20240.html?rubrik=12000017\" rel=\"noopener\" target=\"_blank\">Wahl des Samtgemeindeb\u00fcrgermeisters f\u00fcr Tostedt<\/a>. Sollte keiner der Kandidaten bei dieser B\u00fcrgermeisterwahl die absolute Mehrheit erringen, so wird eine entsprechende Stichwahl wohl am 26.09. stattfinden.<\/p>\n<p>Bei den Wahlen zum Gemeinderat Tostedt und zum Samtgemeinderat Tostedt stellen sich neben den Parteien CDU, SPD, B\u00fcndnis 90\/Die Gr\u00fcnen, FDP und Die Linke u.a. ein bzw. zwei Einzelwahlvorschl\u00e4ge (Allwardt und Uhlig) sowie drei W\u00e4hlergemeinschaften\/W\u00e4hlergruppen (W\u00e4hlergemeinschaft Tostedt\/Wir in Tostedt\/Zusammen f\u00fcr Tostedt) zur Wahl.<\/p>\n<p>F\u00fcr die Wahl des Samtgemeindeb\u00fcrgermeisters kandidieren der Amtsinhaber Dr. Peter D\u00f6rsam (Einzelwahlvorschlag), Rolf Aldag (CDU), Charlotte Michel (FDP) und Jan Hinnerk Zirkel (Zusammen). Zur Kreiswahl f\u00fcr Harburg gibt es noch keine n\u00e4heren Angaben zu den Kandidaten und Kandidatinnen.<\/p>\n<p><strong>Macron als Vorbild?<\/strong><\/p>\n<p>Die Gr\u00fcndung von zwei W\u00e4hlergruppen in Tostedt scheint sich an der politischen Bewegung des Emmanuel Macron, dem franz\u00f6sischen Staatspr\u00e4sidenten, zu orientieren (En Marche ist inzwischen eine Partei) und ist sicherlich auch ein Ergebnis der Politikverdrossenheit vieler B\u00fcrger und B\u00fcrgerinnen. Neben der schon lange bestehenden W\u00e4hlergemeinschaft Tostedt sind das die Gruppen <a href=\"https:\/\/m.facebook.com\/Wir.in.Tostedt\/\" rel=\"noopener\" target=\"_blank\">Wir in Tostedt<\/a> und <a href=\"https:\/\/zusammentostedt.de\/\" rel=\"noopener\" target=\"_blank\">Zusammen f\u00fcr Tostedt<\/a>. \u201eWir in Tostedt\u201c ist aus einer Elterninitiative f\u00fcr den Erhalt der Dieckhofschule in Tostedt entstanden und setzt sich f\u00fcr lokale Themen ein (z.B. gegen \u201enoch mehr Betonburgen in Tostedt\u201c ;-))<\/p>\n<p><strong>Das Bostelmann-&#8218;Imperium&#8216; schl\u00e4gt zur\u00fcck<\/strong><\/p>\n<p>Am interessantesten ist sicherlich die W\u00e4hlergruppe \u201eZusammen f\u00fcr Tostedt\u201c, die ja auch einen Kandidaten f\u00fcr das Amt des Samtgemeindeb\u00fcrgermeisters stellt. Jan Hinnerk Zirkel ist ehemaliges CDU-Mitglied und Dirk Bostelmann, der ehemalige B\u00fcrgermeister f\u00fcr die Samtgemeinde, gilt als sein politischer Ziehvater. Zu Herrn Bostelmann habe ich mich <a href=\"https:\/\/willizblog.de\/?s=bostelmann\" rel=\"noopener\" target=\"_blank\">in diesem Blog<\/a> in der Vergangenheit leider schon \u00f6fter \u00e4u\u00dfern m\u00fcssen. Dirk Bostelmanns Tochter, Maximiliane Hemens, kandidiert f\u00fcr die W\u00e4hlergruppe \u00fcbrigens auf Platz 1 f\u00fcr Gemeinde- und Samtgemeinderat.<\/p>\n<p><img src=\"https:\/\/www.willizblog.de\/pics\/dirk_bostelmann_dexter_rinder.jpg\" alt=\"Dirk Bostelmann und die Rindviecher (Dexter-Rinder)\" title=\"Dirk Bostelmann und die Rindviecher (Dexter-Rinder)\" \/><br \/>\nDirk Bostelmann und die Rindviecher (Dexter-Rinder) \u2013 Quelle: <a href=\"https:\/\/dexter-tostedt.jimdofree.com\/betrieb-1\/\" rel=\"noopener\" target=\"_blank\">dexter-tostedt.jimdofree.com<\/a><\/p>\n<p>Tostedts Ex-B\u00fcrgermeister hatte sich schon fr\u00fch in den Wahlkampf eingemischt und schlug u.a. den Samtgemeinderat Stefan Walnsch als Kandidaten f\u00fcr das B\u00fcrgermeisteramt vor. Dieser zeigte allerdings kein Interesse. In einem Schreiben an den Ortsverband der CDU vom 6. April 2021 schl\u00e4gt er vor, keinen eigenen Kandidaten aufzustellen, sondern stattdessen mit Stefan Walnsch einen Fachmann aus der Verwaltung zu unterst\u00fctzen. Bostelmann begr\u00fcndet das wie folgt: \u201eDer jetzige Amtsinhaber (Dr. Peter D\u00f6rsam) ist seit \u00fcber 6 Jahren im Amt. In dieser Zeit hat man von der CDU wenig oder eher nichts an Kritik geh\u00f6rt oder gelesen. Dadurch h\u00e4tte der Fraktionsvorsitzende Rolf Aldag sich und seine Partei immer wieder ins Gespr\u00e4ch bringen k\u00f6nnen. Au\u00dfenstehende k\u00f6nnen doch jetzt nur der Auffassung sein, dass alle zufrieden sind.&#8220; Sind sie es denn nicht?<\/p>\n<p>Und Bostelmann geht noch weiter und behauptet in guter Trump-Manier, seinen Informationen zufolge w\u00fcrden sich &#8222;alle Verwaltungsmitarbeiter einen anderen B\u00fcrgermeister&#8220; w\u00fcnschen. &#8222;Aber sie denken dabei kaum an einen Kandidaten aus dem Samtgemeinderat&#8220;. (Quelle: <a href=\"https:\/\/www.kreiszeitung-wochenblatt.de\/tostedt\/c-politik\/tostedts-ex-buergermeister-mischt-sich-in-wahlkampf-ein_a198895\" rel=\"noopener\" target=\"_blank\">kreiszeitung-wochenblatt.de<\/a>) Das grenzt an <a href=\"https:\/\/de.wikipedia.org\/wiki\/%C3%9Cble_Nachrede_(Deutschland)\" rel=\"noopener\" target=\"_blank\">\u00fcble Nachrede<\/a> gegen\u00fcber Herrn D\u00f6rsam.<\/p>\n<p>Zur\u00fcck zur W\u00e4hlergruppe \u201eZusammen f\u00fcr Tostedt\u201c:  Herr Zirkel und Co. geben sich jung und dynamisch, er selbst sich als Macher (Gr\u00fcnder). Wenn ich das richtig sehe, so verf\u00fcgt lediglich Herr Zirkel \u00fcber gewisse Erfahrungen in der politischen Arbeit. Alle anderen sind zwar jung (was nat\u00fcrlich kein Nachteil ist), aber auch unerfahren. Sie haben allerdings einen \u00dcber- bzw. Ziehvater, der ihnen schon den Weg weisen wird: Dirk Bostelmann!<\/p>\n<p>Ich habe den Werbe-Flyer von Herr Zirkel vor mir liegen: Da macht er einigen Wind (Wir brauchen frischen Wind \u2026!), aber f\u00fcr mich ist das eher viel hei\u00dfe Luft. Er sollte z.B. wissen, das Schulpolitik (Stichwort: Digitalisierung im Klassenzimmer) Aufgabe des Landes und nicht der Kommune ist. Und wenn er von Transparenz spricht, so frage ich mich, warum erst auf der R\u00fcckseite seines Flyers ein Zusammenhang zur W\u00e4hlergruppe \u201eZusammen f\u00fcr Tostedt\u201c erkennbar wird (zumal diese als W\u00e4hlergruppe nicht deutlich ist).<\/p>\n<p>Ich w\u00fcrde Herrn Zirkel gern im Samtgemeinderat sehen. Dort k\u00f6nnte er zeigen, wie \u201eProjekte vern\u00fcnftig zu planen und zeitnah umzusetzen\u201c sind. Als B\u00fcrgermeister der Samtgemeinde: <strong>Nein, Danke!<\/strong><\/p>\n","protected":false},"excerpt":{"rendered":"<p>Am 12. September finden zwei Wochen vor der Bundestagswahl (26.09.2021) die Kommunalwahlen in Niedersachsen statt. Neben der Wahl zu den Kreistagen sind das z.B. in meinem Wohnort Tostedt die Gemeindewahl, die Wahl des Samtgemeinderates und die Wahl des Samtgemeindeb\u00fcrgermeisters f\u00fcr Tostedt. Sollte keiner der Kandidaten bei dieser B\u00fcrgermeisterwahl die absolute Mehrheit erringen, so wird eine &hellip; <a href=\"https:\/\/willizblog.de\/?p=11427\" class=\"more-link\"><span class=\"screen-reader-text\">12. September 2021: Kommunalwahlen in Niedersachsen<\/span> weiterlesen <span class=\"meta-nav\">&rarr;<\/span><\/a><\/p>\n","protected":false},"author":1,"featured_media":0,"comment_status":"open","ping_status":"open","sticky":false,"template":"","format":"standard","meta":[],"categories":[11,29],"tags":[],"_links":{"self":[{"href":"https:\/\/willizblog.de\/index.php?rest_route=\/wp\/v2\/posts\/11427"}],"collection":[{"href":"https:\/\/willizblog.de\/index.php?rest_route=\/wp\/v2\/posts"}],"about":[{"href":"https:\/\/willizblog.de\/index.php?rest_route=\/wp\/v2\/types\/post"}],"author":[{"embeddable":true,"href":"https:\/\/willizblog.de\/index.php?rest_route=\/wp\/v2\/users\/1"}],"replies":[{"embeddable":true,"href":"https:\/\/willizblog.de\/index.php?rest_route=%2Fwp%2Fv2%2Fcomments&post=11427"}],"version-history":[{"count":0,"href":"https:\/\/willizblog.de\/index.php?rest_route=\/wp\/v2\/posts\/11427\/revisions"}],"wp:attachment":[{"href":"https:\/\/willizblog.de\/index.php?rest_route=%2Fwp%2Fv2%2Fmedia&parent=11427"}],"wp:term":[{"taxonomy":"category","embeddable":true,"href":"https:\/\/willizblog.de\/index.php?rest_route=%2Fwp%2Fv2%2Fcategories&post=11427"},{"taxonomy":"post_tag","embeddable":true,"href":"https:\/\/willizblog.de\/index.php?rest_route=%2Fwp%2Fv2%2Ftags&post=11427"}],"curies":[{"name":"wp","href":"https:\/\/api.w.org\/{rel}","templated":true}]}}