{"id":11440,"date":"2021-09-04T12:45:30","date_gmt":"2021-09-04T12:45:30","guid":{"rendered":"https:\/\/willizblog.de\/?p=11440"},"modified":"2021-09-04T12:46:17","modified_gmt":"2021-09-04T12:46:17","slug":"ab-in-die-lueneburger-heide-2021-schafe-und-ziegen","status":"publish","type":"post","link":"https:\/\/willizblog.de\/?p=11440","title":{"rendered":"Ab in die L\u00fcneburger Heide 2021 \u2013 Schafe und Ziegen"},"content":{"rendered":"<p>Es ist wieder soweit: Die Heide bl\u00fcht! Wer gewisserma\u00dfen so nah im Gr\u00fcnen (in diesem Fall: im Violetten) lebt, der braucht in Zeiten des Coronavirus nicht unbedingt in die Weite schweifen. Es ist von uns ein Hasensprung (Schafsprung?) bis <a href=\"https:\/\/www.lueneburger-heide.de\/natur\/sehenswuerdigkeit\/331\/hoepen-heidegarten-schneverdingen.html\" rel=\"noopener\" target=\"_blank\">H\u00f6pen\/Schneverdingen zum Heidegarten<\/a>, der jetzt in voller Bl\u00fcte steht.<\/p>\n<p><img src=\"https:\/\/www.willizblog.de\/pics\/lueneburger_heide2021_03heidepark.jpg\" alt=\"Heidepark in H\u00f6pen\/Schneverdingen\" title=\"Heidepark in H\u00f6pen\/Schneverdingen\" \/><br \/>\nHeidepark in H\u00f6pen\/Schneverdingen<\/p>\n<p>Und in der N\u00e4he gibt es viele M\u00f6glichkeiten, sich zu st\u00e4rken. Diesmal waren wir im <a href=\"https:\/\/dekaffeestuuv.eatbu.com\/?lang=de\" rel=\"noopener\" target=\"_blank\">Cafe \u201eDe Kaffeestuuv\u201c<\/a>, das riesige Torten- und Kuchenst\u00fccke zu annehmbaren Preisen bietet. Scheint die Sonne wie bei uns, dann sitzt man im Freien und genie\u00dft die Zeit auch hier.<\/p>\n<p>Vor einem Jahr Ende August <a href=\"https:\/\/willizblog.de\/?p=11094\" rel=\"noopener\" target=\"_blank\">schrieb ich<\/a> in diesem Blog:<\/p>\n<p><em>Ja, <a href=\"https:\/\/naturpark-lueneburger-heide.de\/natur-und-kultur\/heide\/heidebluete\" rel=\"noopener\" target=\"_blank\">die Heide bl\u00fcht<\/a> \u2026 Aber wann bl\u00fcht die Heide nun eigentlich? Die Besenheide (Calluna Vulgaris) bl\u00fcht von August bis September. Dann wird die Landschaft in ein kr\u00e4ftiges Violett getaucht und entwickelt ihre ganz besondere Anziehungskraft. Eine Faustregel sagt, dass die Besenheide vom 08.08. bis zum 09.09. bl\u00fcht. Aber nat\u00fcrlich kann die Bl\u00fcte auch mal fr\u00fcher oder sp\u00e4ter einsetzen. Die weniger verbreitete Glockenheide bl\u00fcht bereits ab Juli. Die Intensit\u00e4t der Bl\u00fcte h\u00e4ngt von den Wetterbedingungen ab und kann von Jahr zu Jahr variieren.<\/em> <\/p>\n<p>Diesmal hatten wir das Gl\u00fcck, einer Herde von Heidschnucken und Ziegen zu begegnen:<\/p>\n<p><img src=\"https:\/\/www.willizblog.de\/pics\/lueneburger_heide2021_02herde.jpg\" alt=\"Heidschnuckenherde mit Ziegen\" title=\"Heidschnuckenherde mit Ziegen\" \/><br \/>\nHeidschnuckenherde mit Ziegen<\/p>\n<p>Der Sch\u00e4fer hielt sich im Schatten und ruhte entspannt auf seinem H\u00fctestock, w\u00e4hrend die Herde sich am frischen Gras g\u00fctlich tat.<\/p>\n<p><img src=\"https:\/\/www.willizblog.de\/pics\/lueneburger_heide2021_01schaefer.jpg\" alt=\"\u2026 auch ein 'guter Hirte' braucht ein P\u00e4uschen!\" title=\"\u2026 auch ein 'guter Hirte' braucht ein P\u00e4uschen!\" \/><br \/>\n\u2026 auch ein &#8218;guter Hirte&#8216; braucht ein P\u00e4uschen!<\/p>\n<p>Neben Heidepflanzen und Schafe bietet die L\u00fcneburger Heide nat\u00fcrlich auch noch etwas mehr f\u00fcr den Erholungssuchenden, z.B.:<br \/>\n<a href=\"https:\/\/willizblog.de\/?p=1592\" rel=\"noopener\" target=\"_blank\">Wildpark L\u00fcneburger Heide in Nindorf-Hanstedt<\/a><br \/>\n<a href=\"https:\/\/willizblog.de\/?p=6221\" rel=\"noopener\" target=\"_blank\">Sommerferien 2012 in der L\u00fcneburger Heide<\/a><br \/>\n<a href=\"https:\/\/willizblog.de\/?p=9438\" rel=\"noopener\" target=\"_blank\">Herbsturlaub 2015: B\u00fcsenbachtal\/L\u00fcneburger Heide<\/a><br \/>\n<a href=\"https:\/\/willizblog.de\/?p=10665\" rel=\"noopener\" target=\"_blank\">Heide-Himmel \u2013 Baumwipfelpfad Nindorf (L\u00fcneburger Heide)<\/a><\/p>\n<p>\u2026 und siehe auch: <a href=\"https:\/\/willizblog.de\/?p=7843\" rel=\"noopener\" target=\"_blank\">Theodor Storm: \u00dcber die Heide<\/a><\/p>\n","protected":false},"excerpt":{"rendered":"<p>Es ist wieder soweit: Die Heide bl\u00fcht! Wer gewisserma\u00dfen so nah im Gr\u00fcnen (in diesem Fall: im Violetten) lebt, der braucht in Zeiten des Coronavirus nicht unbedingt in die Weite schweifen. Es ist von uns ein Hasensprung (Schafsprung?) bis H\u00f6pen\/Schneverdingen zum Heidegarten, der jetzt in voller Bl\u00fcte steht. Heidepark in H\u00f6pen\/Schneverdingen Und in der N\u00e4he &hellip; <a href=\"https:\/\/willizblog.de\/?p=11440\" class=\"more-link\"><span class=\"screen-reader-text\">Ab in die L\u00fcneburger Heide 2021 \u2013 Schafe und Ziegen<\/span> weiterlesen <span class=\"meta-nav\">&rarr;<\/span><\/a><\/p>\n","protected":false},"author":1,"featured_media":0,"comment_status":"open","ping_status":"open","sticky":false,"template":"","format":"standard","meta":[],"categories":[1],"tags":[],"_links":{"self":[{"href":"https:\/\/willizblog.de\/index.php?rest_route=\/wp\/v2\/posts\/11440"}],"collection":[{"href":"https:\/\/willizblog.de\/index.php?rest_route=\/wp\/v2\/posts"}],"about":[{"href":"https:\/\/willizblog.de\/index.php?rest_route=\/wp\/v2\/types\/post"}],"author":[{"embeddable":true,"href":"https:\/\/willizblog.de\/index.php?rest_route=\/wp\/v2\/users\/1"}],"replies":[{"embeddable":true,"href":"https:\/\/willizblog.de\/index.php?rest_route=%2Fwp%2Fv2%2Fcomments&post=11440"}],"version-history":[{"count":0,"href":"https:\/\/willizblog.de\/index.php?rest_route=\/wp\/v2\/posts\/11440\/revisions"}],"wp:attachment":[{"href":"https:\/\/willizblog.de\/index.php?rest_route=%2Fwp%2Fv2%2Fmedia&parent=11440"}],"wp:term":[{"taxonomy":"category","embeddable":true,"href":"https:\/\/willizblog.de\/index.php?rest_route=%2Fwp%2Fv2%2Fcategories&post=11440"},{"taxonomy":"post_tag","embeddable":true,"href":"https:\/\/willizblog.de\/index.php?rest_route=%2Fwp%2Fv2%2Ftags&post=11440"}],"curies":[{"name":"wp","href":"https:\/\/api.w.org\/{rel}","templated":true}]}}