{"id":11443,"date":"2021-09-06T10:53:46","date_gmt":"2021-09-06T10:53:46","guid":{"rendered":"https:\/\/willizblog.de\/?p=11443"},"modified":"2021-09-10T10:29:34","modified_gmt":"2021-09-10T10:29:34","slug":"einweihung-der-zwei-neuen-radwege-in-tostedt-05-09-2021","status":"publish","type":"post","link":"https:\/\/willizblog.de\/?p=11443","title":{"rendered":"Einweihung der zwei neuen Radwege in Tostedt 05.09.2021"},"content":{"rendered":"<p>Gestern war es soweit: Die zwei neuen Radwege in Tostedt wurden durch den B\u00fcrgermeister der Samtgemeinde Tostedt, <a href=\"https:\/\/www.kreiszeitung-wochenblatt.de\/tag\/dr-peter-d%C3%B6rsam\" rel=\"noopener\" target=\"_blank\">Dr. Peter D\u00f6rsam<\/a>, dem B\u00fcrgermeister der Gemeinde Tostedt, <em>Gerhard Netzel<\/em>, sowie dem Vorsitzenden des Bau- und Wegeausschusses, <em>Olaf Hasler<\/em>, offiziell eingeweiht.<\/p>\n<p><img src=\"https:\/\/www.willizblog.de\/pics\/tostedt2021_neue_radwege.jpg\" alt=\"Einweihung der zwei neuen Radwege in Tostedt\" title=\"Einweihung der zwei neuen Radwege in Tostedt\" \/><br \/>\nEinweihung der zwei neuen Radwege in Tostedt<\/p>\n<p>Der eine Radweg verbindet die Breslauer Stra\u00dfe mit der Niedersachsenstra\u00dfe, also quasi die Ortsmitte mit Todtgl\u00fcsingen, der andere Radweg f\u00fchrt von der Tostedter Stra\u00dfe (gegen\u00fcber dem Dohrener Weg) zum Bahnhof. Die Wege haben eine Breite von drei Metern, bieten also ausreichend Platz f\u00fcr Radfahrer und Fu\u00dfg\u00e4nger.<\/p>\n<p><img src=\"https:\/\/www.willizblog.de\/pics\/tostedt2021_neue_radwege_skizze.jpg\" alt=\"Neue Radwege in Tostedt\" title=\"Neue Radwege in Tostedt\" \/><\/p>\n<ul>Neue Radwege in Tostedt:<br \/>\n1. Tostedter Stra\u00dfe\/Dohrener Weg &#8211; Im Stocken &#8211; Am Helferichheim (Bahnhof)<br \/>\n2. Breslauer Stra\u00dfe &#8211; Niedersachsenstra\u00dfe<\/ul>\n<p>Obwohl es ein kleiner Umweg ist, so fahre ich doch lieber diese neuen Wege, wenn ich in die Ortsmitte (z.B. zum Einkaufen auf den <a href=\"https:\/\/willizblog.de\/?p=10812\" rel=\"noopener\" target=\"_blank\">Wochenmarkt<\/a>) will. Die Wege f\u00fchren durch die gr\u00fcne Lunge des Ortes, an Obstplantagen und an mehreren Pferdekoppeln vorbei. Ab und zu l\u00e4sst sich sogar auch ein Reh sehen.<\/p>\n<p>Jetzt schon l\u00e4sst sich sagen, dass diese neuen Radwege auch wirklich genutzt werden. Am fr\u00fchen Morgen sind es vorallem Pendler, die zum Bahnhof m\u00fcssen. Und zu sp\u00e4terer Stunde sind es z.B. M\u00fctter, die mit dem Kinderwagen die Wege gebrauchen. Gr\u00fcner ist es sonst nirgends im Ort.<\/p>\n<p><iframe loading=\"lazy\" src=\"https:\/\/www.facebook.com\/plugins\/post.php?href=https%3A%2F%2Fwww.facebook.com%2Fwillizblog%2Fposts%2F4951626001521143&#038;show_text=true&#038;width=500\" width=\"500\" height=\"569\" style=\"border:none;overflow:hidden\" scrolling=\"no\" frameborder=\"0\" allowfullscreen=\"true\" allow=\"autoplay; clipboard-write; encrypted-media; picture-in-picture; web-share\"><\/iframe><\/p>\n","protected":false},"excerpt":{"rendered":"<p>Gestern war es soweit: Die zwei neuen Radwege in Tostedt wurden durch den B\u00fcrgermeister der Samtgemeinde Tostedt, Dr. Peter D\u00f6rsam, dem B\u00fcrgermeister der Gemeinde Tostedt, Gerhard Netzel, sowie dem Vorsitzenden des Bau- und Wegeausschusses, Olaf Hasler, offiziell eingeweiht. Einweihung der zwei neuen Radwege in Tostedt Der eine Radweg verbindet die Breslauer Stra\u00dfe mit der Niedersachsenstra\u00dfe, &hellip; <a href=\"https:\/\/willizblog.de\/?p=11443\" class=\"more-link\"><span class=\"screen-reader-text\">Einweihung der zwei neuen Radwege in Tostedt 05.09.2021<\/span> weiterlesen <span class=\"meta-nav\">&rarr;<\/span><\/a><\/p>\n","protected":false},"author":1,"featured_media":0,"comment_status":"open","ping_status":"open","sticky":false,"template":"","format":"standard","meta":[],"categories":[11],"tags":[511,510,446],"_links":{"self":[{"href":"https:\/\/willizblog.de\/index.php?rest_route=\/wp\/v2\/posts\/11443"}],"collection":[{"href":"https:\/\/willizblog.de\/index.php?rest_route=\/wp\/v2\/posts"}],"about":[{"href":"https:\/\/willizblog.de\/index.php?rest_route=\/wp\/v2\/types\/post"}],"author":[{"embeddable":true,"href":"https:\/\/willizblog.de\/index.php?rest_route=\/wp\/v2\/users\/1"}],"replies":[{"embeddable":true,"href":"https:\/\/willizblog.de\/index.php?rest_route=%2Fwp%2Fv2%2Fcomments&post=11443"}],"version-history":[{"count":0,"href":"https:\/\/willizblog.de\/index.php?rest_route=\/wp\/v2\/posts\/11443\/revisions"}],"wp:attachment":[{"href":"https:\/\/willizblog.de\/index.php?rest_route=%2Fwp%2Fv2%2Fmedia&parent=11443"}],"wp:term":[{"taxonomy":"category","embeddable":true,"href":"https:\/\/willizblog.de\/index.php?rest_route=%2Fwp%2Fv2%2Fcategories&post=11443"},{"taxonomy":"post_tag","embeddable":true,"href":"https:\/\/willizblog.de\/index.php?rest_route=%2Fwp%2Fv2%2Ftags&post=11443"}],"curies":[{"name":"wp","href":"https:\/\/api.w.org\/{rel}","templated":true}]}}