{"id":11448,"date":"2021-09-10T11:28:33","date_gmt":"2021-09-10T11:28:33","guid":{"rendered":"https:\/\/willizblog.de\/?p=11448"},"modified":"2021-09-10T11:28:33","modified_gmt":"2021-09-10T11:28:33","slug":"kommunalwahlen-in-tostedt-2021","status":"publish","type":"post","link":"https:\/\/willizblog.de\/?p=11448","title":{"rendered":"Kommunalwahlen in Tostedt 2021"},"content":{"rendered":"<p><a href=\"https:\/\/willizblog.de\/?p=11427\" rel=\"noopener\" target=\"_blank\">Wie bereits geschrieben<\/a>: Am Sonntag, den 12.09., finden in Niedersachsen Kommunalwahlen statt, somit auch in meinem Wohnort Tostedt. Gleich viermal d\u00fcrfen wir, die Wahlberechtigten, ihre Kreuzlein machen: Zum einen wird der neuen Kreistag gew\u00e4hlt (bei uns f\u00fcr den Kreis Harburg), zum anderen werden die Mitglieder des Gesamtgemeinderates und die jeweiligen Mitglieder der Gemeinder\u00e4te der insgesamt neun Gemeinden  innerhalb der Samtgemeinde Tostedt gew\u00e4hlt. Das I-T\u00fcpfelchen ist dann die Wahl des Samtgemeindeb\u00fcrgermeisters f\u00fcr Tostedt.<\/p>\n<p>B\u00fcrgermeister der Samtgemeinde Tostedt ist seit sieben Jahren Dr. Peter D\u00f6rsam, der sich wieder als unabh\u00e4ngiger Kandidat zur Wahl stellt. Sein Vorg\u00e4nger, Dirk Bostelmann, hat es bis heute nicht \u00fcberwunden, 2014 abgew\u00e4hlt worden zu sein. So schickt dieser jetzt seinen Ziehsohn, Herrn Zirkel, ins Rennen. Mit diesem u.a. auch seine Tochter f\u00fcr die Wahl des Samtgemeinde- und Gemeinderates.<\/p>\n<p>Ich habe etwas herum gehorcht und erfahren, dass viele B\u00fcrgerinnen und B\u00fcrger mit der Arbeit von Herrn D\u00f6rsam zufrieden sind. Er ist f\u00fcr Fragen und Anregungen zu sprechen und hat in vielen F\u00e4llen bei Problemen f\u00fcr Abhilfe gesorgt.<\/p>\n<p>Einer seiner Herausforderer, Herr Zirkel von der W\u00e4hlergruppe \u201eZusammen f\u00fcr Tostedt\u201c, fordert, weniger zu reden und zu debattieren, es daf\u00fcr mehr und schneller zu machen. Sehr konkret klingt das nicht. Wenn er dann in einem Flyer u.a. das Thema Digitalisierung hervorhebt, dann sollte er wissen, dass die notwendige Digitalisierung der Schulen Aufgabe des Landes ist. Und ihm muss es bekannt sein, dass in Tostedt gerade im gro\u00dfen Rahmen <a href=\"https:\/\/willizblog.de\/?p=11258\" rel=\"noopener\" target=\"_blank\">Glasfaser f\u00fcr ein schnelles Internet<\/a> verlegt wird. Auch der <a href=\"https:\/\/willizblog.de\/?p=11443\" rel=\"noopener\" target=\"_blank\">Ausbau der Radwege<\/a> ist l\u00e4ngst eingeleitet.<\/p>\n<p>Wenn Herr Zirkel alles schneller machen m\u00f6chte, dann sollte er wissen, dass nicht allein die Politik die Geschwindigkeit vorgibt, sondern dass es Vorschriften f\u00fcr die Verwaltung gibt, die unbedingt einzuhalten sind und ihre Zeit brauchen, um nicht durch Verfahrensfehler am Ende ein Projekt vollst\u00e4ndig zum Scheitern zu bringen. \u201eWeniger reden und debattieren?\u201c M\u00f6chte Herr Zirkel wie vor Jahren Herr Bostelmann von oben herab bestimmen, was zu tun und zu lassen ist?<\/p>\n<p>Ich bin gespannt \u2013 vor allem auch in Hinsicht auf die zwei Wochen sp\u00e4ter stattfindende Bundestagswahl \u2013 wie die Wahlen am Sonntag ausgeben werden. Sollte einer der Kandidaten zur Samtgemeindeb\u00fcrgermeisterwahl nicht die absolute Mehrheit erhalten, dann findet die Stichwahl zwei Wahlen sp\u00e4ter, also mit der Wahl zum deutschen Bundestag statt.<\/p>\n","protected":false},"excerpt":{"rendered":"<p>Wie bereits geschrieben: Am Sonntag, den 12.09., finden in Niedersachsen Kommunalwahlen statt, somit auch in meinem Wohnort Tostedt. Gleich viermal d\u00fcrfen wir, die Wahlberechtigten, ihre Kreuzlein machen: Zum einen wird der neuen Kreistag gew\u00e4hlt (bei uns f\u00fcr den Kreis Harburg), zum anderen werden die Mitglieder des Gesamtgemeinderates und die jeweiligen Mitglieder der Gemeinder\u00e4te der insgesamt &hellip; <a href=\"https:\/\/willizblog.de\/?p=11448\" class=\"more-link\"><span class=\"screen-reader-text\">Kommunalwahlen in Tostedt 2021<\/span> weiterlesen <span class=\"meta-nav\">&rarr;<\/span><\/a><\/p>\n","protected":false},"author":1,"featured_media":0,"comment_status":"open","ping_status":"open","sticky":false,"template":"","format":"standard","meta":[],"categories":[11],"tags":[],"_links":{"self":[{"href":"https:\/\/willizblog.de\/index.php?rest_route=\/wp\/v2\/posts\/11448"}],"collection":[{"href":"https:\/\/willizblog.de\/index.php?rest_route=\/wp\/v2\/posts"}],"about":[{"href":"https:\/\/willizblog.de\/index.php?rest_route=\/wp\/v2\/types\/post"}],"author":[{"embeddable":true,"href":"https:\/\/willizblog.de\/index.php?rest_route=\/wp\/v2\/users\/1"}],"replies":[{"embeddable":true,"href":"https:\/\/willizblog.de\/index.php?rest_route=%2Fwp%2Fv2%2Fcomments&post=11448"}],"version-history":[{"count":0,"href":"https:\/\/willizblog.de\/index.php?rest_route=\/wp\/v2\/posts\/11448\/revisions"}],"wp:attachment":[{"href":"https:\/\/willizblog.de\/index.php?rest_route=%2Fwp%2Fv2%2Fmedia&parent=11448"}],"wp:term":[{"taxonomy":"category","embeddable":true,"href":"https:\/\/willizblog.de\/index.php?rest_route=%2Fwp%2Fv2%2Fcategories&post=11448"},{"taxonomy":"post_tag","embeddable":true,"href":"https:\/\/willizblog.de\/index.php?rest_route=%2Fwp%2Fv2%2Ftags&post=11448"}],"curies":[{"name":"wp","href":"https:\/\/api.w.org\/{rel}","templated":true}]}}