{"id":11451,"date":"2021-09-13T10:28:06","date_gmt":"2021-09-13T10:28:06","guid":{"rendered":"https:\/\/willizblog.de\/?p=11451"},"modified":"2021-09-13T10:28:06","modified_gmt":"2021-09-13T10:28:06","slug":"ein-bunter-haufen-in-den-tostedter-raeten","status":"publish","type":"post","link":"https:\/\/willizblog.de\/?p=11451","title":{"rendered":"Ein bunter Haufen in den Tostedter R\u00e4ten"},"content":{"rendered":"<p>Wer gestern in meinem Wohnort w\u00e4hlen durfte, hat hoffentlich seine Benachrichtigung zur Kommunalwahl noch nicht weggeworfen: Mit der Bundestagswahl am 26. September gibt es eine Stichwahl bei der <a href=\"https:\/\/tostedt.wahlen-aktuell.de\/Wahl\/SGBwahl\/index.html\" rel=\"noopener\" target=\"_blank\">Wahl des Samtgemeindeb\u00fcrgermeisters in Tostedt<\/a>. Der Amtsinhaber, Dr. Peter D\u00f6rsam, kam zwar auf 44,6 % der abgegebenen Stimmen, muss sich aber Rolf Aldag von der CDU (25,0 %) erneut stellen. Jan Hinnerk Zirkel (W\u00e4hlergruppe Zusammen) ist mit 22,4 % ausgeschieden und darf nun im Samtgemeinderat zeigen, wie \u201eProjekte vern\u00fcnftig zu planen und zeitnah umzusetzen\u201c sind.<\/p>\n<p>Der <a href=\"https:\/\/tostedt.wahlen-aktuell.de\/Wahl\/Samtgemeindewahl\/index.html\" rel=\"noopener\" target=\"_blank\">Samtgemeinderat<\/a> mit 34 Sitzen pr\u00e4sentiert sich mit seinen 10 Parteien bzw. W\u00e4hlergruppen als ziemlich \u201ebunter Haufen\u201c, was sicherlich auch an dem &#8218;massiven&#8216; Auftreten der neuen W\u00e4hlergruppen lag. \u00dcberhaupt: Ich habe den Eindruck, dass die Parteien\/W\u00e4hlergruppen am besten abgeschnitten haben, die besonders durch Wahlplakate pr\u00e4sent in der \u00d6ffentlichkeit waren. Die SPD hatte nur f\u00fcr die noch kommende Bundestagswahl plakatiert und musste so entgegen dem Bundestrend (Scholz-Effekt) sogar empfindliche Verluste hinnehmen. Oft z\u00e4hlen nicht Programme, sondern Visagen.<\/p>\n<p><img src=\"https:\/\/www.willizblog.de\/pics\/niedersachsen2021_kommunalwahl.jpg\" alt=\"Kommunalwahl 2021 in Niedersachsen\" title=\"Kommunalwahl 2021 in Niedersachsen\" \/><br \/>\nKommunalwahl 2021 in Niedersachsen<\/p>\n<p>Insgesamt bleibt die CDU bei der <a href=\"https:\/\/www.ndr.de\/nachrichten\/niedersachsen\/kommunalwahl_niedersachsen_2021\/Kommunalwahlen-CDU-bleibt-staerkste-Kraft-in-Niedersachsen,kommunalwahl1210.html\" rel=\"noopener\" target=\"_blank\">Kommunalwahl in Niedersachsen<\/a> st\u00e4rkste Partei in Niedersachsen. Die Gr\u00fcnen konnten daf\u00fcr deutlich dazugewinnen. Als halbwegs erfreulich d\u00fcrfte das Abschneiden der AfD zu bewerten sein, die bei unter 5 % landete.<\/p>\n","protected":false},"excerpt":{"rendered":"<p>Wer gestern in meinem Wohnort w\u00e4hlen durfte, hat hoffentlich seine Benachrichtigung zur Kommunalwahl noch nicht weggeworfen: Mit der Bundestagswahl am 26. September gibt es eine Stichwahl bei der Wahl des Samtgemeindeb\u00fcrgermeisters in Tostedt. Der Amtsinhaber, Dr. Peter D\u00f6rsam, kam zwar auf 44,6 % der abgegebenen Stimmen, muss sich aber Rolf Aldag von der CDU (25,0 &hellip; <a href=\"https:\/\/willizblog.de\/?p=11451\" class=\"more-link\"><span class=\"screen-reader-text\">Ein bunter Haufen in den Tostedter R\u00e4ten<\/span> weiterlesen <span class=\"meta-nav\">&rarr;<\/span><\/a><\/p>\n","protected":false},"author":1,"featured_media":0,"comment_status":"open","ping_status":"open","sticky":false,"template":"","format":"standard","meta":[],"categories":[7,11,29],"tags":[515,511,512,513,514,516,446],"_links":{"self":[{"href":"https:\/\/willizblog.de\/index.php?rest_route=\/wp\/v2\/posts\/11451"}],"collection":[{"href":"https:\/\/willizblog.de\/index.php?rest_route=\/wp\/v2\/posts"}],"about":[{"href":"https:\/\/willizblog.de\/index.php?rest_route=\/wp\/v2\/types\/post"}],"author":[{"embeddable":true,"href":"https:\/\/willizblog.de\/index.php?rest_route=\/wp\/v2\/users\/1"}],"replies":[{"embeddable":true,"href":"https:\/\/willizblog.de\/index.php?rest_route=%2Fwp%2Fv2%2Fcomments&post=11451"}],"version-history":[{"count":0,"href":"https:\/\/willizblog.de\/index.php?rest_route=\/wp\/v2\/posts\/11451\/revisions"}],"wp:attachment":[{"href":"https:\/\/willizblog.de\/index.php?rest_route=%2Fwp%2Fv2%2Fmedia&parent=11451"}],"wp:term":[{"taxonomy":"category","embeddable":true,"href":"https:\/\/willizblog.de\/index.php?rest_route=%2Fwp%2Fv2%2Fcategories&post=11451"},{"taxonomy":"post_tag","embeddable":true,"href":"https:\/\/willizblog.de\/index.php?rest_route=%2Fwp%2Fv2%2Ftags&post=11451"}],"curies":[{"name":"wp","href":"https:\/\/api.w.org\/{rel}","templated":true}]}}