{"id":11453,"date":"2021-09-20T11:07:17","date_gmt":"2021-09-20T11:07:17","guid":{"rendered":"https:\/\/willizblog.de\/?p=11453"},"modified":"2021-09-20T11:11:44","modified_gmt":"2021-09-20T11:11:44","slug":"weltkindertag-2021","status":"publish","type":"post","link":"https:\/\/willizblog.de\/?p=11453","title":{"rendered":"Weltkindertag 2021"},"content":{"rendered":"<p>Heute ist <a href=\"https:\/\/www.weltkindertag.de\/\" rel=\"noopener\" target=\"_blank\">Weltkindertag<\/a> und Grund genug, uns einmal Gedanken zu machen, wie es gerade den Kindern (nat\u00fcrlich auch den Jugendlichen und Studenten) in Coronazeiten geht. Aus R\u00fccksicht besonders auf die \u00e4lteren Menschen (zu denen ich z\u00e4hle) haben Kinder besonders zu leiden. Unterrichtsausf\u00e4lle, geschlossene Kindertagesst\u00e4tten, untersagte soziale Kontakte. Und marode Schulen, die einen Schulunterricht in solchen Zeiten nicht zulassen. Was soll aus dieser Generation werden, wenn die prim\u00e4ren Bed\u00fcrfnisse der Kinder nicht befriedigt werden. Kinder sind unsere Zukunft, hei\u00dft es: Nein, sie sind unsere Gegenwart! Die Politik versagt einmal mehr auf ganzer Linie!<\/p>\n<p><img src=\" https:\/\/www.willizblog.de\/pics\/weltkindertag2021.jpg\" alt=\"Weltkindertag 2021\" t=\"Weltkindertag 2021\" \/><br \/>\nWeltkindertag 2021<\/p>\n<p>Erst letzte Woche wurden mehrere Schulklassen bei uns in Tostedt f\u00fcr zwei Wochen in Quarant\u00e4ne geschickt, weil Erwachsene sich nicht an Corona-Regeln halten und ungeimpft meinen, gro\u00dfe Hochzeitsfeiern abhalten zu m\u00fcssen. Danke, liebe Erwachsene! Ihr k\u00f6nnt richtige Arschl\u00f6cher sein!<\/p>\n","protected":false},"excerpt":{"rendered":"<p>Heute ist Weltkindertag und Grund genug, uns einmal Gedanken zu machen, wie es gerade den Kindern (nat\u00fcrlich auch den Jugendlichen und Studenten) in Coronazeiten geht. Aus R\u00fccksicht besonders auf die \u00e4lteren Menschen (zu denen ich z\u00e4hle) haben Kinder besonders zu leiden. Unterrichtsausf\u00e4lle, geschlossene Kindertagesst\u00e4tten, untersagte soziale Kontakte. Und marode Schulen, die einen Schulunterricht in solchen &hellip; <a href=\"https:\/\/willizblog.de\/?p=11453\" class=\"more-link\"><span class=\"screen-reader-text\">Weltkindertag 2021<\/span> weiterlesen <span class=\"meta-nav\">&rarr;<\/span><\/a><\/p>\n","protected":false},"author":1,"featured_media":0,"comment_status":"open","ping_status":"open","sticky":false,"template":"","format":"standard","meta":[],"categories":[11,2],"tags":[520,475,519,518,517],"_links":{"self":[{"href":"https:\/\/willizblog.de\/index.php?rest_route=\/wp\/v2\/posts\/11453"}],"collection":[{"href":"https:\/\/willizblog.de\/index.php?rest_route=\/wp\/v2\/posts"}],"about":[{"href":"https:\/\/willizblog.de\/index.php?rest_route=\/wp\/v2\/types\/post"}],"author":[{"embeddable":true,"href":"https:\/\/willizblog.de\/index.php?rest_route=\/wp\/v2\/users\/1"}],"replies":[{"embeddable":true,"href":"https:\/\/willizblog.de\/index.php?rest_route=%2Fwp%2Fv2%2Fcomments&post=11453"}],"version-history":[{"count":0,"href":"https:\/\/willizblog.de\/index.php?rest_route=\/wp\/v2\/posts\/11453\/revisions"}],"wp:attachment":[{"href":"https:\/\/willizblog.de\/index.php?rest_route=%2Fwp%2Fv2%2Fmedia&parent=11453"}],"wp:term":[{"taxonomy":"category","embeddable":true,"href":"https:\/\/willizblog.de\/index.php?rest_route=%2Fwp%2Fv2%2Fcategories&post=11453"},{"taxonomy":"post_tag","embeddable":true,"href":"https:\/\/willizblog.de\/index.php?rest_route=%2Fwp%2Fv2%2Ftags&post=11453"}],"curies":[{"name":"wp","href":"https:\/\/api.w.org\/{rel}","templated":true}]}}