{"id":11457,"date":"2021-09-21T11:16:56","date_gmt":"2021-09-21T11:16:56","guid":{"rendered":"https:\/\/willizblog.de\/?p=11457"},"modified":"2021-09-21T11:20:55","modified_gmt":"2021-09-21T11:20:55","slug":"erziehung-zum-arschloch","status":"publish","type":"post","link":"https:\/\/willizblog.de\/?p=11457","title":{"rendered":"Erziehung zum Arschloch"},"content":{"rendered":"<ul><em>Unser Junge soll mal ein richtiges Arschloch werden, damit er es im Leben zu etwas bringt.<\/em><br \/>\n<a href=\"https:\/\/de.wikipedia.org\/wiki\/Til_Mette\" rel=\"noopener\" target=\"_blank\">Til Mette<\/a><\/ul>\n<p>Fr\u00fch \u00fcbt sich, was ein gro\u00dfes Arschloch werden will. Die richtige Erziehung zur rechten Zeit \u2013 und schon l\u00e4sst das Kind den gro\u00dfen Macker heraush\u00e4ngen. Allem Anschein nach nimmt die Anzahl der Aftertypen stetig zu. Ich f\u00fcrchte nur, dass es viele Anusit\u00e4re nicht immer zu besonders viel bringen. Til Mette hat seinen Spruch ja auch ironisch gemeint.<\/p>\n<p>Gut, einige Arschl\u00f6cher haben es zu etwas gebracht. Bei denen hat die Erziehung zum Arschloch gefruchtet. Da gibt es diesen veganen Verschw\u00f6rungsprediger, der, wie sollte es anders sein, zuallererst an sein Portemonnaie denkt und viel Geld schaufeln konnte. Allerdings ist sein Energydrink inzwischen vor die Hunde gegangen.<\/p>\n<p>Am Rande: Warum ist Attila, der Hunnensohn, eigentlich vegan? Ein Schwein hat sein Gehirn gefressen. Scherz beiseite: Durch eine Anonymous-Gruppe wurden mehrere Kan\u00e4le und Websites von diesem hirnrissigen Proktos gekapert (Quelle: <a href=\"https:\/\/www.berliner-zeitung.de\/news\/zusammenarbeit-mit-attila-hildmann-kostete-voelkel-700000-euro-li.183706\" rel=\"noopener\" target=\"_blank\">berliner-zeitung.de<\/a>). Aber ein Arschloch kann nicht die Schnauze halten.<\/p>\n<p>Fallbeispiel 2: Der Markt regelt alles. Das ist die zentrale Aussage eines weiteren Arschlochs. Immerhin leugnet dieser nicht den fortschreitenden Klimawandel, meint aber, dass auch hier der Markt durch Technologien Abhilfe schaffen k\u00f6nnte. Allerdings Technologien, die es noch gar nicht gibt. Auch der Wohnungsmarkt reguliert sich selbst: Wohnungen werden zwar geschaffen, aber die Mieten steigen unaufhaltsam und werden f\u00fcr viele bald unbezahlbar. Bis die Immobilienblase platzt.<\/p>\n<p>Mich graut es schon davor, seine Partei (die FDP) und damit ihn mit in der Regierungsverantwortung zu sehen. Aber bisher hat er sich davor gedr\u00fcckt. \u00dcberhaupt: Wie kann ein normaler Arbeitnehmer ein W\u00e4hler dieser Partei sein, denn er entspricht nicht gerade dem Idealbild dieser Partei mit ihrer neoliberalen Wirtschaftspolitik.<\/p>\n<p>Aber es kommt in diesen Zeiten des Coronavirus noch viel schlimmer: <em>Fanatische Impfgegner und Corona-Leugner radikalisieren sich offenkundig weiter und setzen zunehmend auf militante Rhetorik. Ein suspendierter Bundespolizist sprach im &#8222;Corona-Ausschuss&#8220; bei den Corona-Ma\u00dfnahmen von einem &#8222;Staatsstreich&#8220;. Es liege ein gewaltt\u00e4tiger Umsturz durch die Regierung vor. Die Polizei werde f\u00fcr diesen Staatsstreich missbraucht.<\/em><\/p>\n<p><em>Der sogenannte Ausschuss ist ein selbst ernanntes Gremium, das in mehrst\u00fcndigen Sitzungen teilweise krude Thesen \u00fcber die Pandemie verbreitet. Die Videos der &#8222;Sitzungen&#8220; werden im Netz verbreitet. Der &#8222;Ausschuss&#8220; bewirbt unter anderem Videos des Verschw\u00f6rungsideologen Rainer Fuellmich, der im Fr\u00fchjahr beispielsweise behauptete, 25 Prozent der Geimpften w\u00fcrden umgehend sterben. Weitere 36 Prozent h\u00e4tten wohl so schwere Nebenwirkungen, dass man nicht wisse, ob sie es schaffen w\u00fcrden. Von einer &#8222;organisierten Massent\u00f6tung&#8220; war die Rede. Demnach m\u00fcsste es bei einer Impfquote von mehr als 60 Prozent bereits Millionen Impftote in Deutschland geben.<\/em> Hier handelt es sich schon nicht mehr um Arschl\u00f6cher, sondern um hirnverbrannte Idioten (Quelle: <a href=\"https:\/\/www.tagesschau.de\/investigativ\/impfgegner-corona-101.html\" rel=\"noopener\" target=\"_blank\">tagesschau.de<\/a>)<\/p>\n<p>In Idar-Oberstein, wo ich mit meiner Frau <a href=\"https:\/\/willizblog.de\/?s=idar-oberstein\" rel=\"noopener\" target=\"_blank\">vor zwei Jahren Urlaub<\/a> machte, wurde nun ein 20-j\u00e4hriger Tankstellen-Kassierer <a href=\"https:\/\/www.swr.de\/swraktuell\/rheinland-pfalz\/trier\/toetungsdelikt-trier-tankstelle-motiv-streit-um-maske-100.html\" rel=\"noopener\" target=\"_blank\">nach einem Streit \u00fcber die Maskenpflicht erschossen<\/a>. <em>Der Kassierer hatte den Mann auf die Einhaltung der Maskenpflicht hingewiesen. Als Motiv gab der deutsche T\u00e4ter an, dass ihn die Situation der Corona-Pandemie stark belaste. Er habe sich in die Ecke gedr\u00e4ngt gef\u00fchlt und &#8222;keinen anderen Ausweg gesehen&#8220; als ein Zeichen zu setzen. Das Opfer schien ihm dabei &#8222;verantwortlich f\u00fcr die Gesamtsituation, da es die Regeln durchgesetzt habe&#8220;. Wie vernagelt muss ein solcher Typ sein.<\/em><\/p>\n<p><img src=\"https:\/\/www.willizblog.de\/pics\/idar_oberstein2021_mord_tankstelle_corona.jpg\" alt=\"Idar-Oberstein 2021: Tatort des Mordes an einem Tankstellenkassierer\" title=\"Idar-Oberstein 2021: Tatort des Mordes an einem Tankstellenkassierer\" \/><br \/>\nIdar-Oberstein 2021: Tatort des Mordes an einem Tankstellenkassierer<\/p>\n<p>W\u00e4hrend unseres Urlaubs in Idar-Oberstein haben meine Frau und ich an der Tankstelle \u00f6fter eingekauft, kennen also den Tatort. Kein Wunder also, wenn da in mir jetzt ein mulmiges Gef\u00fchl aufsteigt.<\/p>\n","protected":false},"excerpt":{"rendered":"<p>Unser Junge soll mal ein richtiges Arschloch werden, damit er es im Leben zu etwas bringt. Til Mette Fr\u00fch \u00fcbt sich, was ein gro\u00dfes Arschloch werden will. Die richtige Erziehung zur rechten Zeit \u2013 und schon l\u00e4sst das Kind den gro\u00dfen Macker heraush\u00e4ngen. Allem Anschein nach nimmt die Anzahl der Aftertypen stetig zu. Ich f\u00fcrchte &hellip; <a href=\"https:\/\/willizblog.de\/?p=11457\" class=\"more-link\"><span class=\"screen-reader-text\">Erziehung zum Arschloch<\/span> weiterlesen <span class=\"meta-nav\">&rarr;<\/span><\/a><\/p>\n","protected":false},"author":1,"featured_media":0,"comment_status":"open","ping_status":"open","sticky":false,"template":"","format":"standard","meta":[],"categories":[2],"tags":[],"_links":{"self":[{"href":"https:\/\/willizblog.de\/index.php?rest_route=\/wp\/v2\/posts\/11457"}],"collection":[{"href":"https:\/\/willizblog.de\/index.php?rest_route=\/wp\/v2\/posts"}],"about":[{"href":"https:\/\/willizblog.de\/index.php?rest_route=\/wp\/v2\/types\/post"}],"author":[{"embeddable":true,"href":"https:\/\/willizblog.de\/index.php?rest_route=\/wp\/v2\/users\/1"}],"replies":[{"embeddable":true,"href":"https:\/\/willizblog.de\/index.php?rest_route=%2Fwp%2Fv2%2Fcomments&post=11457"}],"version-history":[{"count":0,"href":"https:\/\/willizblog.de\/index.php?rest_route=\/wp\/v2\/posts\/11457\/revisions"}],"wp:attachment":[{"href":"https:\/\/willizblog.de\/index.php?rest_route=%2Fwp%2Fv2%2Fmedia&parent=11457"}],"wp:term":[{"taxonomy":"category","embeddable":true,"href":"https:\/\/willizblog.de\/index.php?rest_route=%2Fwp%2Fv2%2Fcategories&post=11457"},{"taxonomy":"post_tag","embeddable":true,"href":"https:\/\/willizblog.de\/index.php?rest_route=%2Fwp%2Fv2%2Ftags&post=11457"}],"curies":[{"name":"wp","href":"https:\/\/api.w.org\/{rel}","templated":true}]}}