{"id":11461,"date":"2021-09-22T11:25:13","date_gmt":"2021-09-22T11:25:13","guid":{"rendered":"https:\/\/willizblog.de\/?p=11461"},"modified":"2021-09-22T11:26:53","modified_gmt":"2021-09-22T11:26:53","slug":"doersam-vs-aldag-stichwahl-um-das-buergermeisteramt-in-der-samtgemeinde-tostedt","status":"publish","type":"post","link":"https:\/\/willizblog.de\/?p=11461","title":{"rendered":"D\u00f6rsam vs. Aldag \u2013 Stichwahl um das B\u00fcrgermeisteramt in der Samtgemeinde Tostedt"},"content":{"rendered":"<p>Neben der Bundestagswahl entscheidet sich am Sonntag (26.09.2021) in einer Stichwahl zwischen <a href=\"https:\/\/www.peter-d\u00f6rsam.de\/\" rel=\"noopener\" target=\"_blank\"><strong>Dr. Peter D\u00f6rsam<\/strong><\/a> als unabh\u00e4ngiger Kandidat und Amtsinhaber sowie <a href=\"https:\/\/www.besser-aldag.de\/\" rel=\"noopener\" target=\"_blank\"><strong>Rolf Aldag (CDU)<\/strong><\/a>, wer in der Samtgemeinde Tostedt f\u00fcr die kommenden Jahre B\u00fcrgermeister sein wird. Wer seine auch f\u00fcr die Stichwahl g\u00fcltige Wahlbenachrichtigung bereits entsorgt hat, kann sich auch mit dem Personalausweis verifizieren.<\/p>\n<p>Rolf Aldag wirbt mit dem Slogan: Neue Energie! Und begr\u00fcndet das wie folgt: \u201eNeue Energie bedeutet auch, dass wir die Klimakrise und Co2-Reduzierung durch neue Formen der Energiegewinnung und Mobilit\u00e4t l\u00f6sen.\u201c Weiter: \u201eMit Klimakrise, Energiewandel und Digitalisierung besch\u00e4ftige ich mich als Mitglied in der EWE Verbandsversammlung und als Sprecher des EWE-Netzbeirates.\u201c<\/p>\n<p>Der Slogan klingt f\u00fcr mich wie ein Werbespruch f\u00fcr ein Energieunternehmen. Ich finde ihn irritierend und daher eher unpassend f\u00fcr einen Kandidaten. Aber jedem das Seine. Dass ein B\u00fcrgermeister wenig direkten Einfluss auf die Klimakrise, damit auf den Energiewandel und die Digitalisierung hat, sollte Herrn Aldag bekannt sein. Da mag er innerhalb des Energieunternehmens EWE sicher mehr erreichen. Von daher findet ich es irref\u00fchrend, diesen sicherlich im Wahlkampf um den Bundestag angebrachteren Themenkreis auf kommunale Politik anzuwenden. Aber es klingt nun einmal so sch\u00f6n, wenn sich ein Politiker die aktuellen Fragen auf die Fahne schreibt. Als CDU-Politiker wei\u00df er, das seine Partei in Umweltfragen weit hinter einer gr\u00fcner Politik hinterherhinkt, auch wenn der CDU-Kanzlerkandidat Armin Laschet sich diesen Themen \u2013 zumindest verbal im Wahlkampf \u2013 anzunehmen scheint. Dass Herr Aldag Finanzierungsberater ist, lasse ich lieber unkommentiert.<\/p>\n<p>Seit dem 1. November 2014 ist Herr Dr. Peter D\u00f6rsam im Amt und hat nicht nur nach meiner Meinung einen guten Job gemacht. Wie bei der Wahl vor sieben Jahren so werde ich auch diesmal <a href=\"https:\/\/willizblog.de\/?s=d%C3%B6rsam\" rel=\"noopener\" target=\"_blank\">Herrn D\u00f6rsam<\/a> w\u00e4hlen. In vielen Fragen und bei Problemen konnten sich B\u00fcrger direkt an ihn wenden und wurden nicht mit Phrasen, sondern mit konkreter Hilfe bedient. Vielen Dank daf\u00fcr!<\/p>\n<ul><img src=\"https:\/\/www.willizblog.de\/images\/peter_doersam_tostedt.jpg\" alt=\"Dr. Peter D\u00f6rsam \u2013 B\u00fcrgermeister der Samtgemeinde Tostedt\" title=\"Dr. Peter D\u00f6rsam \u2013 B\u00fcrgermeister der Samtgemeinde Tostedt\" \/><br \/>\nDr. Peter D\u00f6rsam \u2013 B\u00fcrgermeister der Samtgemeinde Tostedt<\/ul>\n<p>Entgegen seinem Vorg\u00e4nger von der CDU hat er es geschafft, dass das Freibad endlich erneuert wurde. Auch <a href=\"https:\/\/www.peter-d\u00f6rsam.de\/#erreicht\" rel=\"noopener\" target=\"_blank\">in vielen anderen Dingen<\/a> hat Herr D\u00f6rsam in seiner bisherigen Amtszeit vieles erreicht bzw. angesto\u00dfen. Lesen wir die Programme der beiden Herren, dann decken sich diese in vielen Punkten. Warum also das Wagnis riskieren, einen Politiker wie Herrn Aldag zum B\u00fcrgermeister zu machen, wenn wir mit dem alten, Herrn D\u00f6rsam, zufrieden sein k\u00f6nnen.<\/p>\n<p>Ich empfehle bei der Wahl des B\u00fcrgermeisters der Samtgemeinde Tostedt am Sonntag: <strong>Dr. Peter D\u00f6rsam<\/strong><\/p>\n","protected":false},"excerpt":{"rendered":"<p>Neben der Bundestagswahl entscheidet sich am Sonntag (26.09.2021) in einer Stichwahl zwischen Dr. Peter D\u00f6rsam als unabh\u00e4ngiger Kandidat und Amtsinhaber sowie Rolf Aldag (CDU), wer in der Samtgemeinde Tostedt f\u00fcr die kommenden Jahre B\u00fcrgermeister sein wird. Wer seine auch f\u00fcr die Stichwahl g\u00fcltige Wahlbenachrichtigung bereits entsorgt hat, kann sich auch mit dem Personalausweis verifizieren. Rolf &hellip; <a href=\"https:\/\/willizblog.de\/?p=11461\" class=\"more-link\"><span class=\"screen-reader-text\">D\u00f6rsam vs. Aldag \u2013 Stichwahl um das B\u00fcrgermeisteramt in der Samtgemeinde Tostedt<\/span> weiterlesen <span class=\"meta-nav\">&rarr;<\/span><\/a><\/p>\n","protected":false},"author":1,"featured_media":0,"comment_status":"open","ping_status":"open","sticky":false,"template":"","format":"standard","meta":[],"categories":[1,12,11],"tags":[521,514,516,446],"_links":{"self":[{"href":"https:\/\/willizblog.de\/index.php?rest_route=\/wp\/v2\/posts\/11461"}],"collection":[{"href":"https:\/\/willizblog.de\/index.php?rest_route=\/wp\/v2\/posts"}],"about":[{"href":"https:\/\/willizblog.de\/index.php?rest_route=\/wp\/v2\/types\/post"}],"author":[{"embeddable":true,"href":"https:\/\/willizblog.de\/index.php?rest_route=\/wp\/v2\/users\/1"}],"replies":[{"embeddable":true,"href":"https:\/\/willizblog.de\/index.php?rest_route=%2Fwp%2Fv2%2Fcomments&post=11461"}],"version-history":[{"count":0,"href":"https:\/\/willizblog.de\/index.php?rest_route=\/wp\/v2\/posts\/11461\/revisions"}],"wp:attachment":[{"href":"https:\/\/willizblog.de\/index.php?rest_route=%2Fwp%2Fv2%2Fmedia&parent=11461"}],"wp:term":[{"taxonomy":"category","embeddable":true,"href":"https:\/\/willizblog.de\/index.php?rest_route=%2Fwp%2Fv2%2Fcategories&post=11461"},{"taxonomy":"post_tag","embeddable":true,"href":"https:\/\/willizblog.de\/index.php?rest_route=%2Fwp%2Fv2%2Ftags&post=11461"}],"curies":[{"name":"wp","href":"https:\/\/api.w.org\/{rel}","templated":true}]}}