{"id":11464,"date":"2021-09-23T12:39:47","date_gmt":"2021-09-23T12:39:47","guid":{"rendered":"https:\/\/willizblog.de\/?p=11464"},"modified":"2021-09-23T12:43:08","modified_gmt":"2021-09-23T12:43:08","slug":"bundestagswahl-2021","status":"publish","type":"post","link":"https:\/\/willizblog.de\/?p=11464","title":{"rendered":"Bundestagswahl 2021"},"content":{"rendered":"<p>Am Sonntag ist es also soweit: <a href=\"https:\/\/de.wikipedia.org\/wiki\/Bundestagswahl_2021\" rel=\"noopener\" target=\"_blank\">ein neuer Bundestag wird gew\u00e4hlt<\/a>. Und alles ist wieder einmal anders als vor vier Jahren (<a href=\"https:\/\/willizblog.de\/?p=10110\" rel=\"noopener\" target=\"_blank\">ein Blick zur\u00fcck &#8218;im Zorn&#8216;<\/a>), als die SPD zun\u00e4chst einen R\u00fcckzieher machte, um dann doch mit der Union erneut zusammenzukommen, weil Herr Lindner (FDP) pl\u00f6tzlich doch den Schwanz einzog. <\/p>\n<p>Dank Herrn Olaf Scholz (eigentlich undank Armin Laschet) ist die SPD pl\u00f6tzlich die st\u00e4rkste Partei im Lande und damit wie Ph\u00f6nix aus der Asche entstiegen. Wenn man den Umfragen Glauben schenken darf (immerhin gelten noch 40 % der W\u00e4hler als unentschlossen). Und die SPD d\u00fcrfte aller Wahrscheinlichkeit nach den n\u00e4chsten Bundeskanzler stellen. Aber mit wem? Mit den Gr\u00fcnen und Linken (d\u00fcrfte nicht reichen)? Oder doch eher mit den Gr\u00fcnen und der FDP? Vielleicht wieder eine gro\u00dfe Koalition (die l\u00e4ngst keine gro\u00dfe mehr ist)? Dazu br\u00e4uchte man aber die Gr\u00fcnen oder die FDP als dritten Partner. Aber alles, nur nicht mit der <a href=\"https:\/\/willizblog.de\/?s=fdp\" rel=\"noopener\" target=\"_blank\">FDP<\/a>. Dazu unten etwas mehr.<\/p>\n<p>16 Jahre regierte Angela Merkel und tritt nun ab. In diesen Jahren hat sie mit CDU\/CSU viel &#8218;erreicht&#8216;:<\/p>\n<p><em>Korruption und dubiose Lobbykontakte, gef\u00e4hrliche Flirts mit der AfD, eine desastr\u00f6se Klimapolitik: <strong>16 Jahre Union haben unser Land in eine schwere Krise gef\u00fchrt.<\/strong> Am 26. September k\u00f6nnte sich das endlich \u00e4ndern \u2013 wenn die W\u00e4hler*innen sich f\u00fcr eine Regierung entscheiden, die f\u00fcr alle Menschen Politik macht.<\/em><\/p>\n<p><em><strong>Viel zu viel ist liegengeblieben.<\/strong> Es gibt Kinderarmut, eine Bildungskrise, Digitalisierungsstau. Die Pflege ist \u00fcber dem Anschlag, die Verkehrswende findet nicht statt, die industrielle Landwirtschaft qu\u00e4lt Tiere und t\u00f6tet unsere lebenswichtigen Bienen.<\/em><\/p>\n<p>So schreibt Dr. Felix Kolb, <a href=\"https:\/\/www.campact.de\/campact\/ueber-campact\/vorstand\/\" rel=\"noopener\" target=\"_blank\">Vorstand von Campact<\/a>, dem ich mich nur anschlie\u00dfen kann. Aber wie sieht es mit Olaf Scholz aus, dem potentiellen Bundeskanzler. Cum-Ex-Skandal, Wirecard-Pleite, <a href=\"https:\/\/willizblog.de\/?p=10019\" rel=\"noopener\" target=\"_blank\">G20-Gipfel in Hamburg<\/a> und seine Folgen: Herr Scholz wei\u00df von nichts, kennt keine Verantwortung. Und ist auf der Beliebtheitsskala doch vorne weg. Und als h\u00e4tte er und die SPD die genannten Vers\u00e4umnisse nicht mitverantwortet.<\/p>\n<p><img src=\"https:\/\/www.willizblog.de\/pics\/laschet_baerbock_scholz2021.jpg\" alt=\"Armin Laschet (CDU) \u2013 Annalena Baerbock (B\u00fcndnis 90\/Die Gr\u00fcnen) \u2013 Olaf Scholz (SPD)\" title=\"Armin Laschet (CDU) \u2013 Annalena Baerbock (B\u00fcndnis 90\/Die Gr\u00fcnen) \u2013 Olaf Scholz (SPD)\" \/><br \/>\nArmin Laschet (CDU) \u2013 Annalena Baerbock (B\u00fcndnis 90\/Die Gr\u00fcnen) \u2013 Olaf Scholz (SPD)<\/p>\n<p>Annalena Baerbock hat mit den Gr\u00fcnen den lange Zeit bestehenden Vorsprung durch einen unprofessionellen Wahlkampf verspielt. Wie man Wahlkampf macht zeigt die FDP: Nicht Inhalte sind gefragt, sondern Bilder: Herr Lindners One-Man-Show in schwarz-wei\u00dfen Bildern, wie er so des Abends am Schreibtisch hockt und sich angeblich Gedanken \u00fcber die Zukunft des Landes macht, kommen besonders bei jungen W\u00e4hlern an. Dabei sind gerade sie es, die durch die neoliberale Wirtschaftspolitik der FDP auf l\u00e4ngere Sicht die Leidtragenden sein werden: Der Markt regelt alles! So seine Devise. Wie wir es zur Ungen\u00fcge z.B. auf dem Energie-, dem Wohnungs-, Bildungs- und Arbeitsmarkt sehen. Die Kluft zwischen Arm und Reich wird gr\u00f6\u00dfer. Bisher hat Herr Lindner nur gut reden. Verantwortung hat er bis heute abgelehnt.<\/p>\n<p>Wie also am Sonntag w\u00e4hlen? An der Wahl nehmen von den<a href=\"https:\/\/www.bundeswahlleiter.de\/bundestagswahlen\/2021\/wahlbewerber.html\" rel=\"noopener\" target=\"_blank\"> 54 zugelassenen Parteien<\/a> letztendlich 47 Parteien teil. Dabei beteiligen sich 40 Parteien mit Landeslisten. Da es die 5-%-Klausel gibt, d\u00fcrfte wohl kaum eine der kleinen Parteien eine Chance haben, in den Bundestag einzuziehen. Trotzdem werden diese eine gewisse Rolle bei der Wahl spielen, da diese in der Summe wohl an die 10 % der W\u00e4hlerstimmen bekommen werden und somit indirekten Einfluss auf die Sitzvergabe nehmen.<\/p>\n<p>Es ist wie immer die Wahl zwischen Cholera und Pest. Nur dass jetzt auch noch Mumps, Masern und Maul-und-Klauenseuche (Hand-Fu\u00df-Mund-Krankheit) hinzukommen. Trotz der vielen Fehler, die die Gr\u00fcnen im Wahlkampf verzapft haben, werde ich diese Partei w\u00e4hlen, allein schon, um Union und SPD nicht zu stark werden zu lassen. Und weil <strong>gr\u00fcne Politik<\/strong> immer noch die mit den besseren Zukunftsaussichten ist. Nicht mehr unbedingt f\u00fcr mich, aber <strong>f\u00fcr meine Kinder!<\/strong><\/p>\n","protected":false},"excerpt":{"rendered":"<p>Am Sonntag ist es also soweit: ein neuer Bundestag wird gew\u00e4hlt. Und alles ist wieder einmal anders als vor vier Jahren (ein Blick zur\u00fcck &#8218;im Zorn&#8216;), als die SPD zun\u00e4chst einen R\u00fcckzieher machte, um dann doch mit der Union erneut zusammenzukommen, weil Herr Lindner (FDP) pl\u00f6tzlich doch den Schwanz einzog. Dank Herrn Olaf Scholz (eigentlich &hellip; <a href=\"https:\/\/willizblog.de\/?p=11464\" class=\"more-link\"><span class=\"screen-reader-text\">Bundestagswahl 2021<\/span> weiterlesen <span class=\"meta-nav\">&rarr;<\/span><\/a><\/p>\n","protected":false},"author":1,"featured_media":0,"comment_status":"open","ping_status":"open","sticky":false,"template":"","format":"standard","meta":[],"categories":[29],"tags":[523,524,522,136],"_links":{"self":[{"href":"https:\/\/willizblog.de\/index.php?rest_route=\/wp\/v2\/posts\/11464"}],"collection":[{"href":"https:\/\/willizblog.de\/index.php?rest_route=\/wp\/v2\/posts"}],"about":[{"href":"https:\/\/willizblog.de\/index.php?rest_route=\/wp\/v2\/types\/post"}],"author":[{"embeddable":true,"href":"https:\/\/willizblog.de\/index.php?rest_route=\/wp\/v2\/users\/1"}],"replies":[{"embeddable":true,"href":"https:\/\/willizblog.de\/index.php?rest_route=%2Fwp%2Fv2%2Fcomments&post=11464"}],"version-history":[{"count":0,"href":"https:\/\/willizblog.de\/index.php?rest_route=\/wp\/v2\/posts\/11464\/revisions"}],"wp:attachment":[{"href":"https:\/\/willizblog.de\/index.php?rest_route=%2Fwp%2Fv2%2Fmedia&parent=11464"}],"wp:term":[{"taxonomy":"category","embeddable":true,"href":"https:\/\/willizblog.de\/index.php?rest_route=%2Fwp%2Fv2%2Fcategories&post=11464"},{"taxonomy":"post_tag","embeddable":true,"href":"https:\/\/willizblog.de\/index.php?rest_route=%2Fwp%2Fv2%2Ftags&post=11464"}],"curies":[{"name":"wp","href":"https:\/\/api.w.org\/{rel}","templated":true}]}}