{"id":11473,"date":"2021-10-04T14:48:29","date_gmt":"2021-10-04T14:48:29","guid":{"rendered":"https:\/\/willizblog.de\/?p=11473"},"modified":"2021-10-04T14:49:56","modified_gmt":"2021-10-04T14:49:56","slug":"wilseder-berg-lueneburger-heide","status":"publish","type":"post","link":"https:\/\/willizblog.de\/?p=11473","title":{"rendered":"Wilseder Berg (L\u00fcneburger Heide)"},"content":{"rendered":"<p>Wenn man wie wir am Rande der L\u00fcneburger Heide wohnt, dann sollte auch die h\u00f6chste Ergebung der Heide, der <a href=\"https:\/\/www.lueneburger-heide.de\/natur\/sehenswuerdigkeit\/1049\/wilseder-berg-wilsede.html\" rel=\"noopener\" target=\"_blank\">Wilseder Berg<\/a> (169,2 m), einmal besucht werden. Am Samstag haben wir es mit Bekannten und deren Kinder endlich geschafft. Mit dem Auto sind wir &#8218;angereist&#8216; und haben dieses auf dem Parkplatz in Niederhaverbeck (direkt an der L121, Niederhaverbeck 14, 29646 Niederhaverbeck. Koordinaten: N53.150891\u00a0 E9.908516 ) abgestellt. Von dort aus ist der Wilseder Berg \u00fcberall ausgeschildert (direkter Weg ca. 4,5 km, 60 min).<\/p>\n<table border=\"0\" width=\"100%\">\n<tr>\n<td width=\"50%\" align=\"center\"><img loading=\"lazy\" border=\"0\" src=\"https:\/\/www.willizblog.de\/pics\/wilseder_berg2021_01.jpg\" width=\"270\" height=\"182\"><\/td>\n<td width=\"50%\" align=\"center\"><img loading=\"lazy\" border=\"0\" src=\"https:\/\/www.willizblog.de\/pics\/wilseder_berg2021_02.jpg\" width=\"270\" height=\"203\"><\/td>\n<\/tr>\n<tr>\n<td width=\"50%\" align=\"center\">Wilseder Berg (L\u00fcneburger Heide)<\/td>\n<td width=\"50%\" align=\"center\">Willi guckt in die Heide<\/td>\n<\/tr>\n<tr>\n<td width=\"100%\" colspan=\"2\" align=\"center\"><img loading=\"lazy\" border=\"0\" src=\"https:\/\/www.willizblog.de\/pics\/wilseder_berg2021_03.jpg\" width=\"560\" height=\"126\"><\/td>\n<\/tr>\n<tr>\n<td width=\"100%\" colspan=\"2\" align=\"center\">L\u00fcneburger Heide vom Wilseder Berg<\/td>\n<\/tr>\n<\/table>\n<p>Es war ein trockener und angenehm frischer Tag. Also genau richtig, um sich auf den Weg zu machen. Auf dem R\u00fcckweg tranken wir Kaffee in der <a href=\"https:\/\/www.lueneburger-heide.de\/natur\/sehenswuerdigkeit\/18176\/Wiesenwirtschaft-Heidek%C3%B6nig.html\" rel=\"noopener\" target=\"_blank\">Wiesenwirtschaft Heidek\u00f6nig<\/a> oberhalb des Parkplatzes in Niederhaverbek: Empfehlenswert ist der Buchweizenkuchen mit F\u00fcllung, aber auch die Wildbeerentorte oder die Heidelbeer-Buttermilchtorte. Absolut lecker und wirklich preiswert.<\/p>\n","protected":false},"excerpt":{"rendered":"<p>Wenn man wie wir am Rande der L\u00fcneburger Heide wohnt, dann sollte auch die h\u00f6chste Ergebung der Heide, der Wilseder Berg (169,2 m), einmal besucht werden. Am Samstag haben wir es mit Bekannten und deren Kinder endlich geschafft. Mit dem Auto sind wir &#8218;angereist&#8216; und haben dieses auf dem Parkplatz in Niederhaverbeck (direkt an der &hellip; <a href=\"https:\/\/willizblog.de\/?p=11473\" class=\"more-link\"><span class=\"screen-reader-text\">Wilseder Berg (L\u00fcneburger Heide)<\/span> weiterlesen <span class=\"meta-nav\">&rarr;<\/span><\/a><\/p>\n","protected":false},"author":1,"featured_media":0,"comment_status":"open","ping_status":"open","sticky":false,"template":"","format":"standard","meta":[],"categories":[11,20],"tags":[],"_links":{"self":[{"href":"https:\/\/willizblog.de\/index.php?rest_route=\/wp\/v2\/posts\/11473"}],"collection":[{"href":"https:\/\/willizblog.de\/index.php?rest_route=\/wp\/v2\/posts"}],"about":[{"href":"https:\/\/willizblog.de\/index.php?rest_route=\/wp\/v2\/types\/post"}],"author":[{"embeddable":true,"href":"https:\/\/willizblog.de\/index.php?rest_route=\/wp\/v2\/users\/1"}],"replies":[{"embeddable":true,"href":"https:\/\/willizblog.de\/index.php?rest_route=%2Fwp%2Fv2%2Fcomments&post=11473"}],"version-history":[{"count":0,"href":"https:\/\/willizblog.de\/index.php?rest_route=\/wp\/v2\/posts\/11473\/revisions"}],"wp:attachment":[{"href":"https:\/\/willizblog.de\/index.php?rest_route=%2Fwp%2Fv2%2Fmedia&parent=11473"}],"wp:term":[{"taxonomy":"category","embeddable":true,"href":"https:\/\/willizblog.de\/index.php?rest_route=%2Fwp%2Fv2%2Fcategories&post=11473"},{"taxonomy":"post_tag","embeddable":true,"href":"https:\/\/willizblog.de\/index.php?rest_route=%2Fwp%2Fv2%2Ftags&post=11473"}],"curies":[{"name":"wp","href":"https:\/\/api.w.org\/{rel}","templated":true}]}}