{"id":11477,"date":"2021-10-05T10:18:03","date_gmt":"2021-10-05T10:18:03","guid":{"rendered":"https:\/\/willizblog.de\/?p=11477"},"modified":"2021-10-08T11:16:50","modified_gmt":"2021-10-08T11:16:50","slug":"peter-weiss-die-aesthetik-des-widerstands","status":"publish","type":"post","link":"https:\/\/willizblog.de\/?p=11477","title":{"rendered":"Peter Weiss: Die \u00c4sthetik des Widerstands"},"content":{"rendered":"<p>Die dreib\u00e4ndige Ausgabe des Romans <a target=\"_blank\" href=\"https:\/\/www.amazon.de\/gp\/product\/3518456881\/ref=as_li_tl?ie=UTF8&#038;camp=1638&#038;creative=6742&#038;creativeASIN=3518456881&#038;linkCode=as2&#038;tag=familiealbin-21&#038;linkId=474348fd939b8f196bfd9023b3194488\" rel=\"noopener\"><strong>Die \u00c4sthetik des Widerstands<\/strong><\/a> von <a href=\"https:\/\/de.wikipedia.org\/wiki\/Peter_Weiss\" rel=\"noopener\" target=\"_blank\">Peter Weiss<\/a> habe ich in einem Band (1. Auflage 1988 \u2013 edition suhrkamp 1501) als Taschenbuch vorliegen und es in diesem Sommer zum 2. Mal gelesen. Die drei B\u00e4nde umfassen \u00fcber 940 Seiten <em>und sind in zehnj\u00e4hriger Arbeit zwischen 1971 und 1981 entstand. Das Werk stellt den Versuch dar, die historischen und gesellschaftlichen Erfahrungen und die \u00e4sthetischen und politischen Erkenntnisse der Arbeiterbewegung in den Jahren des Widerstands gegen den Faschismus zum Leben zu erwecken und weiterzugeben. Zentral ist der Gedanke der zu erreichenden Einheit: zwischen Kommunisten und Sozialdemokraten wie zwischen der k\u00fcnstlerischen Moderne und der Arbeiterbewegung. Aufgrund seines besonderen formalen Aufbaus ist Die \u00c4sthetik des Widerstands auch als Roman-Essay bezeichnet worden.<\/em> (Quelle u.a. <a href=\"https:\/\/de.wikipedia.org\/wiki\/Die_%C3%84sthetik_des_Widerstands\" rel=\"noopener\" target=\"_blank\">Wikipedia.org<\/a>)<\/p>\n<p><img src=\"https:\/\/upload.wikimedia.org\/wikipedia\/commons\/thumb\/1\/1f\/Peter_Weiss_1982.jpg\/220px-Peter_Weiss_1982.jpg\" alt=\"Peter Weiss 1982\" title=\"Peter Weiss 1982\" \/><br \/>\nPeter Weiss 1982<\/p>\n<p>Das erst kurz vor dem Tod des Autors abgeschlossene Werk zeichnet ein umfassendes Bild der faschistischen Epoche in Europa aus der Sicht des antifaschistischen Widerstands und k\u00f6nnte als eine eigenst\u00e4ndige Geschichtsinterpretation gedeutet werden, die eine Sicht aufzeigt, die die allgemeine Geschichtsschreibung zu gern unterdr\u00fcckt s\u00e4he. Von daher kam auch die Kritik, die dem Roman eine gewisse Einseitigkeit vorwarf.<\/p>\n<p>Ich will hier nicht in die Tiefe gehen, aber anhand von Stichworten einen Einblick in dieses Werk vornehmen:<\/p>\n<p><strong>Erster Band<\/strong><br \/>\n&#8211; <a href=\"https:\/\/de.wikipedia.org\/wiki\/Pergamonaltar\" rel=\"noopener\" target=\"_blank\">Bergamon-Fries<\/a> (erste Sicht einer \u00c4sthetik des Widerstands aus der Antike \u2013 der Aufstand der Niederen gegen die gottgleichen Herrschenden \u2013 siehe <a href=\"https:\/\/de.wikipedia.org\/wiki\/Kunstwerke_in_der_%E2%80%9E%C3%84sthetik_des_Widerstands%E2%80%9C\" rel=\"noopener\" target=\"_blank\">Kunstwerke in der \u201e\u00c4sthetik des Widerstands\u201c<\/a>)<br \/>\n&#8211; Nazi-Herrschaft<br \/>\n&#8211; <a href=\"https:\/\/de.wikipedia.org\/wiki\/Spanischer_B%C3%BCrgerkrieg\" rel=\"noopener\" target=\"_blank\">Spanischer B\u00fcrgerkrieg<\/a><br \/>\n&#8211; <a href=\"https:\/\/de.wikipedia.org\/wiki\/Sagrada_Fam%C3%ADlia\" rel=\"noopener\" target=\"_blank\">Sagrada Familia<\/a> (<a href=\"https:\/\/de.wikipedia.org\/wiki\/Antoni_Gaud%C3%AD\" rel=\"noopener\" target=\"_blank\">Gaud\u00ed<\/a>)<br \/>\n&#8211; <a href=\"https:\/\/de.wikipedia.org\/wiki\/Guernica_(Bild)\" rel=\"noopener\" target=\"_blank\">Guernica<\/a> (<a href=\"https:\/\/de.wikipedia.org\/wiki\/Pablo_Picasso\" rel=\"noopener\" target=\"_blank\">Picasso<\/a>)<br \/>\n&#8211; <a href=\"https:\/\/willizblog.de\/?s=kafka\" rel=\"noopener\" target=\"_blank\">Kafkas<\/a> <a target=\"_blank\" href=\"https:\/\/www.amazon.de\/gp\/product\/3750290776\/ref=as_li_tl?ie=UTF8&#038;camp=1638&#038;creative=6742&#038;creativeASIN=3750290776&#038;linkCode=as2&#038;tag=familiealbin-21&#038;linkId=7bf74eef5b96d5931119842ff078f3fc\" rel=\"noopener\"><strong>Das Schloss<\/strong><\/a> (S. 171 ff).<\/p>\n<p><strong>Zweiter Band<\/strong><br \/>\n&#8211; Paris<br \/>\n&#8211; <a href=\"https:\/\/de.wikipedia.org\/wiki\/Th%C3%A9odore_G%C3%A9ricault\" rel=\"noopener\" target=\"_blank\">G\u00e9ricauts<\/a> &#8218;<a href=\"https:\/\/de.wikipedia.org\/wiki\/Das_Flo%C3%9F_der_Medusa\" rel=\"noopener\" target=\"_blank\">Medusa<\/a>&#8218;<br \/>\n&#8211; Montmartre<br \/>\n&#8211; <a href=\"https:\/\/de.wikipedia.org\/wiki\/Spiegelgasse_(Z%C3%BCrich)\" rel=\"noopener\" target=\"_blank\">Spiegelgasse, Z\u00fcrich<\/a> (Lenin &#038; Co.)<br \/>\n -Stockholm<br \/>\n&#8211; u.a. <a href=\"https:\/\/de.wikipedia.org\/wiki\/Carl_von_Ossietzky\" rel=\"noopener\" target=\"_blank\">Ossietzkys<\/a> Tod<br \/>\n&#8211; <a href=\"https:\/\/de.wikipedia.org\/wiki\/Bertolt_Brecht\" rel=\"noopener\" target=\"_blank\">Bert Brecht<\/a><br \/>\n&#8211; <a href=\"https:\/\/de.wikipedia.org\/wiki\/Margarethe_I.\" rel=\"noopener\" target=\"_blank\">Margareta<\/a>, u.a. K\u00f6nigin von Schweden, 14. Jh.<br \/>\n&#8211; <a href=\"https:\/\/de.wikipedia.org\/wiki\/Engelbrekt_Engelbrektsson\" rel=\"noopener\" target=\"_blank\">Engelbrekt<\/a>, Freiheitsk\u00e4mpfer, 15. Jh.<\/p>\n<p><strong>Dritter Band<\/strong><br \/>\n&#8211; Stockholm<br \/>\n&#8211; <a href=\"https:\/\/de.wikipedia.org\/wiki\/Karin_Boye\" rel=\"noopener\" target=\"_blank\">Karin Boye<\/a>: <a target=\"_blank\" href=\"https:\/\/www.amazon.de\/gp\/product\/3442757754\/ref=as_li_tl?ie=UTF8&#038;camp=1638&#038;creative=6742&#038;creativeASIN=3442757754&#038;linkCode=as2&#038;tag=familiealbin-21&#038;linkId=4bf016dadfae18120c49dde917481f82\" rel=\"noopener\"><strong>Kallocain<\/strong><\/a><br \/>\n&#8211; <a href=\"https:\/\/de.wikipedia.org\/wiki\/Bayon\" rel=\"noopener\" target=\"_blank\">Bayon<\/a> \u2013 <a href=\"https:\/\/de.wikipedia.org\/wiki\/Angkor_Wat\" rel=\"noopener\" target=\"_blank\">Angkor Wat<\/a>, Kambodscha<br \/>\n&#8211; <a href=\"https:\/\/de.wikipedia.org\/wiki\/Angkor_Thom\" rel=\"noopener\" target=\"_blank\">Angkor Thom<\/a><br \/>\n&#8211; <a href=\"https:\/\/de.wikipedia.org\/wiki\/Albrecht_D%C3%BCrer\" rel=\"noopener\" target=\"_blank\">D\u00fcrers<\/a> <a href=\"https:\/\/de.wikipedia.org\/wiki\/Melencolia_I\" rel=\"noopener\" target=\"_blank\">Melencolia<\/a> (S. 132)<br \/>\n&#8211; Hinrichtungen <a href=\"https:\/\/de.wikipedia.org\/wiki\/Gedenkst%C3%A4tte_Pl%C3%B6tzensee\" rel=\"noopener\" target=\"_blank\">Pl\u00f6tzensee<\/a> (S. 210)<\/p>\n<p><em>&#8230; denn die Offenheit, die uns zu eigen war und die unsre Selbstandigkeit begr\u00fcndete, sollte aufgerieben werden, und wie viele schon auf der Strecke geblieben waren, so zerst\u00f6rt, da\u00df sie die Verunstaltungen, denen sie anheimfielen, nicht einmal mehr erkannten, das hatte mit gro\u00dfer Detailsch\u00e4rfe einer geschrieben, dessen Werk, Das Schlo\u00df, ich in der Buchhandlung am Marktplatz fand.<\/em> (S. 171)<\/p>\n<p>Peter Weiss setzt sich mit Kafkas <em>&#8218;Erz\u00e4hlung vom Landvermesser&#8216;<\/em> (S. 175) detailiert auseinander und kommt zu dem Ergebnis: <em>&#8218;Was Kafka geschrieben hatte, war ein Proletarierroman.&#8216;<\/em> (S. 179)<\/p>\n<p><em>Der Roman Die \u00c4sthetik des Widerstands ist, seit dem Erscheinen des dritten Bandes im Jahre 1981, zu einem Kultbuch geworden. Peter Weiss gelingt n\u00e4mich eine erz\u00e4hlerische Synthese der politischen und \u00e4sthetischen Str\u00f6mungen des 20. Jahrhunderts: er entfaltet eine \u00c4sthetik, die Widerstand gegen jede Art der Unterdr\u00fcckung ist, und zugleich dem Widerstand eine \u00c4sthetik einschreibt, die ihn vor jeder Dogmatik bewahrt. Was erz\u00e4hlt dieser Roman? Sein erstes Buch berichtet von einigen Freunden, jungen Arbeitern, die im September 1937 in Berlin ihren Standort umrei\u00dfen. Unter ihnen befindet sich der Erz\u00e4hler. \u00dcber die Tschechoslowakei, wo seine Eltern ans\u00e4ssig sind, gelangt er nach Spanien und nimmt teil am bewaffneten Widerstand, bis zum September 1938, dem Zusammenbruch der Republik. Er geht nach Paris. Die letzten Bem\u00fchungen um die Bildung einer Volksfront, einer Einheitsfront der beiden zerschlagenen deutschen Arbeiterparteien, verfolgt er hier. Es ergibt sich die Gelegenheit, nach Stockholm zu reisen. Geschildert wird im zweiten Buch die Vielschichtigkeit der Erlebnisse dort, bei den G\u00e4ngen durch die Stadt, in der Zerzinnungsabteilung der Fabrik, bei der Anstrengung, Zugang zu k\u00fcnstlerischen Ausdrucksmitteln zu finden. In den ersten beiden B\u00e4nden der \u00c4sthetik des Widerstands wurde die Auseinandersetzung mit Werken der Kunst gef\u00fchrt; im abschlie\u00dfenden Teil der Trilogie stehen die Schicksale der Menschen im Vordergrund. Der Autor verfolgt ihre Wege: Endstation f\u00fcr viele von ihnen sind die Hinrichtungsst\u00e4tten des &#8222;Dritten Reichs&#8220;. Dennoch bleibt der Widerstand ihr Verm\u00e4chtnis.<\/em> (aus dem Klappentext).<\/p>\n<p>&#8222;Wir sagten: Ulysses \u2013 und das nicht allein, um den Rang der Weiss&#8217;schen Epop\u00f6e zu bezeichnen, sondern weil wir glauben, da\u00df es sich bei der \u00c4sthetik des Widerstands um einen ebenso listigen wie gelungenen Gegen-Entwurf zum Joyceschen Kompendium handelt \u2013 Herakles tritt auf den Plan und fordert Odysseus in die Schranken der Poesie!&#8220; <a href=\"https:\/\/de.wikipedia.org\/wiki\/Walter_Jens\" rel=\"noopener\" target=\"_blank\">Walter Jens<\/a><\/p>\n","protected":false},"excerpt":{"rendered":"<p>Die dreib\u00e4ndige Ausgabe des Romans Die \u00c4sthetik des Widerstands von Peter Weiss habe ich in einem Band (1. Auflage 1988 \u2013 edition suhrkamp 1501) als Taschenbuch vorliegen und es in diesem Sommer zum 2. Mal gelesen. Die drei B\u00e4nde umfassen \u00fcber 940 Seiten und sind in zehnj\u00e4hriger Arbeit zwischen 1971 und 1981 entstand. Das Werk &hellip; <a href=\"https:\/\/willizblog.de\/?p=11477\" class=\"more-link\"><span class=\"screen-reader-text\">Peter Weiss: Die \u00c4sthetik des Widerstands<\/span> weiterlesen <span class=\"meta-nav\">&rarr;<\/span><\/a><\/p>\n","protected":false},"author":1,"featured_media":0,"comment_status":"open","ping_status":"open","sticky":false,"template":"","format":"standard","meta":[],"categories":[14],"tags":[],"_links":{"self":[{"href":"https:\/\/willizblog.de\/index.php?rest_route=\/wp\/v2\/posts\/11477"}],"collection":[{"href":"https:\/\/willizblog.de\/index.php?rest_route=\/wp\/v2\/posts"}],"about":[{"href":"https:\/\/willizblog.de\/index.php?rest_route=\/wp\/v2\/types\/post"}],"author":[{"embeddable":true,"href":"https:\/\/willizblog.de\/index.php?rest_route=\/wp\/v2\/users\/1"}],"replies":[{"embeddable":true,"href":"https:\/\/willizblog.de\/index.php?rest_route=%2Fwp%2Fv2%2Fcomments&post=11477"}],"version-history":[{"count":0,"href":"https:\/\/willizblog.de\/index.php?rest_route=\/wp\/v2\/posts\/11477\/revisions"}],"wp:attachment":[{"href":"https:\/\/willizblog.de\/index.php?rest_route=%2Fwp%2Fv2%2Fmedia&parent=11477"}],"wp:term":[{"taxonomy":"category","embeddable":true,"href":"https:\/\/willizblog.de\/index.php?rest_route=%2Fwp%2Fv2%2Fcategories&post=11477"},{"taxonomy":"post_tag","embeddable":true,"href":"https:\/\/willizblog.de\/index.php?rest_route=%2Fwp%2Fv2%2Ftags&post=11477"}],"curies":[{"name":"wp","href":"https:\/\/api.w.org\/{rel}","templated":true}]}}