{"id":11501,"date":"2021-10-16T11:05:30","date_gmt":"2021-10-16T11:05:30","guid":{"rendered":"https:\/\/willizblog.de\/?p=11501"},"modified":"2021-10-16T11:05:30","modified_gmt":"2021-10-16T11:05:30","slug":"zwei-jahre-rentnerdasein-willi-liest-fussball-buecher","status":"publish","type":"post","link":"https:\/\/willizblog.de\/?p=11501","title":{"rendered":"Zwei Jahre Rentnerdasein: Willi liest &#8230; Fu\u00dfball-B\u00fccher"},"content":{"rendered":"<p>Dank eines Abonnements der Monatszeitschrift <a href=\"https:\/\/11freunde.de\/startseite\" rel=\"noopener\" target=\"_blank\">11 Freunde \u2013 Magazin f\u00fcr Fu\u00dfballkultur<\/a> bin ich in den Besitz mehrerer Fu\u00dfball-B\u00fccher gekommen. Ich mag Fu\u00dfball. Ich bin immer noch ein Fan des <a href=\"https:\/\/willizblog.de\/?cat=27\" rel=\"noopener\" target=\"_blank\">SV Werder Bremen<\/a> \u2013 trotz des Abstiegs des Vereins in die 2. Liga. Aber dass ich mir B\u00fccher zum Thema Fu\u00dfball kaufe, darauf k\u00e4me ich so schnell nicht. Es sei denn, wie gesagt, ich komme kostenlos bei Auslosungen zu einem Gewinn \u2013 oder sogar zu mehreren. Das erste bei 11 Freunde gewonnene Fu\u00dfball-Buch habe ich bereits ausf\u00fchrlich in diesem Blog beschrieben: <a href=\"https:\/\/willizblog.de\/?p=9374\" rel=\"noopener\" target=\"_blank\">Ben Lyttleton: Elf Meter \u2013 Die Kunst des perfekten Strafsto\u00dfes<\/a>.<\/p>\n<p><img src=\"https:\/\/www.willizblog.de\/pics\/willi_liest2020.jpg\" alt=\"Willi liest ... Fu\u00dfball-B\u00fccher\" title=\"Willi liest ... Fu\u00dfball-B\u00fccher\" \/><br \/>\nWilli liest &#8230; Fu\u00dfball-B\u00fccher<\/p>\n<p><strong>Philipp K\u00f6ster\/Tim J\u00fcrgens (Hrsg.): Das gro\u00dfe 11 Freunde Buch &#8211; 2000 &#8211; 2020<\/strong><\/p>\n<p>Nun, ein Buch habe ich mir dann doch gekauft: <a target=\"_blank\" href=\"https:\/\/www.amazon.de\/gp\/product\/3453272366\/ref=as_li_tl?ie=UTF8&#038;camp=1638&#038;creative=6742&#038;creativeASIN=3453272366&#038;linkCode=as2&#038;tag=familiealbin-21&#038;linkId=e7af8a75b257555945c114e29c2522f5\" rel=\"noopener\"><strong>Das gro\u00dfe 11 Freunde Buch<\/strong><\/a> zum 20-j\u00e4hrigen Bestehen des Fu\u00dfballmagazin. Es muss nicht ungedingt ein Abo sein. Dieses Buch &#8218;entsch\u00e4digt&#8216; gewisserma\u00dfen f\u00fcr die Absenz eines solchen. Allein der tollen Bilder wegen ist dieses Buch (wenn noch nicht vorhanden) f\u00fcr jeden Fu\u00dfballfan empflehlenswert.<\/p>\n<p><strong>Julia Friedrichs: Gebrauchsanweisung f\u00fcr Werder Bremen<\/strong><\/p>\n<p>Als Werder-Fan ist das n\u00e4chste Buch, das ich gewann, nat\u00fcrlich besonders ansprechend:<\/p>\n<p>W\u00fcrde Sympathie \u00fcber Fu\u00dfballspiele entscheiden, w\u00e4re Werder Bremen die Nummer eins der Bundesliga. Die Fanliebe zum 1899 gegr\u00fcndeten Traditionsverein reicht weit \u00fcber die Grenzen des Weserstadions hinaus, und auch <a href=\"https:\/\/de.wikipedia.org\/wiki\/Julia_Friedrichs\" rel=\"noopener\" target=\"_blank\">Julia Friedrichs<\/a> tr\u00e4gt das Vereinswappen, die Raute, auf dem Herzen. Voller Leidenschaft durchlebt sie in ihrem Band die wechselvolle Geschichte des \u00bbgr\u00fcn-wei\u00dfen\u00ab Bundesligisten: das Goldene Zeitalter unter Otto Rehhagel und die ber\u00fchmten \u00bbWunder von der Weser\u00ab. Das leidige Schicksal eines Fast-ganz-gro\u00dfen-Vereins, dem immer wieder Spieler wie \u00d6zil, Diego oder Klose abhandenkommen, und dramatische Abstiegsk\u00e4mpfe, die sich in letzter Sekunde entscheiden. Sie folgt ihren Helden ins Trainingslager, spricht mit Anh\u00e4ngern der Bremer Ultraszene, und am Ende ist zweifellos klar, warum man so einem Klub lebenslang die Treue h\u00e4lt. <\/p>\n<p>In jetzigen Zeiten hat das Buch <a target=\"_blank\" href=\"https:\/\/www.amazon.de\/gp\/product\/3492276830\/ref=as_li_tl?ie=UTF8&#038;camp=1638&#038;creative=6742&#038;creativeASIN=3492276830&#038;linkCode=as2&#038;tag=familiealbin-21&#038;linkId=46b06ea28d4aaebf54000159b2f384d8\" rel=\"noopener\"><strong>Gebrauchsanweisung f\u00fcr Werder Bremen<\/strong><\/a> nat\u00fcrlich durch den Abstieg etwas Beklemmendes. Aber als echter Anh\u00e4nger des Bremer Vereins tr\u00e4umt man nicht nur von guten alten Zeiten, sondern erhofft sich kommende bessere Zeiten. Wir werden sehen &#8230;!<\/p>\n<p><strong>Filippo Cataldo: Unn\u00fctztes Bundesligawissen<\/strong> &#8211; Alles, was man in der Sportschau nicht erf\u00e4hrt <\/p>\n<p>Dieses Buch ist ein Geschenk meines j\u00fcngeren Sohnes. Es hat ein Faible f\u00fcr B\u00fccher\/Kalender zum Thema &#8218;unn\u00fctzes Wissen&#8216;. Und da es ein solches auch zur Fu\u00dfball-Bundesliga gibt, hat er es mir zu Weihnachten einmal geschenkt. Der Autor <a href=\"https:\/\/www.spox.com\/de\/00Relaunch-1309\/2-Autoren\/autorenseiten\/filippo-cataldo\/index.html\" rel=\"noopener\" target=\"_blank\">Filippo Cataldo<\/a>, Jahrgang 1980, ist Chief Editor bei <a href=\"https:\/\/www.spox.com\/de\/index.html\" rel=\"noopener\" target=\"_blank\">SPOX<\/a> und <a href=\"https:\/\/www.goal.com\/de\" rel=\"noopener\" target=\"_blank\">Goal<\/a>. Sein Buch <a target=\"_blank\" href=\"https:\/\/www.amazon.de\/gp\/product\/3742304178\/ref=as_li_tl?ie=UTF8&#038;camp=1638&#038;creative=6742&#038;creativeASIN=3742304178&#038;linkCode=as2&#038;tag=familiealbin-21&#038;linkId=dea69697bedbdfcfac1d183e2769234e\" rel=\"noopener\"><strong>Unn\u00fctzes Bundesligawissen:<\/strong> Alles, was man in der Sportschau nicht erf\u00e4hrt<\/a> hat viel Witz:<\/p>\n<p>Wer war der j\u00fcngste Spieler der Bundesligageschichte? Und wer war der \u00e4lteste? Wer kann auf die l\u00e4ngste Bundesligakarriere zur\u00fcckblicken? Was waren die verr\u00fccktesten Verletzungen \u2013 auf und abseits des Fu\u00dfballplatzes? Welcher Spieler h\u00e4lt den Eigentorrekord? Wer schoss den h\u00e4rtesten Ball? Wie kam Thorsten Frings zu seinem Spitznamen \u201eLutscher\u201c? Was bekommt man, wenn man in einer Bremer Kneipe einen \u2013 nach dem gleichnamigen Schiedsrichter benannten \u2013 \u201eAhlenfelder\u201c bestellt?<br \/>\nDie Bundesliga hat seit ihrer Gr\u00fcndung 1963 unz\u00e4hlige \u2013 teilweise auch skurrile \u2013 Rekorde, Legenden, Anekdoten und Helden kreiert. Am\u00fcsant, verbl\u00fcffend, mal abseitig, mal trivial, oft unn\u00fctz, aber immer interessant sind die Fakten und Geschichten \u00fcber die Bundesliga und ihre wichtigsten Vereine in diesem Buch. Wer am Stammtisch mitreden will, kommt an diesem Meisterwerk nicht vorbei. <\/p>\n<p>Aufl\u00f6sung zum Stichwort \u201eAhlenfelder\u201c: Wenn man nach 1975 in einer beliebigen Bremer Kneipe einen \u201eAhlenfelder\u201c bestellte, bekam man ein Pils und einen Malteser. Das Ahlenfelder-Gedeck wurde nach Schiedsrichter Wolf-Dieter Ahlenfelder benannt, der die erste Halbzeit des Spiels Bremen gegen Hannover bereits nach 30 Minuten abpfiff. Grund war besagte Kombination aus Pils und Malteser, die der Unparteiische kurz vor der Partie getrunken hatte \u2013 um die schwere Gans mit Rotkohl und Kl\u00f6\u00dfen zu verdauen, die es zum Mittagessen gegeben hatte. Bl\u00f6d nur, dass es nicht bei einem Ahlenfelder geblieben war, sondern das Schiedsrichtergespann so viel gegessen hatte, dass es gleich zwei Runden bestellte \u2013 zum Essen hatten sie sich schon zwei Pils genehmigt.<\/p>\n<p><strong>Toni Gottschalk: Konfetti im Bier<\/strong><\/p>\n<p>Diese Buch von Toni Gottschalk: <a target=\"_blank\" href=\"https:\/\/www.amazon.de\/gp\/product\/3945491061\/ref=as_li_tl?ie=UTF8&#038;camp=1638&#038;creative=6742&#038;creativeASIN=3945491061&#038;linkCode=as2&#038;tag=familiealbin-21&#038;linkId=287a1da5e357926e0fe59255cece4013\" rel=\"noopener\">Konfetti im Bier<\/a> habe ich wieder bei einer Verlosung bei den 11 Freunden gewonnen (noch nie hatte ich soviel Gl\u00fcck!).<\/p>\n<p><em>Wer den Roar am Millerntor oder einem anderem Fu\u00dfballstadion vor dem Spiel einmal mitgemacht hat, wei\u00df mit dem Titel des Romans von Toni Gottschalk sofort etwas anzufangen. \u201eKonfetti im Bier\u201c ist eine Beschreibung der St. Pauli Ultra-Szene von innen und damit einzigartig. Doch er ist noch viel mehr. Er ist Hamburg-Roman, Antifa, Viertelliebe, Fu\u00dfball und immer wieder St. Pauli Nachtleben. Gespickt von Insiderwissen und Wortwitz, der durch seine Protagonisten auf die Spitze getrieben wird.<\/em><\/p>\n<p><em>Toni Gottschalk, selbst seit vielen Jahren Teil der St. Pauli Ultras und ab 2006 Comiczeichner f\u00fcr verschiedene Fanzines, gelingt ein Deb\u00fctroman, der nicht von au\u00dfen draufschaut, sondern mitten drinsteckt. Er erz\u00e4hlt von Merks, Subbe, Jette und all den anderen, f\u00fcr die der FC St. Pauli und die eigene Gruppe viel mehr bedeuten, als nur jedes Wochenende gemeinsam zum Spiel zu gehen. W\u00e4hrend sich Walter durch so ziemlich jede Kaschemme St. Paulis trinkt, besch\u00e4ftigt sich der Rest mit politischer Viertelverteidigung.<\/em> (Quelle: <a href=\"https:\/\/szene-hamburg.com\/schlagwort\/toni-gottschalk\/\" rel=\"noopener\" target=\"_blank\">szene-hamburg.de<\/a>)<\/p>\n<p>\u201cKonfetti im Bier\u201d ist ein Subkultur-Roman. Ein Buch f\u00fcr Fu\u00dfball-Fans, und zwar nicht nur die der Kiezkicker. F\u00fcr Leute, die immer schon mal mehr \u00fcber die Mechanismen von Ultra-Gruppierungen wissen wollten. F\u00fcr Hamburger. Und f\u00fcr jene, die es immer wieder dort hinzieht.<br \/>\nIm Fokus steht das Spannungsfeld zwischen Fu\u00dfball, Politik, Verein und der eigenen Fan-Gruppe, in dem sich die Mitglieder bewegen.<br \/>\nToni Gottschalk erz\u00e4hlt von Merks, Subbe, Jette und all den anderen. Von denen, f\u00fcr die der FC St.Pauli und die eigene Gruppe viel mehr bedeuten, als nur jedes Wochenende gemeinsam zum Spiel zu gehen. Die Gemeinschaft genie\u00dfen und gleichzeitig an ihrem Handeln zweifeln. Jenen, die denken, dass sie eigentlich \u201czu alt f\u00fcr diesen Schei\u00df\u201d sind und anderen, die doch gar nicht wissen, ob sie da wirklich richtig sind.<br \/>\nChoreos vorbereiten, Ausw\u00e4rtsfahrten planen, sich mit den Fans des blau-wei\u00df-schwarzen Nachbarn rum\u00e4rgern: Toni Gottschalk guckt nicht von au\u00dfen drauf, sondern steckt seit Jahren mittendrin. \u201cKonfetti im Bier\u201d ist lebendig, humorvoll und schn\u00f6rkellos. <\/p>\n<p>siehe auch: <a href=\"https:\/\/willizblog.de\/?p=10458\" rel=\"noopener\" target=\"_blank\">Genutzte Zeit zum Lesen<\/a><br \/>\n<a href=\"https:\/\/willizblog.de\/?p=11495\" rel=\"noopener\" target=\"_blank\">Zwei Jahre Rentnerdasein: Willi liest &#8230; Kriminalromane<\/a><\/p>\n","protected":false},"excerpt":{"rendered":"<p>Dank eines Abonnements der Monatszeitschrift 11 Freunde \u2013 Magazin f\u00fcr Fu\u00dfballkultur bin ich in den Besitz mehrerer Fu\u00dfball-B\u00fccher gekommen. Ich mag Fu\u00dfball. Ich bin immer noch ein Fan des SV Werder Bremen \u2013 trotz des Abstiegs des Vereins in die 2. Liga. Aber dass ich mir B\u00fccher zum Thema Fu\u00dfball kaufe, darauf k\u00e4me ich so &hellip; <a href=\"https:\/\/willizblog.de\/?p=11501\" class=\"more-link\"><span class=\"screen-reader-text\">Zwei Jahre Rentnerdasein: Willi liest &#8230; Fu\u00dfball-B\u00fccher<\/span> weiterlesen <span class=\"meta-nav\">&rarr;<\/span><\/a><\/p>\n","protected":false},"author":1,"featured_media":0,"comment_status":"open","ping_status":"open","sticky":false,"template":"","format":"standard","meta":[],"categories":[3,27],"tags":[],"_links":{"self":[{"href":"https:\/\/willizblog.de\/index.php?rest_route=\/wp\/v2\/posts\/11501"}],"collection":[{"href":"https:\/\/willizblog.de\/index.php?rest_route=\/wp\/v2\/posts"}],"about":[{"href":"https:\/\/willizblog.de\/index.php?rest_route=\/wp\/v2\/types\/post"}],"author":[{"embeddable":true,"href":"https:\/\/willizblog.de\/index.php?rest_route=\/wp\/v2\/users\/1"}],"replies":[{"embeddable":true,"href":"https:\/\/willizblog.de\/index.php?rest_route=%2Fwp%2Fv2%2Fcomments&post=11501"}],"version-history":[{"count":0,"href":"https:\/\/willizblog.de\/index.php?rest_route=\/wp\/v2\/posts\/11501\/revisions"}],"wp:attachment":[{"href":"https:\/\/willizblog.de\/index.php?rest_route=%2Fwp%2Fv2%2Fmedia&parent=11501"}],"wp:term":[{"taxonomy":"category","embeddable":true,"href":"https:\/\/willizblog.de\/index.php?rest_route=%2Fwp%2Fv2%2Fcategories&post=11501"},{"taxonomy":"post_tag","embeddable":true,"href":"https:\/\/willizblog.de\/index.php?rest_route=%2Fwp%2Fv2%2Ftags&post=11501"}],"curies":[{"name":"wp","href":"https:\/\/api.w.org\/{rel}","templated":true}]}}