{"id":11511,"date":"2021-11-11T11:06:23","date_gmt":"2021-11-11T11:06:23","guid":{"rendered":"https:\/\/willizblog.de\/?p=11511"},"modified":"2021-11-11T15:42:27","modified_gmt":"2021-11-11T15:42:27","slug":"ein-geschnattere-liegt-in-der-luft","status":"publish","type":"post","link":"https:\/\/willizblog.de\/?p=11511","title":{"rendered":"Ein Geschnattere liegt in der Luft"},"content":{"rendered":"<p>Gestern war ich bei uns mit dem Fahrrad unterwegs und fuhr bei angenehmen Wetter u.a. einen Teil des <a href=\"https:\/\/www.reiseland-niedersachsen.de\/erleben\/radfahren\/radfernwege-und-radtouren\/oste-radweg\" target=\"_blank\" rel=\"noopener\">Oste-Radweges<\/a>, d.h. von Tostedt \u00fcber Wistedt, Avensermoor und Vaerloh, dann nach Heidenau und zur\u00fcck \u00fcber W\u00fcstenh\u00f6fen und Dohren. Bereits bei Avensermoor mit den vielen Gr\u00fcnfl\u00e4chen war es nicht zu \u00fcberh\u00f6ren, das Geschnattere der Wildg\u00e4nse. Und hinter Dohren auf einem <a href=\"https:\/\/de.wikipedia.org\/wiki\/Stoppelfeld\" rel=\"noopener\" target=\"_blank\">Stoppelfeld<\/a> (ein abgeerntetes Maisfeld) hatten sie sich niedergelassen: ein Schwarm <a href=\"https:\/\/de.wikipedia.org\/wiki\/Graugans\" rel=\"noopener\" target=\"_blank\">Graug\u00e4nse<\/a>!<\/p>\n<p><img src=\"https:\/\/www.willizblog.de\/pics\/tostedt_dohren2021_11_wildgaense.jpg\" alt=\"Graug\u00e4nse auf einem Stoppelfeld bei Dohren\/Landkreis Harburg\" title=\"Graug\u00e4nse auf einem Stoppelfeld bei Dohren\/Landkreis Harburg\" \/><br \/>\nGraug\u00e4nse auf einem Stoppelfeld bei Dohren\/Landkreis Harburg<\/p>\n<p>Noch kam gestern die Sonne hervor, auch wenn es eher frisch war; aber die G\u00e4nse wussten es genau und ein Blick auf die Wetterkarte best\u00e4tigte es mir: Es wird k\u00e4lter werden. Ein Wintereinbruch wird das nicht sein, aber die Temperaturen werden sich deutlich unter 10 \u00b0 C bewegen, besonders in der Nacht. Die G\u00e4nse wissen schon, warum sie gen S\u00fcden fliegen &#8230;<\/p>\n<p><strong>Apropos G\u00e4nse:<\/strong> Heute ist ja Sankt Martinstag. Da geht es bekanntlich den &#8218;Hausg\u00e4nsen&#8216; an den Kragen. Vielleicht entfliehen daher die Wildg\u00e4nse \u2026<\/p>\n<p>Und vor 200 Jahren wurde Fjodor Michailowitsch Dostojewski, ja, der mit <a href=\"https:\/\/willizblog.de\/?p=11021\" rel=\"noopener\" target=\"_blank\">den D\u00e4monen<\/a>, geboren. Der MDR zeigt eine <a href=\"https:\/\/www.mdr.de\/tv\/programm\/dostojewski134.html\" rel=\"noopener\" target=\"_blank\">siebenteilige russische Fernsehserie<\/a> aus dem Jahr 2010 (in deutscher Sprache) \u00fcber das Leben des Literaten.<\/p>\n","protected":false},"excerpt":{"rendered":"<p>Gestern war ich bei uns mit dem Fahrrad unterwegs und fuhr bei angenehmen Wetter u.a. einen Teil des Oste-Radweges, d.h. von Tostedt \u00fcber Wistedt, Avensermoor und Vaerloh, dann nach Heidenau und zur\u00fcck \u00fcber W\u00fcstenh\u00f6fen und Dohren. Bereits bei Avensermoor mit den vielen Gr\u00fcnfl\u00e4chen war es nicht zu \u00fcberh\u00f6ren, das Geschnattere der Wildg\u00e4nse. Und hinter Dohren &hellip; <a href=\"https:\/\/willizblog.de\/?p=11511\" class=\"more-link\"><span class=\"screen-reader-text\">Ein Geschnattere liegt in der Luft<\/span> weiterlesen <span class=\"meta-nav\">&rarr;<\/span><\/a><\/p>\n","protected":false},"author":1,"featured_media":0,"comment_status":"open","ping_status":"open","sticky":false,"template":"","format":"standard","meta":[],"categories":[16],"tags":[],"_links":{"self":[{"href":"https:\/\/willizblog.de\/index.php?rest_route=\/wp\/v2\/posts\/11511"}],"collection":[{"href":"https:\/\/willizblog.de\/index.php?rest_route=\/wp\/v2\/posts"}],"about":[{"href":"https:\/\/willizblog.de\/index.php?rest_route=\/wp\/v2\/types\/post"}],"author":[{"embeddable":true,"href":"https:\/\/willizblog.de\/index.php?rest_route=\/wp\/v2\/users\/1"}],"replies":[{"embeddable":true,"href":"https:\/\/willizblog.de\/index.php?rest_route=%2Fwp%2Fv2%2Fcomments&post=11511"}],"version-history":[{"count":0,"href":"https:\/\/willizblog.de\/index.php?rest_route=\/wp\/v2\/posts\/11511\/revisions"}],"wp:attachment":[{"href":"https:\/\/willizblog.de\/index.php?rest_route=%2Fwp%2Fv2%2Fmedia&parent=11511"}],"wp:term":[{"taxonomy":"category","embeddable":true,"href":"https:\/\/willizblog.de\/index.php?rest_route=%2Fwp%2Fv2%2Fcategories&post=11511"},{"taxonomy":"post_tag","embeddable":true,"href":"https:\/\/willizblog.de\/index.php?rest_route=%2Fwp%2Fv2%2Ftags&post=11511"}],"curies":[{"name":"wp","href":"https:\/\/api.w.org\/{rel}","templated":true}]}}