{"id":11518,"date":"2021-11-29T09:46:34","date_gmt":"2021-11-29T09:46:34","guid":{"rendered":"https:\/\/willizblog.de\/?p=11518"},"modified":"2021-11-29T09:46:34","modified_gmt":"2021-11-29T09:46:34","slug":"kurt-marti-event-advent-2","status":"publish","type":"post","link":"https:\/\/willizblog.de\/?p=11518","title":{"rendered":"Kurt Marti: event advent"},"content":{"rendered":"<p><em>die in nebelfeuchten st\u00e4dten wohnen<br \/>\nh\u00f6ren heilsarmeeges\u00e4nge<br \/>\nin den alpen schleudern die kanonen<br \/>\nkunstschnee auf noch gr\u00fcne h\u00e4nge<\/em><br \/>\n<em><br \/>\nkl\u00e4use gibt`s und engel zur gen\u00fcge<br \/>\nbettler leiden unterm wetter<br \/>\nwers vermag bucht jetzt karibikfl\u00fcge<br \/>\njunge kaufen snowboardbretter<\/em><\/p>\n<p><em>jahr um jahr adventets k\u00fchner greller<br \/>\nein event in dunklen tagen<br \/>\nalle waren zirkulieren schneller \u2013<br \/>\nw\u00e4r`da sonst noch was zu sagen?<\/em><\/p>\n<p><a href=\"https:\/\/de.wikipedia.org\/wiki\/Kurt_Marti\" rel=\"noopener\" target=\"_blank\">Kurt Marti<\/a><\/p>\n<table border=\"0\" cellpadding=\"0\" cellspacing=\"0\" width=\"100%\">\n<tr>\n<td width=\"50%\">\n<p align=\"center\"><img loading=\"lazy\" border=\"0\" src=\"https:\/\/www.willizblog.de\/blogpicts\/advent2009_03.jpg\" alt=\"selbst gebundener Adventskranz bei AlbinZ (Wohnzimmer)\" title=\"selbst gebundener Adventskranz bei AlbinZ (Wohnzimmer)\" width=\"270\" height=\"203\"><\/td>\n<td width=\"50%\">\n<p align=\"center\"><img loading=\"lazy\" border=\"0\" src=\"https:\/\/www.willizblog.de\/blogpicts\/advent2009_04.jpg\" alt=\"selbst gebundener Adventskranz bei AlbinZ (K\u00fcche)\" title=\"selbst gebundener Adventskranz bei AlbinZ (Wohnzimmer)\" width=\"270\" height=\"203\"><\/td>\n<\/tr>\n<\/table>\n<p>Es ist wieder soweit: Die Vorweihnachtszeit hat begonnen, der 1. Advent liegt schon hinter uns. &#8211;  &#8222;W\u00e4r&#8216; da sonst noch was zu sagen?&#8220; &#8211;  Wie bereits im Vorjahr bestimmt wieder das Corona-Virus diese Zeit \u2013 dank der vielen Pappnasen, die sich nicht impfen lassen wollen. DANKE!<\/p>\n<p>Machen wir das Beste daraus. Euch allen eine sch\u00f6ne Zeit.  Bleibt gesund und lasst Euch nicht unterkriegen!<\/p>\n<p><!-- START ADVERTISER: paul-schrader DE from awin.com --><\/p>\n<p><a href=\"https:\/\/www.awin1.com\/cread.php?s=2592183&#038;v=14450&#038;q=364937&#038;r=859005\"><br \/>\n    <img src=\"https:\/\/www.awin1.com\/cshow.php?s=2592183&#038;v=14450&#038;q=364937&#038;r=859005\" border=\"0\"><br \/>\n<\/a><\/p>\n<p><!-- END ADVERTISER: paul-schrader DE from awin.com --><\/p>\n","protected":false},"excerpt":{"rendered":"<p>die in nebelfeuchten st\u00e4dten wohnen h\u00f6ren heilsarmeeges\u00e4nge in den alpen schleudern die kanonen kunstschnee auf noch gr\u00fcne h\u00e4nge kl\u00e4use gibt`s und engel zur gen\u00fcge bettler leiden unterm wetter wers vermag bucht jetzt karibikfl\u00fcge junge kaufen snowboardbretter jahr um jahr adventets k\u00fchner greller ein event in dunklen tagen alle waren zirkulieren schneller \u2013 w\u00e4r`da sonst noch &hellip; <a href=\"https:\/\/willizblog.de\/?p=11518\" class=\"more-link\"><span class=\"screen-reader-text\">Kurt Marti: event advent<\/span> weiterlesen <span class=\"meta-nav\">&rarr;<\/span><\/a><\/p>\n","protected":false},"author":1,"featured_media":0,"comment_status":"open","ping_status":"open","sticky":false,"template":"","format":"standard","meta":[],"categories":[33],"tags":[],"_links":{"self":[{"href":"https:\/\/willizblog.de\/index.php?rest_route=\/wp\/v2\/posts\/11518"}],"collection":[{"href":"https:\/\/willizblog.de\/index.php?rest_route=\/wp\/v2\/posts"}],"about":[{"href":"https:\/\/willizblog.de\/index.php?rest_route=\/wp\/v2\/types\/post"}],"author":[{"embeddable":true,"href":"https:\/\/willizblog.de\/index.php?rest_route=\/wp\/v2\/users\/1"}],"replies":[{"embeddable":true,"href":"https:\/\/willizblog.de\/index.php?rest_route=%2Fwp%2Fv2%2Fcomments&post=11518"}],"version-history":[{"count":0,"href":"https:\/\/willizblog.de\/index.php?rest_route=\/wp\/v2\/posts\/11518\/revisions"}],"wp:attachment":[{"href":"https:\/\/willizblog.de\/index.php?rest_route=%2Fwp%2Fv2%2Fmedia&parent=11518"}],"wp:term":[{"taxonomy":"category","embeddable":true,"href":"https:\/\/willizblog.de\/index.php?rest_route=%2Fwp%2Fv2%2Fcategories&post=11518"},{"taxonomy":"post_tag","embeddable":true,"href":"https:\/\/willizblog.de\/index.php?rest_route=%2Fwp%2Fv2%2Ftags&post=11518"}],"curies":[{"name":"wp","href":"https:\/\/api.w.org\/{rel}","templated":true}]}}