{"id":1152,"date":"2008-04-04T05:28:08","date_gmt":"2008-04-04T03:28:08","guid":{"rendered":"http:\/\/www.albinz.de\/blog\/?p=1152"},"modified":"2008-04-04T05:28:08","modified_gmt":"2008-04-04T03:28:08","slug":"40-todestag-von-martin-luther-king","status":"publish","type":"post","link":"https:\/\/willizblog.de\/?p=1152","title":{"rendered":"40. Todestag von Martin Luther King"},"content":{"rendered":"<p>In Zeiten von fragw\u00fcrdigen <a href=\"https:\/\/www.willizblog.de\/?p=1147\" target=\"_blank\">Superstars und Idolen<\/a> fragt man sich vielleicht, welche Idole man selbst hat. Es gibt sicherlich zwei Menschen, die ich zu meinen Idolen erkl\u00e4ren k\u00f6nnte. Sie sind es, weil sie ein Ideal vertreten, dem auch ich mich verpflichtet f\u00fchle: Widerstand gegen Diskriminierung alles Art, aber gewaltlos. Da f\u00e4llt sicherlich vielen gleich der Name <a href=\"https:\/\/www.willizblog.de\/?p=924\" target=\"_blank\">Gandhi<\/a> ein. Richtig! Der andere ist <a href=\"https:\/\/de.wikipedia.org\/wiki\/Martin_Luther_King\" target=\"_blank\">Martin Luther King<\/a>, der wohl gr\u00f6\u00dfte F\u00fchrer des gewaltlosen Protestes f\u00fcr die Gleichberechtigung der Schwarzen in den USA, der sich auf Gandhi berief.<\/p>\n<p>Martin Luther King hatte mich schon in meiner Kindheit fasziniert. Besonders der so genannte <a href=\"https:\/\/de.wikipedia.org\/wiki\/Montgomery_Bus_Boycott\" target=\"_blank\">Montgomery Bus Boycott<\/a> in Alabama 1955\/56, der \u00fcber ein Jahr dauerte, am Ende aber erfolgreich war und durch den Martin Luther King bekannt wurde, hatte mich sehr beeindruckt.<\/p>\n<p><em>Die Rassentrennung in den Bussen sah zu dieser Zeit vor, dass Schwarze nur bestimmte Sitzreihen in einem Bus nutzen durften. In Montgomery mussten sie vorne ihr Fahrgeld bezahlen und dann wieder aussteigen, um im hinteren Teil des Busses zu ihren Pl\u00e4tzen zu kommen \u2013 nicht selten fuhr dann der Busfahrer ab, ohne die Schwarzen einsteigen zu lassen. Hinzu kam eine st\u00e4ndige Bel\u00e4stigung durch die Fahrer und Mitfahrer, so dass diese rassistische Praxis f\u00fcr zunehmende Proteste sorgte. So wurde Rosa Parks am 1. Dezember 1955 in Montgomery festgenommen, nachdem sie sich geweigert hatte, ihren Platz f\u00fcr einen wei\u00dfh\u00e4utigen Mitfahrer freizumachen. Diese Festnahme hatte landesweit f\u00fcr Aufsehen gesorgt und f\u00fchrte unter den 42.000 Schwarzen in der Stadt zu dem Entschluss, zivilen Ungehorsam zu leisten. 381 Tage lang wurden die Busse durch die schwarze Bev\u00f6lkerung boykottiert.<\/em><\/p>\n<p>Ein anderes Ereignis sorgte ebenso f\u00fcr weltweites Aufsehen: Am 28. August 1963 demonstrierten friedlich mehr als 250.000 Menschen, darunter 60.000 Wei\u00dfe und neben King sechs weitere schwarze F\u00fchrer, auch um die B\u00fcrgerrechts-Gesetzgebung Pr\u00e4sident Kennedys zu unterst\u00fctzen. Hier hielt King seine wohl bekannteste Rede <a href=\"https:\/\/de.wikipedia.org\/wiki\/I_Have_a_Dream\" target=\"_blank\">I Have a Dream<\/a>. Darin entwarf er seine Vision von einem Amerika, in dem Schwarze und Wei\u00dfe gleichberechtigt miteinander leben. <\/p>\n<p><img src=\"https:\/\/www.willizblog.de\/blogpicts\/martin_luther_king_i_have_a_dream.jpg\" alt=\"Martin Luther King Jr. 1963: I Have a Dream\" \/><\/p>\n<p><em><a href=\"http:\/\/www.americanrhetoric.com\/speeches\/mlkihaveadream.htm\" target=\"_blank\">&#8222;Ich habe einen Traum&#8220;<\/a><\/em>, rief er, <em>&#8222;dass eines Tages die S\u00f6hne von fr\u00fcheren Sklaven und die S\u00f6hne von fr\u00fcheren Sklavenhaltern auf den roten H\u00fcgeln von Georgia am Tisch der Bruderschaft zusammensitzen k\u00f6nnen.&#8220;<\/em> Und er fuhr fort: <em>&#8222;Ich habe einen Traum, dass meine vier kleinen Kinder eines Tages in einer Nation leben werden, in der sie nicht nach der Farbe ihrer Haut, sondern nach ihrem Charakter beurteilt werden.&#8220;<\/em><\/p>\n<p>Heute vor 40 Jahren wurde Martin Luther King durch die Gewehrsch\u00fcsse eines wei\u00dfen Rassisten t\u00f6dlich verletzt.<\/p>\n<p>siehe zdf.de: <a href=\"http:\/\/www.heute.de\/ZDFheute\/inhalt\/3\/0,3672,7186819,00.html\" target=\"_blank\">Weit entfernt von Kings Traum<\/a><\/p>\n<p>Bilderserie zdf.de \u2013 <a href=\"http:\/\/www.zdf.de\/ZDFmediathek\/content\/455838?inPopup=true\" target=\"_blank\">\u201eHaltet durch Br\u00fcder\u201c<\/a><\/p>\n<p>siehe auch zu den Hintergr\u00fcnden des Mordes: <a href=\"http:\/\/www.focus.de\/wissen\/wissenschaft\/tid-9436\/martin-luther-king-unvergessener-anwalt-der-schwarzen_aid_268244.html\" target=\"_blank\">focus.de<\/a><\/p>\n","protected":false},"excerpt":{"rendered":"<p>In Zeiten von fragw\u00fcrdigen Superstars und Idolen fragt man sich vielleicht, welche Idole man selbst hat. Es gibt sicherlich zwei Menschen, die ich zu meinen Idolen erkl\u00e4ren k\u00f6nnte. Sie sind es, weil sie ein Ideal vertreten, dem auch ich mich verpflichtet f\u00fchle: Widerstand gegen Diskriminierung alles Art, aber gewaltlos. Da f\u00e4llt sicherlich vielen gleich der &hellip; <a href=\"https:\/\/willizblog.de\/?p=1152\" class=\"more-link\"><span class=\"screen-reader-text\">40. Todestag von Martin Luther King<\/span> weiterlesen <span class=\"meta-nav\">&rarr;<\/span><\/a><\/p>\n","protected":false},"author":1,"featured_media":0,"comment_status":"open","ping_status":"closed","sticky":false,"template":"","format":"standard","meta":[],"categories":[15,12],"tags":[],"_links":{"self":[{"href":"https:\/\/willizblog.de\/index.php?rest_route=\/wp\/v2\/posts\/1152"}],"collection":[{"href":"https:\/\/willizblog.de\/index.php?rest_route=\/wp\/v2\/posts"}],"about":[{"href":"https:\/\/willizblog.de\/index.php?rest_route=\/wp\/v2\/types\/post"}],"author":[{"embeddable":true,"href":"https:\/\/willizblog.de\/index.php?rest_route=\/wp\/v2\/users\/1"}],"replies":[{"embeddable":true,"href":"https:\/\/willizblog.de\/index.php?rest_route=%2Fwp%2Fv2%2Fcomments&post=1152"}],"version-history":[{"count":0,"href":"https:\/\/willizblog.de\/index.php?rest_route=\/wp\/v2\/posts\/1152\/revisions"}],"wp:attachment":[{"href":"https:\/\/willizblog.de\/index.php?rest_route=%2Fwp%2Fv2%2Fmedia&parent=1152"}],"wp:term":[{"taxonomy":"category","embeddable":true,"href":"https:\/\/willizblog.de\/index.php?rest_route=%2Fwp%2Fv2%2Fcategories&post=1152"},{"taxonomy":"post_tag","embeddable":true,"href":"https:\/\/willizblog.de\/index.php?rest_route=%2Fwp%2Fv2%2Ftags&post=1152"}],"curies":[{"name":"wp","href":"https:\/\/api.w.org\/{rel}","templated":true}]}}