{"id":11521,"date":"2021-12-06T11:20:47","date_gmt":"2021-12-06T11:20:47","guid":{"rendered":"https:\/\/willizblog.de\/?p=11521"},"modified":"2021-12-06T21:31:17","modified_gmt":"2021-12-06T21:31:17","slug":"advent-advent-die-huette-brennt","status":"publish","type":"post","link":"https:\/\/willizblog.de\/?p=11521","title":{"rendered":"Advent, Advent, die H\u00fctte brennt &#8230;"},"content":{"rendered":"<p>Bevor ich mich den vorweihnachtlich nostalgischen Gef\u00fchlen hingebe und mir den Magen mit Marzipan, Stollen und Lebkuchen verrenke, muss ich mich noch einmal auskotzen:<\/p>\n<p>Ja, wir leben in besonderen Zeiten. Das Coronavirus hat uns wieder voll im Griff. Vielerorts gilt seit dem 1. Dezember die 2G+-Regelung in fast allen \u00f6ffentlichen Bereichen, z.B. beim Sport und beim Friseur. Es gen\u00fcgt also nicht, genesen oder vollst\u00e4ndig (also zweimal) geimpft zu sein, ein Schnelltest muss vorgelegt werden, der h\u00f6chstens 24 Stunden alt sein darf.<\/p>\n<p>Bei uns in Tostedt nun gibt es zwei Schnelltestzentren (eine davon ein Drive-in), die allerdings \u00fcberlaufen sind. Der Mensch ist nun einmal ein Herdentier und sucht die N\u00e4he von Artgenossen. Alternativ geht es auch bei einigen \u00c4rzten. Und eine Apotheke f\u00fchrt auch kostenlose Schnelltests durch. Ich wollte vor Weihnachten endlich wieder zum Friseur, aber als ich die endlos langen Schlangen vor beiden Testzentren sah, habe ich kehrtgemacht So fuhr ich (mit dem Rad) zur n\u00e4chsten Apotheke, um dort zumindest einen Termin auszumachen, und siehe da: Ich war der einzige Testwillige und kam gleich dran. Kurz aufs Ergebnis gewartet und schon sa\u00df ich beim Friseur, der mich besonders freundlich begr\u00fc\u00dfte, denn auch hier war ich (zumindest zun\u00e4chst) der einzige Kunde. Diesmal wurde der Haarschnitt auch besonders gut, da der Friseur viel Zeit f\u00fcr mich hatte. Also alles gut \u2026?!<\/p>\n<p><img src=\"https:\/\/www.willizblog.de\/pics\/corona_willi_mundschutz.jpg\" alt=\"Willi mit Gesichtsmaske\" title=\"Willi mit Schnutenpulli\" \/><br \/>\nWilli mit <a href=\"https:\/\/willizblog.de\/?p=10982\" rel=\"noopener\" target=\"_blank\">Schnutenpulli<\/a><\/p>\n<p>Eigentlich kann ich nicht klagen. Aber \u2013 und da schreibe ich nat\u00fcrlich nichts Neues \u2013 ist es eine Zumutung, dass derma\u00dfen kurzfristig eine solche Regelung wie 2G+ von der Politik verordnet wird, obwohl es nicht gen\u00fcgend Testm\u00f6glichkeiten gibt. Dem meinte man in Niedersachsen gegenzusteuern, indem diejenigen, die sich zum 3. Mal impfen lassen (Boosterimpfung), keine Tests mehr vorweisen m\u00fcssen. Boostern kann man sich allerdings erst f\u00fcnf Monate nach der Zweitimpfung, wenn \u00fcberhaupt Impfstoff vorhanden ist und man einen Termin bekommt. Die Impfzentren wurden ja bekannterweise vor einiger Zeit geschlossen. Daf\u00fcr gibt es z.B. jetzt in Niedersachsen mobile Impfzentren, bei denen man sich ohne Termin in sicherlich ebenso lange Warteschlangen einreihen darf wie bei den Testzentren. &#8211; Wenn ich also zum Sport will, muss ich mich weiterhin vorher testen lassen. Super!<\/p>\n<p>Was die Politik (und das gilt f\u00fcr die alte wie die neue Bundesregierung, nat\u00fcrlich besonders auch f\u00fcr die Landesregierungen) sich bisher geleistet hat, ist ein Skandal. Anstatt gleich zu klaren, dauerhaften Regeln zu kommen, gibt es ein ewiges Hin und Her, sodass kaum noch einer wei\u00df, was gerade gilt. Statt auf Fachleute wie Virologen zu h\u00f6ren, k\u00f6chelt jeder Politiker sein eigenes S\u00fcppchen. Am Ende ist man dann auch noch so dreist und behauptet, die neue Welle schon fr\u00fch vorausgesagt zu haben, obwohl genau das Gegenteil stimmt (oder Herr S\u00f6der?).<\/p>\n<p>Ich will hier gar nicht erst auf die unbelehrbaren Dummk\u00f6pfe zu sprechen kommen, die meinen, das Coronavirus ignorieren zu k\u00f6nnen. Solche Vollidioten gab es z.B. schon vor 200 Jahren, als in Bayern die Impfpflicht gegen die Pocken eingef\u00fchrt wurde. Wir h\u00e4tten diese Krankheit wohl noch heute, wenn es nach diesen Pappnasen gegangen w\u00e4re.<\/p>\n<p>Was mich ankotzt, ist die Politik! Und wenn ich sehe, solche Gestalten (Lindner und Co.) in der neuen Bundesregierung mit das Sagen haben, die meinen, unsere &#8218;Freiheit&#8216; sch\u00fctzen zu m\u00fcssen und dabei auch \u00fcber Leichen zu gehen bereit sind, dann sehe ich kein Ende der Pandemie. Und was da an Fakes aus den M\u00e4ulern vieler Politiker kommt, ist haneb\u00fcchen.<\/p>\n<p>Mit Corona werden wir wohl weiterhin leben m\u00fcssen. Die n\u00e4chste Variante ist auf dem Vormarsch. Aber wir sollten uns so gut wie m\u00f6glich davor sch\u00fctzen. Nur so k\u00f6nnen wir zum Alltag zur\u00fcckkehren. Nicht, indem die Politik uns erst H\u00fc, dann Hott verordnet.<\/p>\n","protected":false},"excerpt":{"rendered":"<p>Bevor ich mich den vorweihnachtlich nostalgischen Gef\u00fchlen hingebe und mir den Magen mit Marzipan, Stollen und Lebkuchen verrenke, muss ich mich noch einmal auskotzen: Ja, wir leben in besonderen Zeiten. Das Coronavirus hat uns wieder voll im Griff. Vielerorts gilt seit dem 1. Dezember die 2G+-Regelung in fast allen \u00f6ffentlichen Bereichen, z.B. beim Sport und &hellip; <a href=\"https:\/\/willizblog.de\/?p=11521\" class=\"more-link\"><span class=\"screen-reader-text\">Advent, Advent, die H\u00fctte brennt &#8230;<\/span> weiterlesen <span class=\"meta-nav\">&rarr;<\/span><\/a><\/p>\n","protected":false},"author":1,"featured_media":0,"comment_status":"open","ping_status":"open","sticky":false,"template":"","format":"standard","meta":[],"categories":[2],"tags":[],"_links":{"self":[{"href":"https:\/\/willizblog.de\/index.php?rest_route=\/wp\/v2\/posts\/11521"}],"collection":[{"href":"https:\/\/willizblog.de\/index.php?rest_route=\/wp\/v2\/posts"}],"about":[{"href":"https:\/\/willizblog.de\/index.php?rest_route=\/wp\/v2\/types\/post"}],"author":[{"embeddable":true,"href":"https:\/\/willizblog.de\/index.php?rest_route=\/wp\/v2\/users\/1"}],"replies":[{"embeddable":true,"href":"https:\/\/willizblog.de\/index.php?rest_route=%2Fwp%2Fv2%2Fcomments&post=11521"}],"version-history":[{"count":0,"href":"https:\/\/willizblog.de\/index.php?rest_route=\/wp\/v2\/posts\/11521\/revisions"}],"wp:attachment":[{"href":"https:\/\/willizblog.de\/index.php?rest_route=%2Fwp%2Fv2%2Fmedia&parent=11521"}],"wp:term":[{"taxonomy":"category","embeddable":true,"href":"https:\/\/willizblog.de\/index.php?rest_route=%2Fwp%2Fv2%2Fcategories&post=11521"},{"taxonomy":"post_tag","embeddable":true,"href":"https:\/\/willizblog.de\/index.php?rest_route=%2Fwp%2Fv2%2Ftags&post=11521"}],"curies":[{"name":"wp","href":"https:\/\/api.w.org\/{rel}","templated":true}]}}