{"id":116,"date":"2005-04-21T17:27:03","date_gmt":"2005-04-21T16:27:03","guid":{"rendered":"http:\/\/www.albinz.de\/blog\/?p=116"},"modified":"2005-10-20T10:44:58","modified_gmt":"2005-10-20T08:44:58","slug":"habemus-papam-benedikt-xvi","status":"publish","type":"post","link":"https:\/\/willizblog.de\/?p=116","title":{"rendered":"Habemus papam: Benedikt XVI."},"content":{"rendered":"<p>Nach \u00fcber 480 Jahren gibt es wieder einen deutschen Papst. Dass es Joseph Ratzinger geworden ist, \u00fcberrascht nach einiger \u00dcberlegung nicht unbedingt. Dass die Wahl so schnell getroffen wurden, dann auch nicht. Einigen Politikern aus deutschen Landen f\u00e4llt dazu nicht mehr ein, als den Stolz zu verk\u00fcnden, dass eben der neue Papst aus Deutschland komme. Aber wir sind nicht die Polen, die sich mit dem alten Papst identifizierten. Deutschland ist auch das Land Luthers.<\/p>\n<p>Bei aller Freude besteht bei vielen Skepsis, denn <a href=\"http:\/\/www.vatican.va\/phome_ge.htm\" target=\"_blank\">Benedikt XVI<\/a> ist als konservativ bekannt, als Bewahrer der reinen Glaubenslehre, die sich entgegen jedem Modetrend zu bew\u00e4hren hat.<\/p>\n<p>Aber in bestimmten Dingen muss sich der neue Hirte \u00fcber eine Milliarde Menschen doch fragen lassen, ob auch unabh\u00e4ngig vom Zeitgeist \u00c4nderungen \u00fcberholter Ansichten notwendig sind. Ich denke da z.B. an Empf\u00e4ngnisverh\u00fctung. Eine liberalere Haltung in dieser Frage bedeutet nicht das Beg\u00fcnstigen von Promiskuit\u00e4t. Ein Paar, das sich liebt, betreibt den Geschlechtsakt nicht allein, um f\u00fcr Nachwuchs zu sorgen. Eine erf\u00fcllte Sexualit\u00e4t, das wissen auch katholische Geistliche, legt die Grundlage f\u00fcr eine funktionierende Partnerschaft in Gl\u00fcck und Zufriedenheit. Wahre Liebe heiligt sich notfalls selbst.<\/p>\n<p>Aber lassen wir den neuen Papst erst einmal wirken. Dann sehen wir, was er bewirkt. Obwohl z.B. <a href=\"http:\/\/www.vatican.va\/holy_father\/john_paul_ii\/index_ge.htm\" target=\"_blank\">Johannes Paul II<\/a> nach Meinung vieler sehr konservativ war, so hat er sich durch seinen unbeugsamen Willen und Einsatz f\u00fcr den Frieden \u00fcber die Religionsgrenzen hinaus hohe Verdienste erworben.<\/p>\n","protected":false},"excerpt":{"rendered":"<p>Nach \u00fcber 480 Jahren gibt es wieder einen deutschen Papst. Dass es Joseph Ratzinger geworden ist, \u00fcberrascht nach einiger \u00dcberlegung nicht unbedingt. Dass die Wahl so schnell getroffen wurden, dann auch nicht. Einigen Politikern aus deutschen Landen f\u00e4llt dazu nicht mehr ein, als den Stolz zu verk\u00fcnden, dass eben der neue Papst aus Deutschland komme. &hellip; <a href=\"https:\/\/willizblog.de\/?p=116\" class=\"more-link\"><span class=\"screen-reader-text\">Habemus papam: Benedikt XVI.<\/span> weiterlesen <span class=\"meta-nav\">&rarr;<\/span><\/a><\/p>\n","protected":false},"author":1,"featured_media":0,"comment_status":"closed","ping_status":"closed","sticky":false,"template":"","format":"standard","meta":[],"categories":[15],"tags":[],"_links":{"self":[{"href":"https:\/\/willizblog.de\/index.php?rest_route=\/wp\/v2\/posts\/116"}],"collection":[{"href":"https:\/\/willizblog.de\/index.php?rest_route=\/wp\/v2\/posts"}],"about":[{"href":"https:\/\/willizblog.de\/index.php?rest_route=\/wp\/v2\/types\/post"}],"author":[{"embeddable":true,"href":"https:\/\/willizblog.de\/index.php?rest_route=\/wp\/v2\/users\/1"}],"replies":[{"embeddable":true,"href":"https:\/\/willizblog.de\/index.php?rest_route=%2Fwp%2Fv2%2Fcomments&post=116"}],"version-history":[{"count":0,"href":"https:\/\/willizblog.de\/index.php?rest_route=\/wp\/v2\/posts\/116\/revisions"}],"wp:attachment":[{"href":"https:\/\/willizblog.de\/index.php?rest_route=%2Fwp%2Fv2%2Fmedia&parent=116"}],"wp:term":[{"taxonomy":"category","embeddable":true,"href":"https:\/\/willizblog.de\/index.php?rest_route=%2Fwp%2Fv2%2Fcategories&post=116"},{"taxonomy":"post_tag","embeddable":true,"href":"https:\/\/willizblog.de\/index.php?rest_route=%2Fwp%2Fv2%2Ftags&post=116"}],"curies":[{"name":"wp","href":"https:\/\/api.w.org\/{rel}","templated":true}]}}