{"id":1160,"date":"2008-04-11T05:38:17","date_gmt":"2008-04-11T03:38:17","guid":{"rendered":"http:\/\/www.albinz.de\/blog\/?p=1160"},"modified":"2008-05-21T09:23:45","modified_gmt":"2008-05-21T07:23:45","slug":"die-anderthalb-stunden-der-wahrheit","status":"publish","type":"post","link":"https:\/\/willizblog.de\/?p=1160","title":{"rendered":"Die anderthalb Stunden der Wahrheit"},"content":{"rendered":"<p>Von der deutschen \u201aHerrlichkeit\u2019 im europ\u00e4ischen Fu\u00dfball-Wettbewerb ist wenig \u00fcbriggeblieben. Schalke bem\u00fchte sich zwar beim FC Barcelona und Bayer Leverkusen verhinderte ein 2. Debakel gegen St. Petersburg: Trotzdem schieden beide in Europa-Pokal aus. Nur die Bayern halten das F\u00e4hnlein des deutschen Fu\u00dfball aufrecht, denn mehr mit Gl\u00fcck als mit K\u00f6nnen ertrotzte man sich durch ein sp\u00e4tes Tor die Verl\u00e4ngerung und dann wieder mit einem Tor in letzter Sekunde das Weiterkommen gegen den spanischen Vertreter FC Getafe im UEFA-Cup.<\/p>\n<p><img src=\"https:\/\/www.willizblog.de\/blogpicts\/werder_stromausfall_2004_schalke.jpg\" alt=\"Stromausfall Werder Bremen - Schalke 04 am 1. Spieltag 2004\/05\" \/><\/p>\n<p>Daf\u00fcr sind die Bayern so gut wie deutscher Meister mit den neun Punkten Vorsprung auf Schalke 04, dem Zweitplatzierten. Gegen Schalke geht es nun f\u00fcr den SV Werder Bremen morgen um die Wurst: Anderthalb Stunden Spiel, die eine Vorentscheidung \u00fcber die Teilnahme an der Champions League in der n\u00e4chsten Saison herbeif\u00fchren k\u00f6nnte. Alles in drin: vom Platz 2 bis zu Platz 8.<\/p>\n<p>Und nur noch 57 Tage bis zur Europameisterschaft 2008 in \u00d6sterreich und der Schweiz. Wie fit ist z.B. der deutsche Sturm? Schaut man auf die Torj\u00e4gertabelle der Bundesliga, dann stehen an der Spitze fast nur ausl\u00e4ndische Spieler. Lediglich Mario Gomez und Miroslav Klose k\u00f6nnen sich in der Spitze behaupten. Aber Kloses 10 Treffer resultieren noch aus der Vorrunde; zz.  ist bei ihm wieder \u201atotale Ladehemmung\u2019 angesagt. Kennen wir das nicht irgendwo her? <\/p>\n<p>Trotz der Siege in der Vorbereitung gegen \u00d6sterreich und die Schweiz: Ich glaube kaum, dass die deutsche Fu\u00dfballnationalmannschaft Europameister wird.<\/p>\n","protected":false},"excerpt":{"rendered":"<p>Von der deutschen \u201aHerrlichkeit\u2019 im europ\u00e4ischen Fu\u00dfball-Wettbewerb ist wenig \u00fcbriggeblieben. Schalke bem\u00fchte sich zwar beim FC Barcelona und Bayer Leverkusen verhinderte ein 2. Debakel gegen St. Petersburg: Trotzdem schieden beide in Europa-Pokal aus. Nur die Bayern halten das F\u00e4hnlein des deutschen Fu\u00dfball aufrecht, denn mehr mit Gl\u00fcck als mit K\u00f6nnen ertrotzte man sich durch ein &hellip; <a href=\"https:\/\/willizblog.de\/?p=1160\" class=\"more-link\"><span class=\"screen-reader-text\">Die anderthalb Stunden der Wahrheit<\/span> weiterlesen <span class=\"meta-nav\">&rarr;<\/span><\/a><\/p>\n","protected":false},"author":1,"featured_media":0,"comment_status":"open","ping_status":"closed","sticky":false,"template":"","format":"standard","meta":[],"categories":[39,4,27],"tags":[],"_links":{"self":[{"href":"https:\/\/willizblog.de\/index.php?rest_route=\/wp\/v2\/posts\/1160"}],"collection":[{"href":"https:\/\/willizblog.de\/index.php?rest_route=\/wp\/v2\/posts"}],"about":[{"href":"https:\/\/willizblog.de\/index.php?rest_route=\/wp\/v2\/types\/post"}],"author":[{"embeddable":true,"href":"https:\/\/willizblog.de\/index.php?rest_route=\/wp\/v2\/users\/1"}],"replies":[{"embeddable":true,"href":"https:\/\/willizblog.de\/index.php?rest_route=%2Fwp%2Fv2%2Fcomments&post=1160"}],"version-history":[{"count":0,"href":"https:\/\/willizblog.de\/index.php?rest_route=\/wp\/v2\/posts\/1160\/revisions"}],"wp:attachment":[{"href":"https:\/\/willizblog.de\/index.php?rest_route=%2Fwp%2Fv2%2Fmedia&parent=1160"}],"wp:term":[{"taxonomy":"category","embeddable":true,"href":"https:\/\/willizblog.de\/index.php?rest_route=%2Fwp%2Fv2%2Fcategories&post=1160"},{"taxonomy":"post_tag","embeddable":true,"href":"https:\/\/willizblog.de\/index.php?rest_route=%2Fwp%2Fv2%2Ftags&post=1160"}],"curies":[{"name":"wp","href":"https:\/\/api.w.org\/{rel}","templated":true}]}}