{"id":11609,"date":"2022-05-06T16:00:51","date_gmt":"2022-05-06T16:00:51","guid":{"rendered":"https:\/\/willizblog.de\/?p=11609"},"modified":"2022-05-06T16:00:51","modified_gmt":"2022-05-06T16:00:51","slug":"willi-rides-a-bicycle-2022-02-tiere-unterwegs","status":"publish","type":"post","link":"https:\/\/willizblog.de\/?p=11609","title":{"rendered":"Willi rides a bicycle 2022 (02): Tiere unterwegs"},"content":{"rendered":"<p>Inzwischen ist es bereits Mai geworden; das Wetter bei uns im Norden &#8211; die letzte Zeit zwar trocken, aber doch oft reichlich mit k\u00fchlem Wind ausgestattet &#8211; soll sich nun auch temperaturm\u00e4\u00dfig ab Montag deutlich verbessern: 20 \u00b0 C und mehr. Das hatte mich aber bisher nicht davon abgehalten, die eine oder andere kleinere Radtour zu unternehmen, wie Fotos <a href=\"https:\/\/willizblog.de\/?p=11601\" target=\"_blank\" rel=\"noopener\">aus einem anderen Betrag<\/a> zeigen.<\/p>\n<p>Es ist nicht gerade die Wildnis, durch die ich radle, aber doch viel Natur, Landschaft eben. Und vieles ist kultiviert (\u00c4cker und Wiesen), manches aber auch unber\u00fchrt und allein der <a href=\"https:\/\/de.wikipedia.org\/wiki\/Erdg%C3%B6ttin\" rel=\"noopener\" target=\"_blank\">Erdg\u00f6ttin<\/a> \u00fcberlassen, mag sie nun Demeter (bei den Griechen) oder Ceres (bei den R\u00f6mern) oder ganz einfach &#8218;Mutter Erde&#8216; (Terra mater) genannt werden. Und hier finden sich neben einer \u00fcppigen Pflanzenwelt auch viele Tiere, Nutztiere oder wildlebende Tiere.<\/p>\n<p><img src=\"https:\/\/www.willizblog.de\/pics\/hoepen_schafe2021.jpg\" alt=\"Schafe in der L\u00fcneburger Heide bei H\u00f6pen 2021\" title=\"Schafe in der L\u00fcneburger Heide bei H\u00f6pen 2021\" \/><br \/>\nSchafe in der L\u00fcneburger Heide bei H\u00f6pen 2021<\/p>\n<p>Zun\u00e4chst (auf meiner Facebookseite zu finden), Tieraufnahmen, die ich im letzten Jahr gemacht habe:<\/p>\n<p><iframe loading=\"lazy\" src=\"https:\/\/www.facebook.com\/plugins\/post.php?href=https%3A%2F%2Fwww.facebook.com%2Fwillizblog%2Fposts%2F5743372022346533&#038;show_text=true&#038;width=500\" width=\"500\" height=\"739\" style=\"border:none;overflow:hidden\" scrolling=\"no\" frameborder=\"0\" allowfullscreen=\"true\" allow=\"autoplay; clipboard-write; encrypted-media; picture-in-picture; web-share\"><\/iframe><\/p>\n<p>Und zuletzt Fotos, die ich in diesem Jahr 2022 &#8218;geschossen&#8216; habe, ohne ein Tier zu verletzten:<\/p>\n<p><iframe loading=\"lazy\" src=\"https:\/\/www.facebook.com\/plugins\/post.php?href=https%3A%2F%2Fwww.facebook.com%2Fwillizblog%2Fposts%2F5714672555216480&#038;show_text=true&#038;width=500\" width=\"500\" height=\"690\" style=\"border:none;overflow:hidden\" scrolling=\"no\" frameborder=\"0\" allowfullscreen=\"true\" allow=\"autoplay; clipboard-write; encrypted-media; picture-in-picture; web-share\"><\/iframe><\/p>\n","protected":false},"excerpt":{"rendered":"<p>Inzwischen ist es bereits Mai geworden; das Wetter bei uns im Norden &#8211; die letzte Zeit zwar trocken, aber doch oft reichlich mit k\u00fchlem Wind ausgestattet &#8211; soll sich nun auch temperaturm\u00e4\u00dfig ab Montag deutlich verbessern: 20 \u00b0 C und mehr. Das hatte mich aber bisher nicht davon abgehalten, die eine oder andere kleinere Radtour &hellip; <a href=\"https:\/\/willizblog.de\/?p=11609\" class=\"more-link\"><span class=\"screen-reader-text\">Willi rides a bicycle 2022 (02): Tiere unterwegs<\/span> weiterlesen <span class=\"meta-nav\">&rarr;<\/span><\/a><\/p>\n","protected":false},"author":1,"featured_media":0,"comment_status":"open","ping_status":"open","sticky":false,"template":"","format":"standard","meta":[],"categories":[11,20],"tags":[],"_links":{"self":[{"href":"https:\/\/willizblog.de\/index.php?rest_route=\/wp\/v2\/posts\/11609"}],"collection":[{"href":"https:\/\/willizblog.de\/index.php?rest_route=\/wp\/v2\/posts"}],"about":[{"href":"https:\/\/willizblog.de\/index.php?rest_route=\/wp\/v2\/types\/post"}],"author":[{"embeddable":true,"href":"https:\/\/willizblog.de\/index.php?rest_route=\/wp\/v2\/users\/1"}],"replies":[{"embeddable":true,"href":"https:\/\/willizblog.de\/index.php?rest_route=%2Fwp%2Fv2%2Fcomments&post=11609"}],"version-history":[{"count":1,"href":"https:\/\/willizblog.de\/index.php?rest_route=\/wp\/v2\/posts\/11609\/revisions"}],"predecessor-version":[{"id":11610,"href":"https:\/\/willizblog.de\/index.php?rest_route=\/wp\/v2\/posts\/11609\/revisions\/11610"}],"wp:attachment":[{"href":"https:\/\/willizblog.de\/index.php?rest_route=%2Fwp%2Fv2%2Fmedia&parent=11609"}],"wp:term":[{"taxonomy":"category","embeddable":true,"href":"https:\/\/willizblog.de\/index.php?rest_route=%2Fwp%2Fv2%2Fcategories&post=11609"},{"taxonomy":"post_tag","embeddable":true,"href":"https:\/\/willizblog.de\/index.php?rest_route=%2Fwp%2Fv2%2Ftags&post=11609"}],"curies":[{"name":"wp","href":"https:\/\/api.w.org\/{rel}","templated":true}]}}