{"id":11618,"date":"2022-05-23T14:45:29","date_gmt":"2022-05-23T14:45:29","guid":{"rendered":"https:\/\/willizblog.de\/?p=11618"},"modified":"2022-05-23T15:16:29","modified_gmt":"2022-05-23T15:16:29","slug":"abschied-von-heinz-besch-%e2%80%a0-07-05-2022","status":"publish","type":"post","link":"https:\/\/willizblog.de\/?p=11618","title":{"rendered":"Abschied von Heinz Besch (\u2020 07.05.2022)"},"content":{"rendered":"<p>Nach kurzer, schwerer Krankheit verstarb am 07. Mai im Alter von 79 Jahren mein Schwager Heinz Besch. Die Beisetzung findet am 10. Juni auf dem Waller Friedhof in Bremen statt.<\/p>\n<p>Mit Heinz verbindet mich eine lange Zeit des gemeinsamen Musizierens. Vor 50 Jahren gr\u00fcndeten wir beide zusammen mit meinem Bruder und dem Bruder meiner Schw\u00e4gerin eine Coverband, die sp\u00e4ter unter dem Namen \u201eBlack Out\u201c zahlreiche Auftritte in Bremen und Umgebung hatte (<a href=\"https:\/\/willizblog.de\/?p=413\" rel=\"noopener\" target=\"_blank\">\u201eBlack Out&#8220; ist die Schweine-Dachboden-und-Keller-Mucke-Band<\/a>). Also so etwas wie eine Familienkapelle! Musikalischer Grundstock waren die Instrumentalst\u00fccke von <a href=\"https:\/\/de.wikipedia.org\/wiki\/The_Shadows\" rel=\"noopener\" target=\"_blank\">den Shadows<\/a>, der nach und nach erweitert wurde. Das Repertoire reichte von Stimmungsliedern bis hin zu St\u00fccken von Eric Clapton, Cat Stevens und <a href=\"https:\/\/willizblog.de\/?cat=9\" rel=\"noopener\" target=\"_blank\">Jethro Tull<\/a> (&#8218;We used to know\u201c \u2013 oft als Endlos-Session). Zuletzt kamen auch einige eigene Lieder hinzu. Heinz spielte die Rhythmusgitarre und sang die von ihm ausgew\u00e4hlten St\u00fccke.<\/p>\n<p><img src=\"https:\/\/www.willizblog.de\/blogpicts\/black_out_1972_1989.jpg\" alt=\"Black Out \u2013 1972-1989\" title=\"Black Out \u2013 1972-1989\" \/><br \/>\nBlack Out \u2013 1972-1989<\/p>\n<p>Gern erinnere ich mich an die vielen Europapokalabende am Fernseher, z.B. schaute ich mit Heinz auch jenen denkw\u00fcrdigen 7:1-Sieg von Borussia M\u00f6nchengladbach gegen Inter Mailand am 20. Oktober 1971, das durch einen <a href=\"https:\/\/de.wikipedia.org\/wiki\/B%C3%BCchsenwurfspiel\" rel=\"noopener\" target=\"_blank\">B\u00fcchsenwurf<\/a> wiederholt werden musste. Gladbach schied nach einem 2:4 und 0:0 (im Nachholspiel) leider aus dem Wettbewerb des Landesmeister aus.<\/p>\n<p>Und dann gab es viele Feierlichkeiten \u2013 zu Silvester oder auf dem Campingplatz von Heinz und Inge, meiner Schwester. Nach den \u00dcbungsstunden ging es oft auch noch gemeinsam auf die Piste in <a href=\"https:\/\/de.wikipedia.org\/wiki\/Viertel_(Bremen)\" rel=\"noopener\" target=\"_blank\">Bremens Viertel<\/a>.<\/p>\n<p>Hier war Heinz Besch in seinen Elementen:<br \/>\n<img src=\"https:\/\/www.willizblog.de\/pics\/heinzbesch2022.jpg\" alt=\"Heinz in seinen Elementen\" t=\"Heinz in seinen Elementen\" \/><br \/>\n<em>Juni 1972 Dachboden in Bremen-Oberneuland<br \/>\n26. August 1972 Spanferkelessen auf dem Campingplatz in Ottersberg<br \/>\n8. November 1975 beim Auftritt in der Gastst\u00e4tte &#8218;Zum Minister&#8216; (heute ein <a href=\"https:\/\/maharani-bremen.de\/\" rel=\"noopener\" target=\"_blank\">indisches Restaurant<\/a>)<br \/>\n1. September 2012 Feier  von Heinz&#8216; 70. Geburtstag Vereinsheim des Kleing\u00e4rtnerverein N\u00fcrnberg e.V., Bremen<\/em><\/p>\n<p>Die letzte gro\u00dfe Feierlichkeit gab am 1. September vor 10 Jahren. Anlass war <a href=\"https:\/\/willizblog.de\/?p=6377\" rel=\"noopener\" target=\"_blank\">Heinz&#8216; 70. Geburtstag<\/a>. Aber auch ein Jahr zuvor hatten wir uns alte Haudegen von &#8218;Black Out&#8216; (bis auf unseren Schlagzeuger Jochen) getroffen. Damals gab es <a href=\"https:\/\/willizblog.de\/?p=4521\" rel=\"noopener\" target=\"_blank\">Spekulationen \u00fcber eine Reunion<\/a> der Gruppe. \ud83d\ude09<br \/>\n<img src=\" https:\/\/www.willizblog.de\/blogpicts\/blackout_2011.jpg\" alt=\"Bruder Armin, meine Wenigkeit und Heinz\" title=\"Bruder Armin, meine Wenigkeit und Heinz\" \/><br \/>\nBruder Armin, meine Wenigkeit und Heinz<\/p>\n<p>Hier noch einmal einige Instrumentalst\u00fccke von &#8218;Black Out&#8216; als Playlist mit Heinz an der Rhythmusgitarre, Armin als Sologitarrist, Jochen am Schlagzeug und ich an der Bassgitarre.<\/p>\n<p><a href=\"https:\/\/willizblog.de\/?p=4589\" rel=\"noopener\" target=\"_blank\">Black Out plays the Music of The Shadows (1)<\/a><br \/>\n<a href=\"https:\/\/willizblog.de\/?p=4635\" rel=\"noopener\" target=\"_blank\">Black Out plays the Music of The Shadows (2)<\/a><\/p>\n<p><iframe loading=\"lazy\" width=\"560\" height=\"480\" src=\"https:\/\/www.youtube.com\/embed\/4iwmj8m0b0s?list=PL43AF57640957D3FD\" title=\"YouTube video player\" frameborder=\"0\" allow=\"accelerometer; autoplay; clipboard-write; encrypted-media; gyroscope; picture-in-picture\" allowfullscreen><\/iframe><\/p>\n<p>siehe auch: <a href=\"https:\/\/willizblog.de\/?p=9343\" rel=\"noopener\" target=\"_blank\">Eine Kerze f\u00fcr Inge (\u2020 21.07.2015)<\/a><\/p>\n","protected":false},"excerpt":{"rendered":"<p>Nach kurzer, schwerer Krankheit verstarb am 07. Mai im Alter von 79 Jahren mein Schwager Heinz Besch. Die Beisetzung findet am 10. Juni auf dem Waller Friedhof in Bremen statt. Mit Heinz verbindet mich eine lange Zeit des gemeinsamen Musizierens. Vor 50 Jahren gr\u00fcndeten wir beide zusammen mit meinem Bruder und dem Bruder meiner Schw\u00e4gerin &hellip; <a href=\"https:\/\/willizblog.de\/?p=11618\" class=\"more-link\"><span class=\"screen-reader-text\">Abschied von Heinz Besch (\u2020 07.05.2022)<\/span> weiterlesen <span class=\"meta-nav\">&rarr;<\/span><\/a><\/p>\n","protected":false},"author":1,"featured_media":0,"comment_status":"open","ping_status":"open","sticky":false,"template":"","format":"standard","meta":[],"categories":[66,5],"tags":[],"_links":{"self":[{"href":"https:\/\/willizblog.de\/index.php?rest_route=\/wp\/v2\/posts\/11618"}],"collection":[{"href":"https:\/\/willizblog.de\/index.php?rest_route=\/wp\/v2\/posts"}],"about":[{"href":"https:\/\/willizblog.de\/index.php?rest_route=\/wp\/v2\/types\/post"}],"author":[{"embeddable":true,"href":"https:\/\/willizblog.de\/index.php?rest_route=\/wp\/v2\/users\/1"}],"replies":[{"embeddable":true,"href":"https:\/\/willizblog.de\/index.php?rest_route=%2Fwp%2Fv2%2Fcomments&post=11618"}],"version-history":[{"count":7,"href":"https:\/\/willizblog.de\/index.php?rest_route=\/wp\/v2\/posts\/11618\/revisions"}],"predecessor-version":[{"id":11625,"href":"https:\/\/willizblog.de\/index.php?rest_route=\/wp\/v2\/posts\/11618\/revisions\/11625"}],"wp:attachment":[{"href":"https:\/\/willizblog.de\/index.php?rest_route=%2Fwp%2Fv2%2Fmedia&parent=11618"}],"wp:term":[{"taxonomy":"category","embeddable":true,"href":"https:\/\/willizblog.de\/index.php?rest_route=%2Fwp%2Fv2%2Fcategories&post=11618"},{"taxonomy":"post_tag","embeddable":true,"href":"https:\/\/willizblog.de\/index.php?rest_route=%2Fwp%2Fv2%2Ftags&post=11618"}],"curies":[{"name":"wp","href":"https:\/\/api.w.org\/{rel}","templated":true}]}}