{"id":11643,"date":"2022-06-27T17:23:42","date_gmt":"2022-06-27T17:23:42","guid":{"rendered":"https:\/\/willizblog.de\/?p=11643"},"modified":"2022-06-27T17:23:42","modified_gmt":"2022-06-27T17:23:42","slug":"neues-aus-der-provinz-02","status":"publish","type":"post","link":"https:\/\/willizblog.de\/?p=11643","title":{"rendered":"Neues aus der Provinz (02)"},"content":{"rendered":"<p>Fr\u00fcher galt Deutschland als das Land der Ordnung, der Zuverl\u00e4ssigkeit und der P\u00fcnktlichkeit. Unter Ordnung wurde dabei durchaus etwas anderes verstanden, als das, was rechte Spinner meinen. <a href=\"https:\/\/de.wikipedia.org\/wiki\/Made_in_Germany\" rel=\"noopener\" target=\"_blank\">\u201eMade in Germany\u201c<\/a>, urspr\u00fcnglich Ende des\u00a019. Jahrhunderts\u00a0als Schutz vor vermeintlich billiger und minderwertiger Importware in\u00a0Gro\u00dfbritannien\u00a0eingef\u00fchrt, war ein Siegel f\u00fcr Qualit\u00e4t.<\/p>\n<p>Heute k\u00f6nnen wir dar\u00fcber nur lachen. Deutschland stufe ich gern auf das Niveau einer <a href=\"https:\/\/willizblog.de\/?s=bananenrepublik\" rel=\"noopener\" target=\"_blank\">Bananenrepublik<\/a> zur\u00fcck (BRD). Es l\u00e4uft immer weniger so, wie es eigentlich laufen sollte. Fehler machen wir alle. Aber wenn man wie ich innerhalb einer Woche mit so vielen Fehlern, Irrt\u00fcmern bzw. Aussetzern konfrontiert wird, dann stellt sich die Frage, ob das nicht eigentlich schon deutscher Alltag geworden ist. Ober liegt es an  dem Provinziellen in unsere Allt\u00e4glichkeit?!<\/p>\n<p><img src=\"https:\/\/www.willizblog.de\/pics\/neues_aus-der_provinz.jpg\" alt=\"Neues aus der Provinz\" title=\"Neues aus der Provinz\" \/><br \/>\nNeues aus der Provinz<\/p>\n<p><strong>Hurricane Festival 2022<\/strong><\/p>\n<p>Nach zwei Jahren ging es also wieder los, das <a href=\"https:\/\/hurricane.de\/de\/\" rel=\"noopener\" target=\"_blank\">Hurricane Festival<\/a> in Schee\u00dfel. Und statt Regen und Gewitter war es diesmal durch die Trockenheit auf dem Gel\u00e4nde sehr staubig. Mal was anderes \u2026 &#8211; Schee\u00dfel ist von Bremen oder Hamburg aus mit den Z\u00fcgen des <a href=\"https:\/\/www.der-metronom.de\/\" rel=\"noopener\" target=\"_blank\">Metronoms<\/a> erreichbar. F\u00fcr die Tage des Festivals verbot nun die Metronom Eisenbahngesellschaft kurzfristig die Mitnahme von Fahrr\u00e4dern und Bollerwagen. Daf\u00fcr karrten die Festivalbesucher ihre sieben Sachen in mehreren Koffern an, die in der Summe dem Volumen derer von Bollerwagen kaum nachstanden. Und: viele der Besucher wollten, da sie in der N\u00e4he wohnen (z.B. in Tostedt) die Nacht zu Hause verbringen und mit dem Metronom nach Hause fahren. Nur schlecht, wenn der erste Zug am Tag um 0 Uhr 51 (wie schon das Wochenende zuvor) ausf\u00e4llt, der n\u00e4chste erst knapp anderthalb Stunden sp\u00e4ter f\u00e4hrt. P\u00fcnktlichkeit und Zuverl\u00e4ssigkeit also f\u00fcr den Arsch, lieber Metronom!<\/p>\n<p><strong>Zensus 2022 \u2013 Geb\u00e4ude- und Wohnungsz\u00e4hlung<\/strong><\/p>\n<p>Als Eigent\u00fcmer einer Doppelhaush\u00e4lfte hatten meine Frau und ich die Aufforderung erhalten, online einen entsprechenden Fragebogen zur Geb\u00e4ude- und Wohnungsz\u00e4hlung im Rahmen des <a href=\"https:\/\/www.zensus2022.de\/DE\/Home\/_inhalt.html\" rel=\"noopener\" target=\"_blank\">Zensus 2022<\/a> auszuf\u00fcllen. Was wir dann auch taten. Einige Zeit sp\u00e4ter kam erneut ein Schreiben. Dieses betraf aber ein Grundst\u00fcck mit Geb\u00e4ude, bei dem wir weder Eigent\u00fcmer noch Verwalter sind. Immerhin konnte das bei der Online-Abfrage auch angegeben werden. Dann allerdings wollte man von uns wissen, wer der &#8217;neue&#8216; Eigent\u00fcmer ist. Es wird also davon ausgegangen, das wir fr\u00fcher einmal Eigent\u00fcmer waren und jetzt wissen, wer der neue Eigent\u00fcmer ist. Um das Formular absenden zu k\u00f6nnen, habe ich irgendeinen Bl\u00f6dsinn eingetragen. So ganz scheint mir der Fragebogen nicht durchdacht zu sein.<\/p>\n<p><strong>Hurra, die Post ist da<\/strong><\/p>\n<p>Immer wieder andere Zusteller und es kommt, wie es wohl kommen muss: In unserem Briefkasten liegt die Post des Nachbarn. Und unsere Post landet eine Stra\u00dfe weiter im Briefkasten. Kann vorkommen, sollte es aber nicht &#8230;<\/p>\n<p><strong>Ein Arzttermin in der Vergangenheit<\/strong><\/p>\n<p>Vielleicht nicht die Kr\u00f6nung, aber auch ein \u00c4rgernis: Da f\u00fcr den Tag, an dem ich bei meinem Hausarzt anrief, kein Termin mehr frei war, sollte ich am kommenden Tag morgens kommen. Ich war dann p\u00fcnktlich da, aber  die Sprechstundenhilfe hatte mich zwar f\u00fcr den gleichen Wochentag, aber eine Woche zuvor, also zu einem Termin in der Vergangenheit eingetragen. Eigentlich sollte das nicht m\u00f6glich sein, solche Termine einzutragen. Und so durfte ich auf einen Termin in der Zukunft hoffen \u2026<\/p>\n<p>Was mir und hier passierte, kann nat\u00fcrlich in einer Stadt genauso passieren. Aber manche deutsche Stadt besticht zunehmend durch einen Hauch, der nach Provinz m\u00fcffelt. Schrieb ich da etwas von Bananenrepublik?!<\/p>\n","protected":false},"excerpt":{"rendered":"<p>Fr\u00fcher galt Deutschland als das Land der Ordnung, der Zuverl\u00e4ssigkeit und der P\u00fcnktlichkeit. Unter Ordnung wurde dabei durchaus etwas anderes verstanden, als das, was rechte Spinner meinen. \u201eMade in Germany\u201c, urspr\u00fcnglich Ende des\u00a019. Jahrhunderts\u00a0als Schutz vor vermeintlich billiger und minderwertiger Importware in\u00a0Gro\u00dfbritannien\u00a0eingef\u00fchrt, war ein Siegel f\u00fcr Qualit\u00e4t. Heute k\u00f6nnen wir dar\u00fcber nur lachen. Deutschland stufe &hellip; <a href=\"https:\/\/willizblog.de\/?p=11643\" class=\"more-link\"><span class=\"screen-reader-text\">Neues aus der Provinz (02)<\/span> weiterlesen <span class=\"meta-nav\">&rarr;<\/span><\/a><\/p>\n","protected":false},"author":1,"featured_media":0,"comment_status":"open","ping_status":"open","sticky":false,"template":"","format":"standard","meta":[],"categories":[20,2],"tags":[],"_links":{"self":[{"href":"https:\/\/willizblog.de\/index.php?rest_route=\/wp\/v2\/posts\/11643"}],"collection":[{"href":"https:\/\/willizblog.de\/index.php?rest_route=\/wp\/v2\/posts"}],"about":[{"href":"https:\/\/willizblog.de\/index.php?rest_route=\/wp\/v2\/types\/post"}],"author":[{"embeddable":true,"href":"https:\/\/willizblog.de\/index.php?rest_route=\/wp\/v2\/users\/1"}],"replies":[{"embeddable":true,"href":"https:\/\/willizblog.de\/index.php?rest_route=%2Fwp%2Fv2%2Fcomments&post=11643"}],"version-history":[{"count":1,"href":"https:\/\/willizblog.de\/index.php?rest_route=\/wp\/v2\/posts\/11643\/revisions"}],"predecessor-version":[{"id":11644,"href":"https:\/\/willizblog.de\/index.php?rest_route=\/wp\/v2\/posts\/11643\/revisions\/11644"}],"wp:attachment":[{"href":"https:\/\/willizblog.de\/index.php?rest_route=%2Fwp%2Fv2%2Fmedia&parent=11643"}],"wp:term":[{"taxonomy":"category","embeddable":true,"href":"https:\/\/willizblog.de\/index.php?rest_route=%2Fwp%2Fv2%2Fcategories&post=11643"},{"taxonomy":"post_tag","embeddable":true,"href":"https:\/\/willizblog.de\/index.php?rest_route=%2Fwp%2Fv2%2Ftags&post=11643"}],"curies":[{"name":"wp","href":"https:\/\/api.w.org\/{rel}","templated":true}]}}