{"id":1165,"date":"2008-04-18T00:09:29","date_gmt":"2008-04-17T22:09:29","guid":{"rendered":"http:\/\/www.albinz.de\/blog\/?p=1165"},"modified":"2008-04-18T00:09:29","modified_gmt":"2008-04-17T22:09:29","slug":"christas-barchen-11-pirat","status":"publish","type":"post","link":"https:\/\/willizblog.de\/?p=1165","title":{"rendered":"Christas B\u00e4rchen 11: Pirat"},"content":{"rendered":"<p>Meine Frau ist der Meinung, dass alle Inselbewohner irgendwie noch Piraten sind. Das trifft sowohl f\u00fcr die Hebriden an Schottlands Westk\u00fcste, f\u00fcr die Nord- und Ostfriesische Inseln, wie auch f\u00fcr Deutschlands einzigster Hochseeinsel <a href=\"https:\/\/www.willizblog.de\/?p=1098\" target=\"_blank\">Helgoland<\/a> zu, um nur einige Inseln bzw. Inselgruppen zu nennen. Inselbewohner neigen dazu, Touristen und dergl. &#8218;auszupl\u00fcndern&#8216; \ud83d\ude42<\/p>\n<p>Gar nicht verwunderlich ist es daher, dass wir gerade auf Helgoland auch einen Piratenteddyb\u00e4ren fanden, den meine Frau nat\u00fcrlich gern in ihrer Sammlung aufnahm, ein Pirat mit Augenklappe, Kopftuch, Holzbein und einem piratenm\u00e4\u00dfigen Hemdchen.<\/p>\n<table border=\"0\" cellpadding=\"5\" cellspacing=\"0\" width=\"550\">\n<tr>\n<td width=\"370\" align=\"center\"><img loading=\"lazy\" border=\"0\" src=\"https:\/\/www.willizblog.de\/blogpicts\/baerchen_11_2004_pirat.jpg\" alt=\"Christas B\u00e4rchen: Pirat\" width=\"360\" height=\"480\"><\/td>\n<td width=\"180\" rowspan=\"3\">\n<p><font size=\"2\" face=\"Lucida Grande, Lucida Sans Unicode, Verdana, sans-serif\">Piratenb\u00e4r mit Augenklappe, Kopftuch, Holzbein und Piratenhemd<\/font><\/p>\n<p><font face=\"Lucida Grande, Lucida Sans Unicode, Verdana, sans-serif\" size=\"2\">Drezi-Pl\u00fcsch &#8211; Art.Nr. 0\/2020 von der Firma <a href=\"http:\/\/www.dz-souvenirs.de\/\" target=\"_blank\">Dressler &amp; Zimmerhackl KG<\/a>, Karlsruhe (Gro\u00dfhandel mit Im- und Export)<\/font><\/p>\n<p><font face=\"Lucida Grande, Lucida Sans Unicode, Verdana, sans-serif\" size=\"2\"> gekauft auf Helgoland<\/font><\/td>\n<\/tr>\n<tr>\n<td width=\"370\" align=\"center\"><font face=\"Lucida Grande, Lucida Sans Unicode, Verdana, sans-serif\" size=\"2\">B\u00e4rchen Pirat &#8211; von Drezi-Pl\u00fcsch<\/font><\/td>\n<\/tr>\n<tr>\n<td width=\"370\" align=\"center\"><\/td>\n<\/tr>\n<\/table>\n","protected":false},"excerpt":{"rendered":"<p>Meine Frau ist der Meinung, dass alle Inselbewohner irgendwie noch Piraten sind. Das trifft sowohl f\u00fcr die Hebriden an Schottlands Westk\u00fcste, f\u00fcr die Nord- und Ostfriesische Inseln, wie auch f\u00fcr Deutschlands einzigster Hochseeinsel Helgoland zu, um nur einige Inseln bzw. Inselgruppen zu nennen. Inselbewohner neigen dazu, Touristen und dergl. &#8218;auszupl\u00fcndern&#8216; \ud83d\ude42 Gar nicht verwunderlich ist &hellip; <a href=\"https:\/\/willizblog.de\/?p=1165\" class=\"more-link\"><span class=\"screen-reader-text\">Christas B\u00e4rchen 11: Pirat<\/span> weiterlesen <span class=\"meta-nav\">&rarr;<\/span><\/a><\/p>\n","protected":false},"author":1,"featured_media":0,"comment_status":"open","ping_status":"closed","sticky":false,"template":"","format":"standard","meta":[],"categories":[45],"tags":[],"_links":{"self":[{"href":"https:\/\/willizblog.de\/index.php?rest_route=\/wp\/v2\/posts\/1165"}],"collection":[{"href":"https:\/\/willizblog.de\/index.php?rest_route=\/wp\/v2\/posts"}],"about":[{"href":"https:\/\/willizblog.de\/index.php?rest_route=\/wp\/v2\/types\/post"}],"author":[{"embeddable":true,"href":"https:\/\/willizblog.de\/index.php?rest_route=\/wp\/v2\/users\/1"}],"replies":[{"embeddable":true,"href":"https:\/\/willizblog.de\/index.php?rest_route=%2Fwp%2Fv2%2Fcomments&post=1165"}],"version-history":[{"count":1,"href":"https:\/\/willizblog.de\/index.php?rest_route=\/wp\/v2\/posts\/1165\/revisions"}],"predecessor-version":[{"id":11824,"href":"https:\/\/willizblog.de\/index.php?rest_route=\/wp\/v2\/posts\/1165\/revisions\/11824"}],"wp:attachment":[{"href":"https:\/\/willizblog.de\/index.php?rest_route=%2Fwp%2Fv2%2Fmedia&parent=1165"}],"wp:term":[{"taxonomy":"category","embeddable":true,"href":"https:\/\/willizblog.de\/index.php?rest_route=%2Fwp%2Fv2%2Fcategories&post=1165"},{"taxonomy":"post_tag","embeddable":true,"href":"https:\/\/willizblog.de\/index.php?rest_route=%2Fwp%2Fv2%2Ftags&post=1165"}],"curies":[{"name":"wp","href":"https:\/\/api.w.org\/{rel}","templated":true}]}}