{"id":1166,"date":"2008-04-19T15:30:41","date_gmt":"2008-04-19T13:30:41","guid":{"rendered":"http:\/\/www.willizblog.de\/?p=1166"},"modified":"2008-10-06T08:38:16","modified_gmt":"2008-10-06T06:38:16","slug":"meine-lieblingsliedern-%e2%80%93-teil-1","status":"publish","type":"post","link":"https:\/\/willizblog.de\/?p=1166","title":{"rendered":"Meine Lieblingslieder \u2013 Teil 1"},"content":{"rendered":"<p>Da habe ich mich auf etwas eingelassen, als <a href=\"https:\/\/www.willizblog.de\/?p=1154\" target=\"_blank\">ich ank\u00fcndigte<\/a>, eine Art Top Ten, also die Charts meiner Lieblingslieder zu nennen, und es sollte immer nur ein Lied sein \u2013 pro Gruppe bzw. Interpret. Was sollte da z.B. das mir liebste St\u00fcck von Jethro Tull sein?<\/p>\n<p>Und jetzt hat <em>Alex<\/em> auch noch vorgelegt, indem er uns mit <a href=\"https:\/\/www.willizblog.de\/?p=1154#comment-8101\" target=\"_blank\">Mein pers\u00f6nlicher Chart<\/a> eine Liste seiner h\u00f6renswerter Lieder und St\u00fccke pr\u00e4sentierte.<\/p>\n<p>Nach einigem Hin und Her sind 20 Bands und Einzelinterpreten verblieben, die ich hier in zwei Gruppen vorstellen m\u00f6chte. Die erste Gruppe entspricht meiner Top Ten, wobei ich auf Platzierungen wohlwei\u00dflich verzichtet habe (weil es mir einfach nicht m\u00f6glich ist zu sagen, welches Lied ich besser als ein anderes finde). Daher die Auflistung nach dem Alphabet. Und die zweite Gruppe repr\u00e4sentiert Lieder, die bei mir vielleicht nicht ganz oben anstehen, die ich aber doch so gut finde, um sie unerw\u00e4hnt zu lassen (dazu morgen mehr).<\/p>\n<p>Wie <a href=\"https:\/\/www.willizblog.de\/?cat=43\" target=\"_blank\">Lockwood<\/a> erw\u00e4hnte: <em>\u201eEine Liste, die ich heute erstellen w\u00fcrde, s\u00e4he schon anders aus als eine Liste, die ich vor einem Jahr aufgestellt h\u00e4tte. Aber es gibt Lieder, die man in allen Phasen des Lebens im inneren Ohr hat. Diese Songs gilt es aufzulisten.\u201c<\/em> Genau das habe ich unter Ber\u00fccksichtigung meiner unterschiedlichen Lebensabschnitte versucht zu tun.<\/p>\n<p>Joan Armatrading: Down to Zero<br \/>\nJoan Armatrading habe ich bereits in mehreren Beitr\u00e4gen vorgestellt. F\u00fcr mich ist sie eine au\u00dfergew\u00f6hnliche Songwriterin, die mich auch in einigen Live-Konzerten zu \u00fcberzeugen wusste.<\/p>\n<p><object classid=\"clsid:d27cdb6e-ae6d-11cf-96b8-444553540000\" width=\"425\" height=\"355\" codebase=\"http:\/\/download.macromedia.com\/pub\/shockwave\/cabs\/flash\/swflash.cab#version=6,0,40,0\"><param name=\"wmode\" value=\"transparent\" \/><param name=\"src\" value=\"https:\/\/www.youtube.com\/v\/8XqiAvMtJ_8&amp;hl=de\" \/><embed type=\"application\/x-shockwave-flash\" width=\"425\" height=\"355\" src=\"https:\/\/www.youtube.com\/v\/8XqiAvMtJ_8&amp;hl=de\" wmode=\"transparent\"><\/embed><\/object><br \/>\nJoan Armatrading: Down To Zero (02\/15\/1979)<\/p>\n<p>Ry Cooder: Get Rhythm<br \/>\nErst dieser Tage habe ich mich <a href=\"https:\/\/www.willizblog.de\/?p=1163\" target=\"_blank\">in einem Beitrag<\/a> seiner Gitarrenk\u00fcnste angenommen. Ich finde seine Musik frisch und immer wieder aufmunternd. Es gibt auch bei ihm viele Lieder, die mir gefallen. Bleibe ich aber bei der Cover-Version des Johnny-Cash-Liedes \u201eGet Rhythm\u201c.<\/p>\n<p><object classid=\"clsid:6bf52a52-394a-11d3-b153-00c04f79faa6\" width=\"286\" height=\"42\" codebase=\"http:\/\/activex.microsoft.com\/activex\/controls\/mplayer\/en\/nsmp2inf.cab#Version=5,1,52,701\"><param name=\"id\" value=\"MediaPlayer1\" \/><param name=\"AudioStream\" value=\"-1\" \/><param name=\"AutoSize\" value=\"-1\" \/><param name=\"AutoStart\" value=\"0\" \/><param name=\"AnimationAtStart\" value=\"-1\" \/><param name=\"AllowScan\" value=\"-1\" \/><param name=\"AllowChangeDisplaySize\" value=\"-1\" \/><param name=\"AutoRewind\" value=\"0\" \/><param name=\"Balance\" value=\"0\" \/><param name=\"BaseURL\" \/><param name=\"BufferingTime\" value=\"5\" \/><param name=\"CaptioningID\" \/><param name=\"ClickToPlay\" value=\"-1\" \/><param name=\"CursorType\" value=\"0\" \/><param name=\"CurrentPosition\" value=\"-1\" \/><param name=\"CurrentMarker\" value=\"0\" \/><param name=\"DefaultFrame\" \/><param name=\"DisplayBackColor\" value=\"0\" \/><param name=\"DisplayForeColor\" value=\"16777215\" \/><param name=\"DisplayMode\" value=\"0\" \/><param name=\"DisplaySize\" value=\"0\" \/><param name=\"Enabled\" value=\"-1\" \/><param name=\"EnableContextMenu\" value=\"-1\" \/><param name=\"EnablePositionControls\" value=\"-1\" \/><param name=\"EnableFullScreenControls\" value=\"0\" \/><param name=\"EnableTracker\" value=\"-1\" \/><param name=\"Filename\" value=\"https:\/\/www.willizblog.de\/blogpicts\/ry_cooder_get_rhythm.mp3\" \/><param name=\"InvokeURLs\" value=\"-1\" \/><param name=\"Language\" value=\"-1\" \/><param name=\"Mute\" value=\"0\" \/><param name=\"PlayCount\" value=\"1\" \/><param name=\"PreviewMode\" value=\"0\" \/><param name=\"Rate\" value=\"1\" \/><param name=\"SAMILang\" \/><param name=\"SAMIStyle\" \/><param name=\"SAMIFileName\" \/><param name=\"SelectionStart\" value=\"-1\" \/><param name=\"SelectionEnd\" value=\"-1\" \/><param name=\"SendOpenStateChangeEvents\" value=\"-1\" \/><param name=\"SendWarningEvents\" value=\"-1\" \/><param name=\"SendErrorEvents\" value=\"-1\" \/><param name=\"SendKeyboardEvents\" value=\"0\" \/><param name=\"SendMouseClickEvents\" value=\"0\" \/><param name=\"SendMouseMoveEvents\" value=\"0\" \/><param name=\"SendPlayStateChangeEvents\" value=\"-1\" \/><param name=\"ShowCaptioning\" value=\"0\" \/><param name=\"ShowControls\" value=\"-1\" \/><param name=\"ShowAudioControls\" value=\"-1\" \/><param name=\"ShowDisplay\" value=\"0\" \/><param name=\"ShowGotoBar\" value=\"0\" \/><param name=\"ShowPositionControls\" value=\"-1\" \/><param name=\"ShowStatusBar\" value=\"0\" \/><param name=\"ShowTracker\" value=\"-1\" \/><param name=\"TransparentAtStart\" value=\"0\" \/><param name=\"VideoBorderWidth\" value=\"0\" \/><param name=\"VideoBorderColor\" value=\"0\" \/><param name=\"VideoBorder3D\" value=\"0\" \/><param name=\"Volume\" value=\"0\" \/><param name=\"WindowlessVideo\" value=\"0\" \/><embed id=\"MediaPlayer1\" type=\"application\/x-mplayer2\" width=\"286\" height=\"42\" windowlessvideo=\"0\" volume=\"0\" videoborder3d=\"0\" videobordercolor=\"0\" videoborderwidth=\"0\" transparentatstart=\"0\" showtracker=\"-1\" showstatusbar=\"0\" showpositioncontrols=\"-1\" showgotobar=\"0\" showdisplay=\"0\" showaudiocontrols=\"-1\" showcontrols=\"-1\" showcaptioning=\"0\" sendplaystatechangeevents=\"-1\" sendmousemoveevents=\"0\" sendmouseclickevents=\"0\" sendkeyboardevents=\"0\" senderrorevents=\"-1\" sendwarningevents=\"-1\" sendopenstatechangeevents=\"-1\" selectionend=\"-1\" selectionstart=\"-1\" rate=\"1\" previewmode=\"0\" playcount=\"1\" mute=\"0\" invokeurls=\"-1\" filename=\"https:\/\/www.willizblog.de\/blogpicts\/ry_cooder_get_rhythm.mp3\" enabletracker=\"-1\" enablefullscreencontrols=\"0\" enablepositioncontrols=\"-1\" enablecontextmenu=\"-1\" enabled=\"-1\" displaysize=\"0\" displaymode=\"0\" displayforecolor=\"16777215\" displaybackcolor=\"0\" currentmarker=\"0\" currentposition=\"-1\" cursortype=\"0\" clicktoplay=\"-1\" bufferingtime=\"5\" balance=\"0\" autorewind=\"0\" allowchangedisplaysize=\"-1\" allowscan=\"-1\" animationatstart=\"-1\" autostart=\"0\" autosize=\"-1\" audiostream=\"-1\" language=\"-1\"><\/embed><\/object><br \/>\nRy Cooder: Get Rhythm<\/p>\n<p>Cream: White Room<br \/>\nHier haben sich drei Meister ihres Fachs getroffen: Ginger Baker, der mit seinen Trommelk\u00fcnsten auch bei afrikanischen Musikern \u00fcberzeugen konnte, und die haben den Rhythmus bekanntlich im Blut. Dann Jack Bruce, der den Bass aus seiner reinen Begleiterfunktion zu einem Soloinstrument erhob. Last not least Eric Clapton, der \u201aGott\u2019 der Rockgitarristen. Hier eine Aufnahme der Reunion-Konzerte vom Mai 2005; die DVD dazu ist einfach super. Lange habe ich \u00fcberlegt, ob ich nicht auch die Gruppe <a href=\"https:\/\/www.willizblog.de\/?p=1138\" target=\"_blank\">Colosseum<\/a> mit dem Lied \u201eTheme for an Imaginary Western\u201c hier aufnehmen sollte (wie \u201eWhite Room\u201c stammt diese Lied aus der Feder von Jack Bruce). Dieses Lied von Cream soll gen\u00fcgen.<\/p>\n<p><object classid=\"clsid:d27cdb6e-ae6d-11cf-96b8-444553540000\" width=\"425\" height=\"355\" codebase=\"http:\/\/download.macromedia.com\/pub\/shockwave\/cabs\/flash\/swflash.cab#version=6,0,40,0\"><param name=\"wmode\" value=\"transparent\" \/><param name=\"src\" value=\"https:\/\/www.youtube.com\/v\/YMyeS1XRBb4&amp;hl=de\" \/><embed type=\"application\/x-shockwave-flash\" width=\"425\" height=\"355\" src=\"https:\/\/www.youtube.com\/v\/YMyeS1XRBb4&amp;hl=de\" wmode=\"transparent\"><\/embed><\/object><br \/>\nCream: White Room ((Royal Albert Hall May, &#8217;05)<\/p>\n<p>Gentle Giant: The Advent of Panurge<br \/>\nZusammen mit Gruppen wie Yes, Emerson, Lake &amp; Palmer und nat\u00fcrlich auch Jethro Tull galt Gentle Giant als eine der Hauptvertreter des Progressive Rocks etwa Anfang bis Mitte der 70-er Jahre. Sicherlich ist es eine teilweise schwerverdauliche, da sehr \u201akompakte\u2019 Musik mit vielen Finessen. Nichtsdestotrotz faszinierte mich besonders die Musik von Gentle Giant von Anfang an.<\/p>\n<p><object style='width:470px;height:406px;' width='470' height='406' type='application\/x-shockwave-flash' data='http:\/\/www.myvideo.de\/movie\/3841855'><param name='movie' value='http:\/\/www.myvideo.de\/movie\/3841855'><\/param><param name='AllowFullscreen' value='true'><\/param><param name='AllowScriptAccess' value='always'><\/param><embed src='http:\/\/www.myvideo.de\/movie\/3841855' width='470' height='406'><\/embed><\/object><br \/>\nGentle Giant: The Advent of Panurge<\/p>\n<p>Im Alphabet folgt <em>Jethro Tull<\/em> \u2026 mit \u201eThick as a Brick\u201c. Ja, hier tat ich mich besonders schwer. Ist sicherlich auch verst\u00e4ndlich. Eines der ersten St\u00fccke, das ich von meiner \u201aLieblingsband\u2019 sah und h\u00f6rte, war \u201eLiving in the Past\u201c 1969 im Fernsehen. Es war gewisserma\u00dfen die <a href=\"https:\/\/de.wikipedia.org\/wiki\/Initialz%C3%BCndung\" target=\"_blank\">Initialz\u00fcndung<\/a> f\u00fcr meine Vorliebe f\u00fcr Jethro Tull. Daher wollte ich erst dieses St\u00fcck auch in meine Charts aufnehmen. Nach langer \u00dcberlegung habe ich mich dann doch f\u00fcr \u201eThick as a Brick\u201c entschieden, es ist ein geradezu geniales St\u00fcck Musik, und weil es ein etwas sehr langes St\u00fcck ist, so steht hier der Anfang des St\u00fccks mit der akustischen Gitarre und dem Gesang von Ian Anderson (und ein bisschen mehr):<\/p>\n<p><em>Really don&#8217;t mind if you sit this one out.<br \/>\nMy words but a whisper your deafness a SHOUT.<br \/>\nI may make you feel but I can&#8217;t make you think.<br \/>\nYour sperm&#8217;s in the gutter your love&#8217;s in the sink.<br \/>\nSo you ride yourselves over the fields and<br \/>\nyou make all your animal deals and<br \/>\nyour wise men don&#8217;t know how it feels to be thick as a brick.<\/em><\/p>\n<p><object classid=\"clsid:d27cdb6e-ae6d-11cf-96b8-444553540000\" width=\"425\" height=\"355\" codebase=\"http:\/\/download.macromedia.com\/pub\/shockwave\/cabs\/flash\/swflash.cab#version=6,0,40,0\"><param name=\"wmode\" value=\"transparent\" \/><param name=\"src\" value=\"https:\/\/www.youtube.com\/v\/bcYDtGHCSxE&amp;hl=de\" \/><embed type=\"application\/x-shockwave-flash\" width=\"425\" height=\"355\" src=\"https:\/\/www.youtube.com\/v\/bcYDtGHCSxE&amp;hl=de\" wmode=\"transparent\"><\/embed><\/object><br \/>\nJethro Tull: Thick as a Brick &#8211; Part 1 (02\/10\/1977)<\/p>\n<p>Es ist auch noch nicht so lange her, da berichtete ich hier \u00fcber die drei Gitarrenheroen <a href=\"https:\/\/www.willizblog.de\/?p=1123\" target=\"_blank\">Paco de Lucia, John McLaughlin und Al di Meola<\/a>. Ich denke alles f\u00fcr mich Wesentliche dort aufgef\u00fchrt zu haben, was die gemeinsamen Auftritte der drei betrifft.<\/p>\n<p>Ich habe nun einmal zwei Seelen in meiner Brust (wahrscheinlich sind es noch mehr), da kommt neben der Begeisterung f\u00fcr einfache Dinge, manchmal auch der Drang \u201anach H\u00f6herem\u2019 hervor. Hier nochmals das Gitarrentrio mit \u201eMediterranean Sundance\u201c.<\/p>\n<p><object classid=\"clsid:d27cdb6e-ae6d-11cf-96b8-444553540000\" width=\"425\" height=\"355\" codebase=\"http:\/\/download.macromedia.com\/pub\/shockwave\/cabs\/flash\/swflash.cab#version=6,0,40,0\"><param name=\"wmode\" value=\"transparent\" \/><param name=\"src\" value=\"https:\/\/www.youtube.com\/v\/9cadbYIzhqQ&amp;hl=de\" \/><embed type=\"application\/x-shockwave-flash\" width=\"425\" height=\"355\" src=\"https:\/\/www.youtube.com\/v\/9cadbYIzhqQ&amp;hl=de\" wmode=\"transparent\"><\/embed><\/object><br \/>\nPaco de Lucia &#8211; John McLaughlin \u2013 Al di Meola: Mediterranean Sundance<\/p>\n<p>Schon fr\u00fch kam ich mit der Musik von Schwarzen in Ber\u00fchrung (aber das ist schon wieder ein Thema f\u00fcr sich). Neben <a href=\"https:\/\/de.wikipedia.org\/wiki\/Soul\" target=\"_blank\">Soul<\/a> (hier sei nur der Name <a href=\"https:\/\/de.wikipedia.org\/wiki\/Curtis_Mayfield\" target=\"_blank\">Curtis Mayfield<\/a> genannt) war es besonders der <a href=\"https:\/\/de.wikipedia.org\/wiki\/Reggae\" target=\"_blank\">Reggae<\/a>, der mir immer wieder sehr gut gef\u00e4llt. Bekanntester Vertreter dieser Musik der Insel Jamaika ist bzw. war nat\u00fcrlich <a href=\"https:\/\/de.wikipedia.org\/wiki\/Bob_Marley\" target=\"_blank\">Bob Marley<\/a>. Hier ein Lied, das wohl jeder schon einmal geh\u00f6rt hat:<\/p>\n<p><object classid=\"clsid:d27cdb6e-ae6d-11cf-96b8-444553540000\" width=\"425\" height=\"355\" codebase=\"http:\/\/download.macromedia.com\/pub\/shockwave\/cabs\/flash\/swflash.cab#version=6,0,40,0\"><param name=\"wmode\" value=\"transparent\" \/><param name=\"src\" value=\"https:\/\/www.youtube.com\/v\/hg2n039txnk&amp;hl=de\" \/><embed type=\"application\/x-shockwave-flash\" width=\"425\" height=\"355\" src=\"https:\/\/www.youtube.com\/v\/hg2n039txnk&amp;hl=de\" wmode=\"transparent\"><\/embed><\/object><br \/>\nReggae \u2013 Bob Marley: No Woman No Cry<\/p>\n<p>Auch zu <a href=\"https:\/\/www.willizblog.de\/?p=844\" target=\"_blank\">Herman van Veen<\/a> m\u00f6chte ich keine weiteren Worte verlieren. Seine Musik hat mich eine l\u00e4ngere Zeit begleitet. So z\u00e4hlt das Lied \u201eIch habe ein z\u00e4rtliches Gef\u00fchl\u201c (die zarte Seele in meiner Brust meldet sich hier) zu meinen absoluten Lieblingsliedern. Hier die holl\u00e4ndische Fassung des Liedes:<\/p>\n<p><object classid=\"clsid:d27cdb6e-ae6d-11cf-96b8-444553540000\" width=\"425\" height=\"355\" codebase=\"http:\/\/download.macromedia.com\/pub\/shockwave\/cabs\/flash\/swflash.cab#version=6,0,40,0\"><param name=\"wmode\" value=\"transparent\" \/><param name=\"src\" value=\"https:\/\/www.youtube.com\/v\/je2ZaLQMBZA&amp;hl=de\" \/><embed type=\"application\/x-shockwave-flash\" width=\"425\" height=\"355\" src=\"https:\/\/www.youtube.com\/v\/je2ZaLQMBZA&amp;hl=de\" wmode=\"transparent\"><\/embed><\/object><br \/>\nHerman van Veen &#8211; Ik heb dat tedere gevoel<\/p>\n<p>Das folgende Lied findet sich hier, nicht weil ich besonders <em>Hannes Wader<\/em> mag, sondern weil es auf wunderbare Weise meine Wahlheimat, den Norden Deutschlands spiegelt. Ich mag die plattdeutsche Sprache, die leider vom Hochdeutschen fast g\u00e4nzlich abgel\u00f6st wurde. Und speziell an diesem Lied mag ich die leise Melancholie: <a href=\"https:\/\/www.willizblog.de\/?p=954\" target=\"_blank\">Min Jehann<\/a>.<\/p>\n<p><object classid=\"clsid:6bf52a52-394a-11d3-b153-00c04f79faa6\" width=\"286\" height=\"42\" codebase=\"http:\/\/activex.microsoft.com\/activex\/controls\/mplayer\/en\/nsmp2inf.cab#Version=5,1,52,701\"><param name=\"id\" value=\"MediaPlayer1\" \/><param name=\"AudioStream\" value=\"-1\" \/><param name=\"AutoSize\" value=\"-1\" \/><param name=\"AutoStart\" value=\"0\" \/><param name=\"AnimationAtStart\" value=\"-1\" \/><param name=\"AllowScan\" value=\"-1\" \/><param name=\"AllowChangeDisplaySize\" value=\"-1\" \/><param name=\"AutoRewind\" value=\"0\" \/><param name=\"Balance\" value=\"0\" \/><param name=\"BaseURL\" \/><param name=\"BufferingTime\" value=\"5\" \/><param name=\"CaptioningID\" \/><param name=\"ClickToPlay\" value=\"-1\" \/><param name=\"CursorType\" value=\"0\" \/><param name=\"CurrentPosition\" value=\"-1\" \/><param name=\"CurrentMarker\" value=\"0\" \/><param name=\"DefaultFrame\" \/><param name=\"DisplayBackColor\" value=\"0\" \/><param name=\"DisplayForeColor\" value=\"16777215\" \/><param name=\"DisplayMode\" value=\"0\" \/><param name=\"DisplaySize\" value=\"0\" \/><param name=\"Enabled\" value=\"-1\" \/><param name=\"EnableContextMenu\" value=\"-1\" \/><param name=\"EnablePositionControls\" value=\"-1\" \/><param name=\"EnableFullScreenControls\" value=\"0\" \/><param name=\"EnableTracker\" value=\"-1\" \/><param name=\"Filename\" value=\"https:\/\/www.willizblog.de\/albpics\/hannes_wader_min_jehann.mp3\" \/><param name=\"InvokeURLs\" value=\"-1\" \/><param name=\"Language\" value=\"-1\" \/><param name=\"Mute\" value=\"0\" \/><param name=\"PlayCount\" value=\"1\" \/><param name=\"PreviewMode\" value=\"0\" \/><param name=\"Rate\" value=\"1\" \/><param name=\"SAMILang\" \/><param name=\"SAMIStyle\" \/><param name=\"SAMIFileName\" \/><param name=\"SelectionStart\" value=\"-1\" \/><param name=\"SelectionEnd\" value=\"-1\" \/><param name=\"SendOpenStateChangeEvents\" value=\"-1\" \/><param name=\"SendWarningEvents\" value=\"-1\" \/><param name=\"SendErrorEvents\" value=\"-1\" \/><param name=\"SendKeyboardEvents\" value=\"0\" \/><param name=\"SendMouseClickEvents\" value=\"0\" \/><param name=\"SendMouseMoveEvents\" value=\"0\" \/><param name=\"SendPlayStateChangeEvents\" value=\"-1\" \/><param name=\"ShowCaptioning\" value=\"0\" \/><param name=\"ShowControls\" value=\"-1\" \/><param name=\"ShowAudioControls\" value=\"-1\" \/><param name=\"ShowDisplay\" value=\"0\" \/><param name=\"ShowGotoBar\" value=\"0\" \/><param name=\"ShowPositionControls\" value=\"-1\" \/><param name=\"ShowStatusBar\" value=\"0\" \/><param name=\"ShowTracker\" value=\"-1\" \/><param name=\"TransparentAtStart\" value=\"0\" \/><param name=\"VideoBorderWidth\" value=\"0\" \/><param name=\"VideoBorderColor\" value=\"0\" \/><param name=\"VideoBorder3D\" value=\"0\" \/><param name=\"Volume\" value=\"0\" \/><param name=\"WindowlessVideo\" value=\"0\" \/><embed id=\"MediaPlayer1\" type=\"application\/x-mplayer2\" width=\"286\" height=\"42\" windowlessvideo=\"0\" volume=\"0\" videoborder3d=\"0\" videobordercolor=\"0\" videoborderwidth=\"0\" transparentatstart=\"0\" showtracker=\"-1\" showstatusbar=\"0\" showpositioncontrols=\"-1\" showgotobar=\"0\" showdisplay=\"0\" showaudiocontrols=\"-1\" showcontrols=\"-1\" showcaptioning=\"0\" sendplaystatechangeevents=\"-1\" sendmousemoveevents=\"0\" sendmouseclickevents=\"0\" sendkeyboardevents=\"0\" senderrorevents=\"-1\" sendwarningevents=\"-1\" sendopenstatechangeevents=\"-1\" selectionend=\"-1\" selectionstart=\"-1\" rate=\"1\" previewmode=\"0\" playcount=\"1\" mute=\"0\" invokeurls=\"-1\" filename=\"https:\/\/www.willizblog.de\/albpics\/hannes_wader_min_jehann.mp3\" enabletracker=\"-1\" enablefullscreencontrols=\"0\" enablepositioncontrols=\"-1\" enablecontextmenu=\"-1\" enabled=\"-1\" displaysize=\"0\" displaymode=\"0\" displayforecolor=\"16777215\" displaybackcolor=\"0\" currentmarker=\"0\" currentposition=\"-1\" cursortype=\"0\" clicktoplay=\"-1\" bufferingtime=\"5\" balance=\"0\" autorewind=\"0\" allowchangedisplaysize=\"-1\" allowscan=\"-1\" animationatstart=\"-1\" autostart=\"0\" autosize=\"-1\" audiostream=\"-1\" language=\"-1\"><\/embed><\/object><br \/>\nHannes Wader: Min Jehann (aus: Plattdeutsche Lieder \u2013 1974)<\/p>\n<p>Zuletzt in meinen Top Ten findet sich <em>Tom Waits<\/em>. F\u00fcr diejenigen, die mich kennen, ist das klar: Der gute Tom darf nicht fehlen. Und es sind gleich zwei Lieder, die sich \u00e4hneln und es mir schwer machen, mich zu entscheiden: <a href=\"https:\/\/www.willizblog.de\/?p=401\" target=\"_blank\">\u201eIn the Neighborhood\u201c<\/a> und <a href=\"https:\/\/www.willizblog.de\/?p=665\" target=\"_blank\">\u201eTake Care Of All My Children\u201c<\/a>. Ich habe mich f\u00fcr das \u00e4ltere der beiden Lieder entschieden:<\/p>\n<p><object classid=\"clsid:d27cdb6e-ae6d-11cf-96b8-444553540000\" width=\"425\" height=\"355\" codebase=\"http:\/\/download.macromedia.com\/pub\/shockwave\/cabs\/flash\/swflash.cab#version=6,0,40,0\"><param name=\"wmode\" value=\"transparent\" \/><param name=\"src\" value=\"https:\/\/www.youtube.com\/v\/Tf17PlTsc_s&amp;hl=de\" \/><embed type=\"application\/x-shockwave-flash\" width=\"425\" height=\"355\" src=\"https:\/\/www.youtube.com\/v\/Tf17PlTsc_s&amp;hl=de\" wmode=\"transparent\"><\/embed><\/object><br \/>\nTom Waits &#8211; In The Neighborhood &#8211; 1983<\/p>\n","protected":false},"excerpt":{"rendered":"<p>Da habe ich mich auf etwas eingelassen, als ich ank\u00fcndigte, eine Art Top Ten, also die Charts meiner Lieblingslieder zu nennen, und es sollte immer nur ein Lied sein \u2013 pro Gruppe bzw. Interpret. Was sollte da z.B. das mir liebste St\u00fcck von Jethro Tull sein? Und jetzt hat Alex auch noch vorgelegt, indem er &hellip; <a href=\"https:\/\/willizblog.de\/?p=1166\" class=\"more-link\"><span class=\"screen-reader-text\">Meine Lieblingslieder \u2013 Teil 1<\/span> weiterlesen <span class=\"meta-nav\">&rarr;<\/span><\/a><\/p>\n","protected":false},"author":1,"featured_media":0,"comment_status":"open","ping_status":"closed","sticky":false,"template":"","format":"standard","meta":[],"categories":[43,34],"tags":[],"_links":{"self":[{"href":"https:\/\/willizblog.de\/index.php?rest_route=\/wp\/v2\/posts\/1166"}],"collection":[{"href":"https:\/\/willizblog.de\/index.php?rest_route=\/wp\/v2\/posts"}],"about":[{"href":"https:\/\/willizblog.de\/index.php?rest_route=\/wp\/v2\/types\/post"}],"author":[{"embeddable":true,"href":"https:\/\/willizblog.de\/index.php?rest_route=\/wp\/v2\/users\/1"}],"replies":[{"embeddable":true,"href":"https:\/\/willizblog.de\/index.php?rest_route=%2Fwp%2Fv2%2Fcomments&post=1166"}],"version-history":[{"count":0,"href":"https:\/\/willizblog.de\/index.php?rest_route=\/wp\/v2\/posts\/1166\/revisions"}],"wp:attachment":[{"href":"https:\/\/willizblog.de\/index.php?rest_route=%2Fwp%2Fv2%2Fmedia&parent=1166"}],"wp:term":[{"taxonomy":"category","embeddable":true,"href":"https:\/\/willizblog.de\/index.php?rest_route=%2Fwp%2Fv2%2Fcategories&post=1166"},{"taxonomy":"post_tag","embeddable":true,"href":"https:\/\/willizblog.de\/index.php?rest_route=%2Fwp%2Fv2%2Ftags&post=1166"}],"curies":[{"name":"wp","href":"https:\/\/api.w.org\/{rel}","templated":true}]}}