{"id":11665,"date":"2022-09-05T11:02:30","date_gmt":"2022-09-05T11:02:30","guid":{"rendered":"https:\/\/willizblog.de\/?p=11665"},"modified":"2022-09-05T11:04:34","modified_gmt":"2022-09-05T11:04:34","slug":"wochenmarkt-in-mainz-freitag-26-08-2022","status":"publish","type":"post","link":"https:\/\/willizblog.de\/?p=11665","title":{"rendered":"Wochenmarkt in Mainz (Freitag 26.08.2022)"},"content":{"rendered":"<p>Auf unserer <a href=\"https:\/\/willizblog.de\/?11658\" rel=\"noopener\" target=\"_blank\">9-Euro-Ticket-Tour nach Mannheim<\/a> machten meine Frau und ich einen Halt in Mainz. Bevor wir von dort nach Mannheim weiterfuhren, ging es noch einmal in die Mainzer Innenstadt. Und neben dem Besuch des <a href=\"https:\/\/de.wikipedia.org\/wiki\/Mainzer_Dom\" rel=\"noopener\" target=\"_blank\">Mainzer Doms<\/a> bummelten wir \u00fcber dem Wochenmarkt, der in der Altstadt an diesem Freitag stattfand. Wir beide m\u00f6gen <a href=\"https:\/\/willizblog.de\/?p=6385\" rel=\"noopener\" target=\"_blank\">Wochenm\u00e4rkte<\/a> und haben auch <a href=\"https:\/\/willizblog.de\/?p=10812\" rel=\"noopener\" target=\"_blank\">in unserem Wohnort dienstags wie freitags<\/a> einen solchen, wenn dieser auch ziemlich klein ausf\u00e4llt. Der Wochenmarkt in Mainz (bei bestem Sonnenwetter) war dagegen in seinen Farben und nat\u00fcrlich mit seinen regionalen Angeboten beeindruckend. <\/p>\n<p><img src=\"https:\/\/www.willizblog.de\/pics\/wochenmarkt_mainz2022_01.jpg\" alt=\"Wochenmarkt in der Mainzer Altstadt (1)\" title=\"Wochenmarkt in der Mainzer Altstadt (1)\" \/><br \/>\nWochenmarkt in der Mainzer Altstadt (1)<\/p>\n<p>Was es z.B. bei uns nicht gibt, sind Weintrauben aus dem eigenen (also regionalen) Anbau. Auch sonst war das Angebot riesig und wir bedienten uns gern davon.<\/p>\n<p><img src=\"https:\/\/www.willizblog.de\/pics\/wochenmarkt_mainz2022_02.jpg\" alt=\"Wochenmarkt in der Mainzer Altstadt (2)\" title=\"Wochenmarkt in der Mainzer Altstadt (2)\" \/><br \/>\nWochenmarkt in der Mainzer Altstadt (2)<\/p>\n<p>Hier noch einige weitere Fotos von den Verkaufsst\u00e4nden &#8230;<\/p>\n<p><img src=\"https:\/\/www.willizblog.de\/pics\/wochenmarkt_mainz2022_03.jpg\" alt=\"Wochenmarkt in der Mainzer Altstadt (3)\" title=\"Wochenmarkt in der Mainzer Altstadt (3)\" \/><br \/>\nWochenmarkt in der Mainzer Altstadt (3)<\/p>\n<p><img src=\"https:\/\/www.willizblog.de\/pics\/wochenmarkt_mainz2022_04.jpg\" alt=\"Wochenmarkt in der Mainzer Altstadt (4)\" title=\"Wochenmarkt in der Mainzer Altstadt (4)\" \/><br \/>\nWochenmarkt in der Mainzer Altstadt (4)<\/p>\n<p><img src=\"https:\/\/www.willizblog.de\/pics\/wochenmarkt_mainz2022_05.jpg\" alt=\"Wochenmarkt in der Mainzer Altstadt (5)\" title=\"Wochenmarkt in der Mainzer Altstadt (5)\" \/><br \/>\nWochenmarkt in der Mainzer Altstadt (5)<\/p>\n<p><img src=\"https:\/\/www.willizblog.de\/pics\/wochenmarkt_mainz2022_06.jpg\" alt=\"Wochenmarkt in der Mainzer Altstadt (6)\" title=\"Wochenmarkt in der Mainzer Altstadt (6)\" \/><br \/>\nWochenmarkt in der Mainzer Altstadt (6)<\/p>\n<p><img src=\"https:\/\/www.willizblog.de\/pics\/wochenmarkt_mainz2022_07.jpg\" alt=\"Wochenmarkt in der Mainzer Altstadt (7)\" title=\"Wochenmarkt in der Mainzer Altstadt (7)\" \/><br \/>\nWochenmarkt in der Mainzer Altstadt (7)<\/p>\n<p>Wenn es einen vergleichbaren Wochenmarkt bei uns im hohen Norden gibt, dann den in der <a href=\"https:\/\/www.hamburg.de\/wochenmarkt-eimsbuettel\/3888304\/wochenmarkt-isestrasse\/\" rel=\"noopener\" target=\"_blank\">Isestra\u00dfe von Hamburg<\/a>, der zu den gr\u00f6\u00dften in Deutschland z\u00e4hlt.<\/p>\n","protected":false},"excerpt":{"rendered":"<p>Auf unserer 9-Euro-Ticket-Tour nach Mannheim machten meine Frau und ich einen Halt in Mainz. Bevor wir von dort nach Mannheim weiterfuhren, ging es noch einmal in die Mainzer Innenstadt. Und neben dem Besuch des Mainzer Doms bummelten wir \u00fcber dem Wochenmarkt, der in der Altstadt an diesem Freitag stattfand. Wir beide m\u00f6gen Wochenm\u00e4rkte und haben &hellip; <a href=\"https:\/\/willizblog.de\/?p=11665\" class=\"more-link\"><span class=\"screen-reader-text\">Wochenmarkt in Mainz (Freitag 26.08.2022)<\/span> weiterlesen <span class=\"meta-nav\">&rarr;<\/span><\/a><\/p>\n","protected":false},"author":1,"featured_media":0,"comment_status":"open","ping_status":"open","sticky":false,"template":"","format":"standard","meta":[],"categories":[20],"tags":[553,552,551],"_links":{"self":[{"href":"https:\/\/willizblog.de\/index.php?rest_route=\/wp\/v2\/posts\/11665"}],"collection":[{"href":"https:\/\/willizblog.de\/index.php?rest_route=\/wp\/v2\/posts"}],"about":[{"href":"https:\/\/willizblog.de\/index.php?rest_route=\/wp\/v2\/types\/post"}],"author":[{"embeddable":true,"href":"https:\/\/willizblog.de\/index.php?rest_route=\/wp\/v2\/users\/1"}],"replies":[{"embeddable":true,"href":"https:\/\/willizblog.de\/index.php?rest_route=%2Fwp%2Fv2%2Fcomments&post=11665"}],"version-history":[{"count":2,"href":"https:\/\/willizblog.de\/index.php?rest_route=\/wp\/v2\/posts\/11665\/revisions"}],"predecessor-version":[{"id":11667,"href":"https:\/\/willizblog.de\/index.php?rest_route=\/wp\/v2\/posts\/11665\/revisions\/11667"}],"wp:attachment":[{"href":"https:\/\/willizblog.de\/index.php?rest_route=%2Fwp%2Fv2%2Fmedia&parent=11665"}],"wp:term":[{"taxonomy":"category","embeddable":true,"href":"https:\/\/willizblog.de\/index.php?rest_route=%2Fwp%2Fv2%2Fcategories&post=11665"},{"taxonomy":"post_tag","embeddable":true,"href":"https:\/\/willizblog.de\/index.php?rest_route=%2Fwp%2Fv2%2Ftags&post=11665"}],"curies":[{"name":"wp","href":"https:\/\/api.w.org\/{rel}","templated":true}]}}