{"id":11675,"date":"2022-09-09T09:24:56","date_gmt":"2022-09-09T09:24:56","guid":{"rendered":"https:\/\/willizblog.de\/?p=11675"},"modified":"2022-09-09T09:24:56","modified_gmt":"2022-09-09T09:24:56","slug":"durch-weinberge-und-wald-bei-bad-duerkheim-vom-flaggenturm-zum-zeppelinturm","status":"publish","type":"post","link":"https:\/\/willizblog.de\/?p=11675","title":{"rendered":"Durch Weinberge und Wald bei Bad D\u00fcrkheim: Vom Flaggenturm zum Zeppelinturm"},"content":{"rendered":"<p>Beim Besuch unseres Sohnes und seiner Freundin in Mannheim nutzten wir wie schon bei der Anreise das <a href=\"https:\/\/willizblog.de\/?11658\" rel=\"noopener\" target=\"_blank\">9-Euro-Ticket<\/a> und fuhren mit der Linie 9 des <a href=\"https:\/\/www.rnv-online.de\/fahrtinfo\/\" rel=\"noopener\" target=\"_blank\">RNV, dem Rhein-Neckar-Verkehr<\/a>, von Mannheim \u00fcber Ludwigshafen nach <a href=\"https:\/\/de.wikipedia.org\/wiki\/Bad_D%C3%BCrkheim\" rel=\"noopener\" target=\"_blank\">Bad D\u00fcrkheim<\/a>, der Kur-\u00a0und\u00a0Kreisstadt\u00a0in der\u00a0Metropolregion Rhein-Neckar\u00a0am Rande des\u00a0<a href=\"https:\/\/de.wikipedia.org\/wiki\/Pf%C3%A4lzerwald\" rel=\"noopener\" target=\"_blank\">Pf\u00e4lzerwalds<\/a>\u00a0in\u00a0Rheinland-Pfalz. Zuvor hatten wir uns mit einem ausgiebigen Fr\u00fchst\u00fcck gest\u00e4rkt.<\/p>\n<p>Von hier begaben wir uns dann auf einen etwa 14 km langen Rundgang, beginnend beim <a href=\"https:\/\/de.wikipedia.org\/wiki\/Flaggenturm\" rel=\"noopener\" target=\"_blank\">Flaggenturm<\/a>, der im Volksmund seiner Form wegen Kaffeem\u00fchlchen genannt wird. Der Turm steht s\u00fcdwestlich von Bad D\u00fcrkheim auf einer Anh\u00f6he innerhalb der Weinlage\u00a0D\u00fcrkheimer Fuchsmantel. <\/p>\n<p><img src=\"https:\/\/www.willizblog.de\/pics\/weinberge2022_01.jpg\" alt=\"Auf dem Weg zum Flaggenturm ('Kaffeem\u00fchlchen')\" title=\"Auf dem Weg zum Flaggenturm ('Kaffeem\u00fchlchen')\" \/><br \/>\nAuf dem Weg zum Flaggenturm (&#8218;Kaffeem\u00fchlchen&#8216;)<\/p>\n<p><img src=\"https:\/\/www.willizblog.de\/pics\/weinberge2022_01a.jpg\" alt=\"Flaggenturm ('Kaffeem\u00fchlchen')\" title=\"Flaggenturm ('Kaffeem\u00fchlchen')\" \/><br \/>\nFlaggenturm (&#8218;Kaffeem\u00fchlchen&#8216;)<\/p>\n<p>Hier gingen wir an Weinreben vorbei, die voll mit wei\u00dfen und roten Trauben hingen, von denen wir auch eine Kostprobe nahmen: Wunderbar s\u00fc\u00df schmeckten diese, aus denen dann bald Wein gewonnen wird:<\/p>\n<p><img src=\"https:\/\/www.willizblog.de\/pics\/weinberge2022_02.jpg\" alt=\"Weinreben mit wei\u00dfen Trauben\" title=\"Weinreben mit wei\u00dfen Trauben\" \/><br \/>\nWeinreben mit wei\u00dfen Trauben<\/p>\n<p><img src=\"https:\/\/www.willizblog.de\/pics\/weinberge2022_03.jpg\" alt=\"Weinreben\" title=\"Weinreben\" \/><br \/>\nWeinreben<\/p>\n<p><img src=\"https:\/\/www.willizblog.de\/pics\/weinberge2022_04.jpg\" alt=\"Wei\u00dfe Trauben\" title=\"Wei\u00dfe Trauben\" \/><br \/>\nWei\u00dfe Trauben<\/p>\n<p><img src=\"https:\/\/www.willizblog.de\/pics\/weinberge2022_05.jpg\" alt=\"Blick \u00fcber den Weinberg\" title=\"Blick \u00fcber den Weinberg\" \/><br \/>\nBlick \u00fcber den Weinberg<\/p>\n<p><img src=\"https:\/\/www.willizblog.de\/pics\/weinberge2022_06.jpg\" alt=\"Weinreben mit roten Trauben\" title=\"Weinreben mit roten Trauben\" \/><br \/>\nWeinreben mit roten Trauben<\/p>\n<p><img src=\"https:\/\/www.willizblog.de\/pics\/weinberge2022_07.jpg\" alt=\"Rote Trauben\" title=\"Rote Trauben\" \/><br \/>\nRote Trauben<\/p>\n<p>Vom Flaggenturm gingen wir auch durch Waldst\u00fccke des Pf\u00e4lzerwaldes mit dem Ziel <a href=\"https:\/\/de.wikipedia.org\/wiki\/Zeppelinturm_(Bad_D%C3%BCrkheim)\" rel=\"noopener\" target=\"_blank\">Zeppelinturm<\/a>, der wegen seiner spiralf\u00f6rmigen Form Schneckennudel genannt wird (<a href=\"https:\/\/www.komoot.de\/plan\/tour\/d01AvKThgB8ppk=FwbICsoAUawyKqMMwA==\/@49.4487346,8.1544325,15.086z\" rel=\"noopener\" target=\"_blank\">Wanderung vom Flaggenturm bis zum Zeppelinturm<\/a>).<\/p>\n<p><img src=\"https:\/\/www.willizblog.de\/pics\/weinberge2022_08.jpg\" alt=\"Durch den Wald (Pf\u00e4lzerwald)\" title=\"Durch den Wald (Pf\u00e4lzerwald)\" \/><br \/>\nDurch den Wald (Pf\u00e4lzerwald)<\/p>\n<p><img src=\"https:\/\/www.willizblog.de\/pics\/weinberge2022_09.jpg\" alt=\"Durch den Wald (Pf\u00e4lzerwald)\" title=\"Durch den Wald (Pf\u00e4lzerwald)\" \/><br \/>\nDurch den Wald (Pf\u00e4lzerwald)<\/p>\n<p>Vom Zeppelinturm hat man eine sch\u00f6ne Aussicht auf die W\u00e4lder, Ortschaften und Weinberge der Umgebung:<\/p>\n<p><img src=\"https:\/\/www.willizblog.de\/pics\/weinberge2022_10.jpg\" alt=\"Hinauf zum Zeppelinturm ('Schneckennudel')\" title=\"Hinauf zum Zeppelinturm ('Schneckennudel')\" \/><br \/>\nHinauf zum Zeppelinturm (&#8218;Schneckennudel&#8216;)<\/p>\n<p>Von hier aus machten wir den Rundgang komplett und kamen dann wieder beim Flaggenturm vorbei nach Bad D\u00fcrkheim. Nach vier Stunden Wanderung fuhren wir dann nach 18 Uhr zur\u00fcck nach Mannheim.<\/p>\n","protected":false},"excerpt":{"rendered":"<p>Beim Besuch unseres Sohnes und seiner Freundin in Mannheim nutzten wir wie schon bei der Anreise das 9-Euro-Ticket und fuhren mit der Linie 9 des RNV, dem Rhein-Neckar-Verkehr, von Mannheim \u00fcber Ludwigshafen nach Bad D\u00fcrkheim, der Kur-\u00a0und\u00a0Kreisstadt\u00a0in der\u00a0Metropolregion Rhein-Neckar\u00a0am Rande des\u00a0Pf\u00e4lzerwalds\u00a0in\u00a0Rheinland-Pfalz. Zuvor hatten wir uns mit einem ausgiebigen Fr\u00fchst\u00fcck gest\u00e4rkt. Von hier begaben wir uns &hellip; <a href=\"https:\/\/willizblog.de\/?p=11675\" class=\"more-link\"><span class=\"screen-reader-text\">Durch Weinberge und Wald bei Bad D\u00fcrkheim: Vom Flaggenturm zum Zeppelinturm<\/span> weiterlesen <span class=\"meta-nav\">&rarr;<\/span><\/a><\/p>\n","protected":false},"author":1,"featured_media":0,"comment_status":"open","ping_status":"open","sticky":false,"template":"","format":"standard","meta":[],"categories":[10],"tags":[],"_links":{"self":[{"href":"https:\/\/willizblog.de\/index.php?rest_route=\/wp\/v2\/posts\/11675"}],"collection":[{"href":"https:\/\/willizblog.de\/index.php?rest_route=\/wp\/v2\/posts"}],"about":[{"href":"https:\/\/willizblog.de\/index.php?rest_route=\/wp\/v2\/types\/post"}],"author":[{"embeddable":true,"href":"https:\/\/willizblog.de\/index.php?rest_route=\/wp\/v2\/users\/1"}],"replies":[{"embeddable":true,"href":"https:\/\/willizblog.de\/index.php?rest_route=%2Fwp%2Fv2%2Fcomments&post=11675"}],"version-history":[{"count":1,"href":"https:\/\/willizblog.de\/index.php?rest_route=\/wp\/v2\/posts\/11675\/revisions"}],"predecessor-version":[{"id":11676,"href":"https:\/\/willizblog.de\/index.php?rest_route=\/wp\/v2\/posts\/11675\/revisions\/11676"}],"wp:attachment":[{"href":"https:\/\/willizblog.de\/index.php?rest_route=%2Fwp%2Fv2%2Fmedia&parent=11675"}],"wp:term":[{"taxonomy":"category","embeddable":true,"href":"https:\/\/willizblog.de\/index.php?rest_route=%2Fwp%2Fv2%2Fcategories&post=11675"},{"taxonomy":"post_tag","embeddable":true,"href":"https:\/\/willizblog.de\/index.php?rest_route=%2Fwp%2Fv2%2Ftags&post=11675"}],"curies":[{"name":"wp","href":"https:\/\/api.w.org\/{rel}","templated":true}]}}