{"id":1168,"date":"2008-04-21T08:29:08","date_gmt":"2008-04-21T06:29:08","guid":{"rendered":"http:\/\/www.albinz.de\/blog\/?p=1168"},"modified":"2008-04-24T15:14:22","modified_gmt":"2008-04-24T13:14:22","slug":"blumenpracht-teil-8","status":"publish","type":"post","link":"https:\/\/willizblog.de\/?p=1168","title":{"rendered":"Blumenpracht Teil 8"},"content":{"rendered":"<p>Die N\u00e4chte sind immer noch kalt. Doch so langsam kommt nun doch der Fr\u00fchling und die Blumen und Str\u00e4ucher im Garten werden gr\u00fcn und beginnen zu bl\u00fchen. Wird auch langsam Zeit &#8230;<\/p>\n<table border=\"0\" cellpadding=\"5\" cellspacing=\"0\" width=\"100%\">\n<tr>\n<td width=\"50%\">\n<p align=\"center\"><img loading=\"lazy\" border=\"0\" src=\"https:\/\/www.willizblog.de\/blogpicts\/blumen2008_04_01.jpg\" alt=\"AlbinZ Garten im April 2008\" width=\"270\" height=\"203\"><\/td>\n<td width=\"50%\">\n<p align=\"center\"><img loading=\"lazy\" border=\"0\" src=\"https:\/\/www.willizblog.de\/blogpicts\/blumen2008_04_02.jpg\" alt=\"AlbinZ Garten im April 2008\" width=\"270\" height=\"203\"><\/td>\n<\/tr>\n<tr>\n<td width=\"100%\" colspan=\"2\" align=\"center\"><font face=\"Lucida Grande, Lucida Sans Unicode, Verdana, sans-serif\" size=\"2\">Blumenpracht in AlbinZ Garten (April 2008)<\/font><\/td>\n<\/tr>\n<tr>\n<td width=\"50%\">\n<p align=\"center\"><img loading=\"lazy\" border=\"0\" src=\"https:\/\/www.willizblog.de\/blogpicts\/blumen2008_04_03.jpg\" alt=\"AlbinZ Garten im April 2008\" width=\"270\" height=\"203\"><\/td>\n<td width=\"50%\">\n<p align=\"center\"><img loading=\"lazy\" border=\"0\" src=\"https:\/\/www.willizblog.de\/blogpicts\/blumen2008_04_04.jpg\" alt=\"AlbinZ Garten im April 2008\" width=\"270\" height=\"203\"><\/td>\n<\/tr>\n<\/table>\n","protected":false},"excerpt":{"rendered":"<p>Die N\u00e4chte sind immer noch kalt. Doch so langsam kommt nun doch der Fr\u00fchling und die Blumen und Str\u00e4ucher im Garten werden gr\u00fcn und beginnen zu bl\u00fchen. Wird auch langsam Zeit &#8230; Blumenpracht in AlbinZ Garten (April 2008)<\/p>\n","protected":false},"author":1,"featured_media":0,"comment_status":"open","ping_status":"closed","sticky":false,"template":"","format":"standard","meta":[],"categories":[16],"tags":[],"_links":{"self":[{"href":"https:\/\/willizblog.de\/index.php?rest_route=\/wp\/v2\/posts\/1168"}],"collection":[{"href":"https:\/\/willizblog.de\/index.php?rest_route=\/wp\/v2\/posts"}],"about":[{"href":"https:\/\/willizblog.de\/index.php?rest_route=\/wp\/v2\/types\/post"}],"author":[{"embeddable":true,"href":"https:\/\/willizblog.de\/index.php?rest_route=\/wp\/v2\/users\/1"}],"replies":[{"embeddable":true,"href":"https:\/\/willizblog.de\/index.php?rest_route=%2Fwp%2Fv2%2Fcomments&post=1168"}],"version-history":[{"count":0,"href":"https:\/\/willizblog.de\/index.php?rest_route=\/wp\/v2\/posts\/1168\/revisions"}],"wp:attachment":[{"href":"https:\/\/willizblog.de\/index.php?rest_route=%2Fwp%2Fv2%2Fmedia&parent=1168"}],"wp:term":[{"taxonomy":"category","embeddable":true,"href":"https:\/\/willizblog.de\/index.php?rest_route=%2Fwp%2Fv2%2Fcategories&post=1168"},{"taxonomy":"post_tag","embeddable":true,"href":"https:\/\/willizblog.de\/index.php?rest_route=%2Fwp%2Fv2%2Ftags&post=1168"}],"curies":[{"name":"wp","href":"https:\/\/api.w.org\/{rel}","templated":true}]}}