{"id":1169,"date":"2008-04-22T00:40:47","date_gmt":"2008-04-21T22:40:47","guid":{"rendered":"http:\/\/www.albinz.de\/blog\/?p=1169"},"modified":"2008-04-22T00:40:47","modified_gmt":"2008-04-21T22:40:47","slug":"konfirmation-2008-in-tostedt","status":"publish","type":"post","link":"https:\/\/willizblog.de\/?p=1169","title":{"rendered":"Konfirmation 2008 in Tostedt"},"content":{"rendered":"<p>In diesen Wochen finden in der Johanneskirche zu Tostedt die Konfirmationsfeiern 2008 statt. Dieses Jahr wird nun auch mein j\u00fcngerer Sohn Lukas konfirmiert.<\/p>\n<p>Bereits 2004 fand (f\u00fcr einige der diesj\u00e4hrigen Konfirmanden) eine Vorkonfirmation in Rahmen eines neuen Modells des Konfirmandenunterrichts, des sogenannten \u2018Hoyaer Modells\u2019, statt: Begleitend zur 4. Schulklasse (daher auch kurz als KU4 bezeichnet) werden die Kindern haupts\u00e4chlich von Elternteilen unterrichtet . So hatte auch meine Frau unseren Sohn mit einigen seiner Schulkameraden als Gruppe unterrichtet. Das zweite Jahr des Unterrichts begleitet dann &#8211; wie gehabt &#8211; das 8. Schuljahr. Nach dem ersten Jahr d\u00fcrfen die Vorkonfirmanden u.a. am Abendmahl teilnehmen.<\/p>\n<p><img src=\"https:\/\/www.albinz.net\/models\/ku4_2004k.jpg\" alt=\"KU4 - Vorkonfirmation 2004 mit meiner Frau und Sohn Lukas\" \/><\/p>\n<p>siehe hierzu: <a href=\"https:\/\/www.albinz.net\/tostedt\/bilder.html#KU4\" target=\"_blank\">KU4<\/a><\/p>\n<p>Mit der Konfirmation werden die Konfirmanden als aktive Mitglieder in den Kreis der Kirchengemeinde aufgenommen. Die \u00c4hnlichkeit mit der Initiation, also die durch bestimmte Gebr\u00e4uche geregelte Aufnahme in eine Standes- oder Altersgemeinschaft, besonders die Einf\u00fchrung von Jugendlichen in den Kreis der M\u00e4nner oder Frauen bei Naturv\u00f6lkern, ist nat\u00fcrlich unverkennbar.<\/p>\n","protected":false},"excerpt":{"rendered":"<p>In diesen Wochen finden in der Johanneskirche zu Tostedt die Konfirmationsfeiern 2008 statt. Dieses Jahr wird nun auch mein j\u00fcngerer Sohn Lukas konfirmiert. Bereits 2004 fand (f\u00fcr einige der diesj\u00e4hrigen Konfirmanden) eine Vorkonfirmation in Rahmen eines neuen Modells des Konfirmandenunterrichts, des sogenannten \u2018Hoyaer Modells\u2019, statt: Begleitend zur 4. Schulklasse (daher auch kurz als KU4 bezeichnet) &hellip; <a href=\"https:\/\/willizblog.de\/?p=1169\" class=\"more-link\"><span class=\"screen-reader-text\">Konfirmation 2008 in Tostedt<\/span> weiterlesen <span class=\"meta-nav\">&rarr;<\/span><\/a><\/p>\n","protected":false},"author":1,"featured_media":0,"comment_status":"open","ping_status":"closed","sticky":false,"template":"","format":"standard","meta":[],"categories":[1,11],"tags":[],"_links":{"self":[{"href":"https:\/\/willizblog.de\/index.php?rest_route=\/wp\/v2\/posts\/1169"}],"collection":[{"href":"https:\/\/willizblog.de\/index.php?rest_route=\/wp\/v2\/posts"}],"about":[{"href":"https:\/\/willizblog.de\/index.php?rest_route=\/wp\/v2\/types\/post"}],"author":[{"embeddable":true,"href":"https:\/\/willizblog.de\/index.php?rest_route=\/wp\/v2\/users\/1"}],"replies":[{"embeddable":true,"href":"https:\/\/willizblog.de\/index.php?rest_route=%2Fwp%2Fv2%2Fcomments&post=1169"}],"version-history":[{"count":0,"href":"https:\/\/willizblog.de\/index.php?rest_route=\/wp\/v2\/posts\/1169\/revisions"}],"wp:attachment":[{"href":"https:\/\/willizblog.de\/index.php?rest_route=%2Fwp%2Fv2%2Fmedia&parent=1169"}],"wp:term":[{"taxonomy":"category","embeddable":true,"href":"https:\/\/willizblog.de\/index.php?rest_route=%2Fwp%2Fv2%2Fcategories&post=1169"},{"taxonomy":"post_tag","embeddable":true,"href":"https:\/\/willizblog.de\/index.php?rest_route=%2Fwp%2Fv2%2Ftags&post=1169"}],"curies":[{"name":"wp","href":"https:\/\/api.w.org\/{rel}","templated":true}]}}