{"id":11705,"date":"2022-10-13T15:08:32","date_gmt":"2022-10-13T15:08:32","guid":{"rendered":"https:\/\/willizblog.de\/?p=11705"},"modified":"2022-10-13T15:08:32","modified_gmt":"2022-10-13T15:08:32","slug":"und-willst-du-nicht-mein-bruder-sein","status":"publish","type":"post","link":"https:\/\/willizblog.de\/?p=11705","title":{"rendered":"Und willst du nicht mein Bruder sein \u2026!"},"content":{"rendered":"<p>In Italien treten heute die neu gew\u00e4hlten Parlamentskammern zusammen. Parallel treibt Wahlsiegerin Giorgia Meloni die Bildung einer Regierung von ihrer Partei \u201eFratelli d&#8217;Italia\u201c\u00a0(Br\u00fcder Italiens) mit den anderen zwei rechtsgerichteten Parteien von Silvio Berlusconi, \u201eForza Italia\u201c (Vorw\u00e4rts Italien), und  Matteo Salvini, \u201eLega\u201c (Liga) voran. <\/p>\n<p><img src=\"https:\/\/www.willizblog.de\/pics\/matteo_salvini_silvio_berlusconi_giorgia_meloni.jpg\" alt=\"Matteo Salvani \u2013 'Zombie' Silvio Berlusconi \u2013 'Bruder-Schwester' Giorgia Meloni\" title=\"Matteo Salvani \u2013 'Zombie' Silvio Berlusconi \u2013 'Bruder-Schwester' Giorgia Meloni\" \/><br \/>\nMatteo Salvani \u2013 &#8218;Zombie&#8216; Silvio Berlusconi \u2013 &#8218;Bruder-Schwester&#8216; Giorgia Meloni<\/p>\n<p>Dabei kehrt der schon f\u00fcr tot Gehaltene, der Zombie Silvio Berlusconi, zur\u00fcck in den italienischen Senat &#8211; neun Jahre, nachdem der Medienmogul aus dieser Parlamentskammer ausgeschlossen wurde, weil ein Gericht ihn wegen Steuerbetrugs rechtskr\u00e4ftig verurteilt hatte. <\/p>\n<p>Ja, die Br\u00fcder Italiens, angef\u00fchrt von einer Schwester, die nach dem Wahlsieg davon faselt, dass Nationalstolz (\u2026 wieder stolz sein k\u00f6nnen, Italiener zu sein &#8230;) und nationale Identit\u00e4t (\u2026 die Trikolore-Fahne schwenken &#8230;) zuk\u00fcnftig wieder eine wichtigere Rolle zu spielen haben. Das bekannte Bla-Bla populistisch-rechtsextremer Parteien in Europa, als k\u00f6nne man dem ganzen Volk Nationalstolz und nationale Identit\u00e4t verordnen. Worauf sollte sich dieser Stolz beziehen, dieses Fahneschwenken? Auf eine faschistische Vergangenheit? Oder doch lieber auf eine Jahrtausend lange Kultur? <\/p>\n<p>Warum f\u00e4llt mir dabei nur der folgende Spruch ein: \u201eUnd willst du nicht mein Bruder sein, dann schlag ich dir den Sch\u00e4del ein\u201c? Aber nein, Frau Meloni verk\u00fcndet: \u201eWir werden es f\u00fcr alle Italiener machen, mit dem Ziel dieses Volk zu einigen&#8220;, so, als w\u00fcrden sich die W\u00e4hler, die anders entschieden haben, und die Nichtw\u00e4hler jetzt zu Kreuze kriechen, um sich von ihr vertreten zu lassen. \u00dcberhaupt: Warum wollen Wahlsieger immer ihr Volk einen, nachdem sie es gespaltet haben.<\/p>\n<p>Drei rechte Parteien, die die neue Regierung Italiens bilden wollen \u2013 kann das gut gehen? Sieht man die  Richtungsk\u00e4mpfen, z.B. in der EINEN Partei der deutschen Vertretung rechtsextremer Politik, dann kann man davon ausgehen, dass ein solches B\u00fcndnis nicht von langer Dauer sein d\u00fcrfte. Zu viele Querk\u00f6pfe, zu viel eigene Interessen \u2013 und statt Taten zu viel Gerede von Verwurzelung und Patriotismus sowie ein r\u00fcckw\u00e4rtsgewandtes, engstirniges Denken, das zu neuem Rassismus und Nationalismus f\u00fchrt. Dieses Beharren auf historisch gewachsene Eigenheiten in Zeiten der Globalisierung ist nicht geeignet, Bedingung daf\u00fcr zu sein, Liberalit\u00e4t und Zivilit\u00e4t zu wahren.<\/p>\n<p>Nun, Frau Meloni hat heute eher moderate T\u00f6ne angestimmt. Da ist Italiens Wiederaufbauplan, also die Milliarden, die Italien von der EU als Hilfe nach der Corona-Pandemie bekommt: Nachverhandeln vielleicht. Wahrscheinlich aber nicht, weil sie einen guten Start haben will. Eher will sie ihre W\u00e4hler zufriedenstellen. Deshalb ist irgendetwas zum Thema Migration zu erwarten.<\/p>\n","protected":false},"excerpt":{"rendered":"<p>In Italien treten heute die neu gew\u00e4hlten Parlamentskammern zusammen. Parallel treibt Wahlsiegerin Giorgia Meloni die Bildung einer Regierung von ihrer Partei \u201eFratelli d&#8217;Italia\u201c\u00a0(Br\u00fcder Italiens) mit den anderen zwei rechtsgerichteten Parteien von Silvio Berlusconi, \u201eForza Italia\u201c (Vorw\u00e4rts Italien), und Matteo Salvini, \u201eLega\u201c (Liga) voran. Matteo Salvani \u2013 &#8218;Zombie&#8216; Silvio Berlusconi \u2013 &#8218;Bruder-Schwester&#8216; Giorgia Meloni Dabei kehrt &hellip; <a href=\"https:\/\/willizblog.de\/?p=11705\" class=\"more-link\"><span class=\"screen-reader-text\">Und willst du nicht mein Bruder sein \u2026!<\/span> weiterlesen <span class=\"meta-nav\">&rarr;<\/span><\/a><\/p>\n","protected":false},"author":1,"featured_media":0,"comment_status":"open","ping_status":"open","sticky":false,"template":"","format":"standard","meta":[],"categories":[12],"tags":[],"_links":{"self":[{"href":"https:\/\/willizblog.de\/index.php?rest_route=\/wp\/v2\/posts\/11705"}],"collection":[{"href":"https:\/\/willizblog.de\/index.php?rest_route=\/wp\/v2\/posts"}],"about":[{"href":"https:\/\/willizblog.de\/index.php?rest_route=\/wp\/v2\/types\/post"}],"author":[{"embeddable":true,"href":"https:\/\/willizblog.de\/index.php?rest_route=\/wp\/v2\/users\/1"}],"replies":[{"embeddable":true,"href":"https:\/\/willizblog.de\/index.php?rest_route=%2Fwp%2Fv2%2Fcomments&post=11705"}],"version-history":[{"count":1,"href":"https:\/\/willizblog.de\/index.php?rest_route=\/wp\/v2\/posts\/11705\/revisions"}],"predecessor-version":[{"id":11706,"href":"https:\/\/willizblog.de\/index.php?rest_route=\/wp\/v2\/posts\/11705\/revisions\/11706"}],"wp:attachment":[{"href":"https:\/\/willizblog.de\/index.php?rest_route=%2Fwp%2Fv2%2Fmedia&parent=11705"}],"wp:term":[{"taxonomy":"category","embeddable":true,"href":"https:\/\/willizblog.de\/index.php?rest_route=%2Fwp%2Fv2%2Fcategories&post=11705"},{"taxonomy":"post_tag","embeddable":true,"href":"https:\/\/willizblog.de\/index.php?rest_route=%2Fwp%2Fv2%2Ftags&post=11705"}],"curies":[{"name":"wp","href":"https:\/\/api.w.org\/{rel}","templated":true}]}}