{"id":1171,"date":"2008-04-24T00:02:45","date_gmt":"2008-04-23T22:02:45","guid":{"rendered":"http:\/\/www.albinz.de\/blog\/?p=1171"},"modified":"2008-04-24T00:02:45","modified_gmt":"2008-04-23T22:02:45","slug":"herr-lehmann-und-die-bundeswehr","status":"publish","type":"post","link":"https:\/\/willizblog.de\/?p=1171","title":{"rendered":"Herr Lehmann und die Bundeswehr"},"content":{"rendered":"<p><a href=\"https:\/\/de.wikipedia.org\/wiki\/Sven_Regener\" target=\"_blank\">Sven Regener<\/a> ist bekannt als Musiker (1985 gr\u00fcndete er die Berliner Band <a href=\"http:\/\/www.element-of-crime.de\/\" target=\"_blank\">Element of Crime<\/a> mit, f\u00fcr die er fast alle Liedtexte schreibt, singt sowie Gitarre und Trompete spielt) und vor allem als Verfasser des Romans <a href=\"https:\/\/de.wikipedia.org\/wiki\/Herr_Lehmann\" target=\"_blank\">\u201eHerr Lehmann\u201c<\/a>, der 2001 erschien und in dem er das Leben des Barkeepers Frank Lehmann in Berlin-Kreuzberg des Herbstes 1989 beschreibt.<\/p>\n<p>Wer \u201eHerr Lehmann\u201c mag, wird auch Regeners zweiten Roman <a href=\"https:\/\/de.wikipedia.org\/wiki\/Neue_Vahr_S%C3%BCd\" target=\"_blank\">\u201eNeue Vahr S\u00fcd\u201c<\/a>, ein Prequel zu Herr Lehmann, der das Leben des Frank Lehmann im Jahr 1980 in Bremen und bei der Bundeswehr beschreibt, m\u00f6gen.<\/p>\n<p><img src=\"https:\/\/www.willizblog.de\/blogpicts\/regener_neue_vahr_sued.jpg\" alt=\"Sven Regener: Neue Vahr S\u00fcd\" \/><\/p>\n<p>Regener arbeitet zur Zeit an dem abschlie\u00dfenden dritten Band &#8222;Der kleine Bruder&#8220;, in dem die Zeit zwischen 1980 und 1989 behandelt werden soll. Dieser wird voraussichtlich am 1. September 2008 im Handel erscheinen.<\/p>\n<p>Die <a href=\"https:\/\/de.wikipedia.org\/wiki\/Vahr\" target=\"_blank\">Vahr<\/a> ist ein Stadtteil im Osten Bremens. Als nach dem zweiten Weltkrieg ca. 30.000 Wohnungen in Bremen fehlten, wurde 1954 begonnen, die <em>Gartenstadt Vahr<\/em> aufzubauen. Ab 1957 wurde die <em>Neue Vahr<\/em> errichtet. Die gesamte Vahr besteht aus Gro\u00dfwohnsiedlungen. Hier w\u00e4chst Frank Lehmann, das Alter Ego von Sven Regener, auf.<\/p>\n<p><iframe loading=\"lazy\" width=\"540\" height=\"300\" frameborder=\"0\" scrolling=\"no\" marginheight=\"0\" marginwidth=\"0\" src=\"https:\/\/maps.google.de\/maps?f=l&amp;hl=de&amp;geocode=&amp;q=&amp;near=adam-stegerwald-Stra%C3%9Fe,+Bremen&amp;jsv=107&amp;sll=53.077476,8.890214&amp;sspn=0.007103,0.017252&amp;ie=UTF8&amp;t=h&amp;s=AARTsJrNUQsLbgTNrVupc6aBne8mie6jMg&amp;ll=53.07638,8.889163&amp;spn=0.003867,0.011587&amp;z=16&amp;output=embed\"><\/iframe><br \/><small><a href=\"https:\/\/maps.google.de\/maps?f=l&amp;hl=de&amp;geocode=&amp;q=&amp;near=adam-stegerwald-Stra%C3%9Fe,+Bremen&amp;jsv=107&amp;sll=53.077476,8.890214&amp;sspn=0.007103,0.017252&amp;ie=UTF8&amp;t=h&amp;ll=53.07638,8.889163&amp;spn=0.003867,0.011587&amp;z=16&amp;source=embed\" style=\"color:#0000FF;text-align:left\">Gr\u00f6\u00dfere Kartenansicht<\/a><\/small><br \/>\nNeue Vahr S\u00fcd (Adam-Stegerwald-Stra\u00dfe\/Heinrich-Imbusch-Weg)<\/p>\n<p>Ich lebte fast 25 Jahre in Bremen und kenne nat\u00fcrlich viele der Lokalit\u00e4ten, die in Regeners zweiten Roman auftauchen. Die Vahr zwar weniger, daf\u00fcr das Ostertorviertel mit dem <a href=\"http:\/\/www.cinema-ostertor.de\/\" target=\"_blank\">Cinema<\/a> <a href=\"https:\/\/de.wikipedia.org\/wiki\/Cinema_Ostertor\" target=\"_blank\">Ostertor<\/a>. Dort gibt es viele Szenekneipen, u.a. mit Live-Musik. Auch habe ich \u00f6fter einen <em>Giros Pita<\/em> in dem kleinen Imbiss am Sielwall gegessen. M\u00f6glich also, dass ich Sven Regener schon mal \u00fcber den Weg gelaufen bin.<\/p>\n<p><iframe loading=\"lazy\" width=\"540\" height=\"300\" frameborder=\"0\" scrolling=\"no\" marginheight=\"0\" marginwidth=\"0\" src=\"https:\/\/maps.google.de\/maps?f=q&amp;hl=de&amp;geocode=&amp;q=ostertorsteinweg+120,+Bremen,+Deutschland&amp;jsv=107&amp;sll=53.074981,8.807081&amp;sspn=0.454588,1.104126&amp;ie=UTF8&amp;t=h&amp;s=AARTsJqDr7M9yK_BZg69N9d56KcfYZebuw&amp;ll=53.072898,8.823212&amp;spn=0.000483,0.001448&amp;z=19&amp;iwloc=cent&amp;output=embed\"><\/iframe><br \/><small><a href=\"https:\/\/maps.google.de\/maps?f=q&amp;hl=de&amp;geocode=&amp;q=ostertorsteinweg+120,+Bremen,+Deutschland&amp;jsv=107&amp;sll=53.074981,8.807081&amp;sspn=0.454588,1.104126&amp;ie=UTF8&amp;t=h&amp;ll=53.072898,8.823212&amp;spn=0.000483,0.001448&amp;z=19&amp;iwloc=cent&amp;source=embed\" style=\"color:#0000FF;text-align:left\">Gr\u00f6\u00dfere Kartenansicht<\/a><\/small><br \/>\nOstertorviertel<\/p>\n<p>Zur\u00fcck zum Roman: Eines Tages wird Frank Lehmann zur Bundeswehr eingezogen, weil er glatt vergessen hatte, den Wehrdienst zu verweigern. Zwar stellt er noch w\u00e4hrend der Dienstzeit einen Antrag auf Verweigerung, wird aber abgelehnt.<\/p>\n<p>Gerade wegen der Bundeswehr-Thematik finde ich das Buch sehr interessant, zumal mein Werdegang viele Parallelen mit denen von Lehmann-Regener aufweist. Sicherlich \u201a\u00fcbertreibt\u2019 Regener, trifft am Ende aber den Nagel auf den Kopf. Ich wei\u00df nicht, ob es \u00e4hnliche \u201aTatsachenberichte\u2019 von der Bundeswehr gibt. Allein f\u00fcr <em>Kandidaten auf den Dienst mit der Waffe<\/em> w\u00e4re das Buch als eine Art Pflichtlekt\u00fcre sehr zu empfehlen (mein gro\u00dfer Sohn wird es als n\u00e4chstes lesen).<\/p>\n<p>Im Mittelpunkt steht das \u201epazifistisches Dilemma\u201c, wie es einer der Protagonisten des Romans nennt. Bei der m\u00fcndlichen Verhandlung, die letztendlich \u00fcber die Anerkennung als Kriegsdienstverweigerer entscheidet, wird immer wieder ein hypothetisches Ereignis dem Probanden vor Augen gef\u00fchrt: Was w\u00fcrde er tun, wenn er\/seine Freundin\/seine Eltern durch Dritte unmittelbar mit dem Tode bedroht werden? W\u00fcrde er eingreifen und z.B. zu der Waffe greifen, die vor ihm liegt? Oder w\u00fcrde er \u201aruhig\u2019 mit ansehen, wie er\/seine Freundin\/seine Eltern vor seinen Augen ermordet werden?<\/p>\n<p>Wie er auch antwortet, die Antwort m\u00fcsste zur Ablehnung seines Antrags f\u00fchren. Von daher ist eine solche Fragestellung abstrus und geradezu makaber. Ich habe diese Frage nur ausweichend beantwortet und darauf hingewiesen, dass ich jetzt nicht beurteilen k\u00f6nnte, wie ich in einer realen Situation dieser Art tats\u00e4chlich reagieren w\u00fcrde. Zudem w\u00e4re ich unbewaffnet.<\/p>\n<p><iframe loading=\"lazy\" width=\"540\" height=\"300\" frameborder=\"0\" scrolling=\"no\" marginheight=\"0\" marginwidth=\"0\" src=\"https:\/\/maps.google.de\/maps?f=q&amp;hl=de&amp;geocode=&amp;q=stedorf,+Deutschland&amp;jsv=107&amp;sll=52.849489,9.236412&amp;sspn=0.028561,0.069008&amp;ie=UTF8&amp;t=h&amp;s=AARTsJpW4OjebAZJ6hN5DbBNnXx9HlPCbA&amp;ll=52.84783,9.226155&amp;spn=0.007775,0.023174&amp;z=15&amp;output=embed\"><\/iframe><br \/><small><a href=\"https:\/\/maps.google.de\/maps?f=q&amp;hl=de&amp;geocode=&amp;q=stedorf,+Deutschland&amp;jsv=107&amp;sll=52.849489,9.236412&amp;sspn=0.028561,0.069008&amp;ie=UTF8&amp;t=h&amp;ll=52.84783,9.226155&amp;spn=0.007775,0.023174&amp;z=15&amp;source=embed\" style=\"color:#0000FF;text-align:left\">Gr\u00f6\u00dfere Kartenansicht<\/a><\/small><br \/>\nKaserne D\u00f6rverden<\/p>\n<p><em>\u201eKeiner will Wehrpflichtiger sein, Schmidt\u201c, sagte Frank, \u201edas ist ja gerade der Punkt. Wer das sein will, ist nicht Wehrpflichtiger, der ist freiwillig dabei, Wehrpflicht und Wollen, das geht nicht zusammen, wenn die Leute wollten, dann g\u00e4be es ja keine Wehrpflicht!\u201c<\/em><\/p>\n<p>Kapitel 25. Nato-Alarm, S. 341, Taschenbuchausgabe 2006 \u2013 2. Auflage<\/p>\n<p><em>\u201e&#8230; Meine Gr\u00fcnde sind ein bi\u00dfchen anders. Ich will blo\u00df nicht gezwungen werden, etwas zu tun, was ich nicht tun will. Und ich will von niemandem irgendwelche Befehle entgegennehmen. Was nat\u00fcrlich auch nichts ist, mit dem man bei der Verhandlung durchkommt.\u201c<\/em><\/p>\n<p>Kapitel 26. Heiner und Horst, S. 351, Taschenbuchausgabe 2006 \u2013 2. Auflage<\/p>\n<p>Siehe auch: <a href=\"http:\/\/www.tagesschau.de\/inland\/meldung133628.html\" target=\"_blank\">Sven Regener und die Bundeswehr<\/a><\/p>\n","protected":false},"excerpt":{"rendered":"<p>Sven Regener ist bekannt als Musiker (1985 gr\u00fcndete er die Berliner Band Element of Crime mit, f\u00fcr die er fast alle Liedtexte schreibt, singt sowie Gitarre und Trompete spielt) und vor allem als Verfasser des Romans \u201eHerr Lehmann\u201c, der 2001 erschien und in dem er das Leben des Barkeepers Frank Lehmann in Berlin-Kreuzberg des Herbstes &hellip; <a href=\"https:\/\/willizblog.de\/?p=1171\" class=\"more-link\"><span class=\"screen-reader-text\">Herr Lehmann und die Bundeswehr<\/span> weiterlesen <span class=\"meta-nav\">&rarr;<\/span><\/a><\/p>\n","protected":false},"author":1,"featured_media":0,"comment_status":"open","ping_status":"closed","sticky":false,"template":"","format":"standard","meta":[],"categories":[3],"tags":[],"_links":{"self":[{"href":"https:\/\/willizblog.de\/index.php?rest_route=\/wp\/v2\/posts\/1171"}],"collection":[{"href":"https:\/\/willizblog.de\/index.php?rest_route=\/wp\/v2\/posts"}],"about":[{"href":"https:\/\/willizblog.de\/index.php?rest_route=\/wp\/v2\/types\/post"}],"author":[{"embeddable":true,"href":"https:\/\/willizblog.de\/index.php?rest_route=\/wp\/v2\/users\/1"}],"replies":[{"embeddable":true,"href":"https:\/\/willizblog.de\/index.php?rest_route=%2Fwp%2Fv2%2Fcomments&post=1171"}],"version-history":[{"count":0,"href":"https:\/\/willizblog.de\/index.php?rest_route=\/wp\/v2\/posts\/1171\/revisions"}],"wp:attachment":[{"href":"https:\/\/willizblog.de\/index.php?rest_route=%2Fwp%2Fv2%2Fmedia&parent=1171"}],"wp:term":[{"taxonomy":"category","embeddable":true,"href":"https:\/\/willizblog.de\/index.php?rest_route=%2Fwp%2Fv2%2Fcategories&post=1171"},{"taxonomy":"post_tag","embeddable":true,"href":"https:\/\/willizblog.de\/index.php?rest_route=%2Fwp%2Fv2%2Ftags&post=1171"}],"curies":[{"name":"wp","href":"https:\/\/api.w.org\/{rel}","templated":true}]}}