{"id":11715,"date":"2022-10-21T09:51:08","date_gmt":"2022-10-21T09:51:08","guid":{"rendered":"https:\/\/willizblog.de\/?p=11715"},"modified":"2022-10-21T09:51:08","modified_gmt":"2022-10-21T09:51:08","slug":"na-denn-moin","status":"publish","type":"post","link":"https:\/\/willizblog.de\/?p=11715","title":{"rendered":"Na denn, Moin!"},"content":{"rendered":"<p>Na denn man tau, also los geht\u2019s! <\/p>\n<p><em>\u201eMoin\u201c ist viel mehr als nur ein Gru\u00dfwort, es steht f\u00fcr die liebenswerten Eigenheiten einer ganzen Region und verk\u00f6rpert ein einzigartiges Lebensgef\u00fchl, das predigt \u201eman immer sch\u00f6n sinnig bleiben. Dat l\u00f6ppt sich ans torecht\u201c.<\/em><\/p>\n<p><em>H\u00f6chste Zeit, diesem eine ganze Region verbindenden W\u00f6rtchen zu huldigen und ihm sein eigenes Buch zu widmen. Das erste Buch, das\u00a0die tiefe Verbindung zwischen Land und Leuten und Meer und Moin\u00a0erkl\u00e4rt, die Mointropolen des Nordens vorstellt und in die Lehre der \u201eMoinologie\u201c einf\u00fchrt.<\/em><\/p>\n<p><em>Aber, genug gesabbelt\u2026 Moin!<\/em><\/p>\n<p>(aus: <a href=\"https:\/\/amzn.to\/3Dh1aRD\" rel=\"noopener\" target=\"_blank\"><strong>Olaf Nett: Das Buch Moin<\/strong><\/a>)<\/p>\n<p>Es ist ein k\u00f6stliches Buch, das sicherlich nicht nur in den H\u00e4nde von Norddeutschen richtig platziert ist \u2013 da kann manche(r) noch dazulernen -, sondern auch Urlaubern norddeutscher Lande (und die es werden wollen) einen Einblick in das harte und entbehrungsreiche Leben an der K\u00fcste vermittelt.<\/p>\n<p><img src=\"https:\/\/www.willizblog.de\/pics\/moin.jpg\" alt=\"Na denn, Moin!\" title=\"Na denn, Moin!\" \/><br \/>\nNa denn, Moin!<\/p>\n<p>Hier (in der norddeutschen Tiefebene) beginnt n\u00e4mlich alles mit Moin \u2013 und endet mit Moin. Es handelt sich um eine Begr\u00fc\u00dfungsformel, die urspr\u00fcnglich aus dem Niederl\u00e4ndischen kommt (moi = sch\u00f6n): Een moien Dag (\u201eEinen sch\u00f6nen Tag!\u201c).<\/p>\n<p>Aber bei Moin bleibt es in diesem Buch nicht allein. Da erf\u00e4hrt der werte Leser\/die werte Leserin noch einiges mehr, z.B. von den f\u00fcnf Genitivformen, die hier benutzt werden, von den Mointropolen von Kiel \u00fcber Hamburg bis Bremen \u2013 dass \u201eJo.\u201c ein vollst\u00e4ndiger Satz ist ((das Wort ist Subjekt, Pr\u00e4dikat und Objekt in einem) \u2013 Kulinarisches kommt nicht zu kurz \u2013 und dass mit dem Wort Watt dank des Niederdeutschen aufschlussreiche S\u00e4tze gebildet werden k\u00f6nnen.<\/p>\n<p><iframe sandbox=\"allow-popups allow-scripts allow-modals allow-forms allow-same-origin\" style=\"width:120px;height:240px;\" marginwidth=\"0\" marginheight=\"0\" scrolling=\"no\" frameborder=\"0\" src=\"\/\/ws-eu.amazon-adsystem.com\/widgets\/q?ServiceVersion=20070822&#038;OneJS=1&#038;Operation=GetAdHtml&#038;MarketPlace=DE&#038;source=ss&#038;ref=as_ss_li_til&#038;ad_type=product_link&#038;tracking_id=familiealbin-21&#038;language=de_DE&#038;marketplace=amazon&#038;region=DE&#038;placement=3830363788&#038;asins=3830363788&#038;linkId=8581f7a384c5812ac1e3c9f8179789a0&#038;show_border=true&#038;link_opens_in_new_window=false\"><\/iframe><\/p>\n<p>Sch\u00f6n ist nat\u00fcrlich, dass mir einige Sachen eingefallen sind, die in dem Buch NICHT auftauchen, die ich <a href=\"https:\/\/willizblog.de\/?p=5938\" rel=\"noopener\" target=\"_blank\">an anderer Stelle in diesem Blog<\/a> aber erw\u00e4hnt habe: Da gibt es den f\u00fcr die Region um Elbe und Weser sch\u00f6nen Spruch: Komm inne Puschen!, was als Aufforderung gilt, so langsam in Gang zu kommen. Und dann noch das sch\u00f6ne &#8218;\u00f6lf&#8216; wie zw\u00f6lf statt elf (da schl\u00e4gt es 13).<\/p>\n<p><a href=\"https:\/\/de.wikipedia.org\/wiki\/Moin\" rel=\"noopener\" target=\"_blank\"><strong>MOIN!<\/strong><\/a> Und? &#8212; Ja nee \u2026 Muss ja!<\/p>\n","protected":false},"excerpt":{"rendered":"<p>Na denn man tau, also los geht\u2019s! \u201eMoin\u201c ist viel mehr als nur ein Gru\u00dfwort, es steht f\u00fcr die liebenswerten Eigenheiten einer ganzen Region und verk\u00f6rpert ein einzigartiges Lebensgef\u00fchl, das predigt \u201eman immer sch\u00f6n sinnig bleiben. Dat l\u00f6ppt sich ans torecht\u201c. H\u00f6chste Zeit, diesem eine ganze Region verbindenden W\u00f6rtchen zu huldigen und ihm sein eigenes &hellip; <a href=\"https:\/\/willizblog.de\/?p=11715\" class=\"more-link\"><span class=\"screen-reader-text\">Na denn, Moin!<\/span> weiterlesen <span class=\"meta-nav\">&rarr;<\/span><\/a><\/p>\n","protected":false},"author":1,"featured_media":0,"comment_status":"open","ping_status":"open","sticky":false,"template":"","format":"standard","meta":[],"categories":[7,3],"tags":[],"_links":{"self":[{"href":"https:\/\/willizblog.de\/index.php?rest_route=\/wp\/v2\/posts\/11715"}],"collection":[{"href":"https:\/\/willizblog.de\/index.php?rest_route=\/wp\/v2\/posts"}],"about":[{"href":"https:\/\/willizblog.de\/index.php?rest_route=\/wp\/v2\/types\/post"}],"author":[{"embeddable":true,"href":"https:\/\/willizblog.de\/index.php?rest_route=\/wp\/v2\/users\/1"}],"replies":[{"embeddable":true,"href":"https:\/\/willizblog.de\/index.php?rest_route=%2Fwp%2Fv2%2Fcomments&post=11715"}],"version-history":[{"count":1,"href":"https:\/\/willizblog.de\/index.php?rest_route=\/wp\/v2\/posts\/11715\/revisions"}],"predecessor-version":[{"id":11716,"href":"https:\/\/willizblog.de\/index.php?rest_route=\/wp\/v2\/posts\/11715\/revisions\/11716"}],"wp:attachment":[{"href":"https:\/\/willizblog.de\/index.php?rest_route=%2Fwp%2Fv2%2Fmedia&parent=11715"}],"wp:term":[{"taxonomy":"category","embeddable":true,"href":"https:\/\/willizblog.de\/index.php?rest_route=%2Fwp%2Fv2%2Fcategories&post=11715"},{"taxonomy":"post_tag","embeddable":true,"href":"https:\/\/willizblog.de\/index.php?rest_route=%2Fwp%2Fv2%2Ftags&post=11715"}],"curies":[{"name":"wp","href":"https:\/\/api.w.org\/{rel}","templated":true}]}}