{"id":11720,"date":"2022-11-01T16:23:36","date_gmt":"2022-11-01T16:23:36","guid":{"rendered":"https:\/\/willizblog.de\/?p=11720"},"modified":"2022-11-01T16:23:36","modified_gmt":"2022-11-01T16:23:36","slug":"gartenarbeiten","status":"publish","type":"post","link":"https:\/\/willizblog.de\/?p=11720","title":{"rendered":"Gartenarbeiten"},"content":{"rendered":"<p>Ich mag den Herbst, die sich verf\u00e4rbenden Bl\u00e4tter der Str\u00e4ucher und B\u00e4ume, und wie diese im leisen Schwebeflug zu Boden gleiten, die ersten Nebelfelder am fr\u00fchen Morgen und die Sonne, die zwar schon sehr tief steht, uns aber doch noch fast sommerliche W\u00e4rme beschert.<\/p>\n<p>Der Herbst ist auch die Zeit der Apfelernte. Und die f\u00e4llt in diesem Jahr \u00e4u\u00dferst reichlich aus. Wir haben zwar nur einen <a href=\"https:\/\/de.wikipedia.org\/wiki\/Zierapfel\" rel=\"noopener\" target=\"_blank\">Zierapfelbaum<\/a>, aber so hing dieser noch nie mit Fr\u00fcchten voll. Diese kleinen \u00c4pfelchen lassen sich sogar essen, haben einen intensiven Apfelgeschmack, nur die Schale ist etwas hart. Aber aus Nachbars Garten (oder besser: aus den G\u00e4rten von Freunden) werden wir mit \u00c4pfeln \u00fcbersch\u00fcttet. Auch dort war die Ernte sehr ausgiebig. So kommen \u00c4pfel in ihren verschiedensten Formen auf dem Tisch: nat\u00fcrlich als Apfelkuchen, jetzt auch schon als Bratapfel, als Apfelmus oder als Apfelringe in Pfannkuchen.<\/p>\n<p><img src=\"https:\/\/www.willizblog.de\/pics\/gartenarbeit_zierapfel.jpg\" alt=\"Zierapfelbaum mit Fr\u00fcchten ohne Ende\" title=\"Zierapfelbaum mit Fr\u00fcchten ohne Ende\" \/><br \/>\nZierapfelbaum mit Fr\u00fcchten ohne Ende<\/p>\n<p>Aber woher dieser reichliche &#8218;Segen&#8216; an Obst, auch an Eicheln und Beeren aller Art? Ich habe es bereits <a href=\"https:\/\/willizblog.de\/?p=11653\" rel=\"noopener\" target=\"_blank\">an anderer Stelle<\/a> erw\u00e4hnt: Der \u00e4ltere meiner beiden S\u00f6hne, ein Hobby-<a href=\"https:\/\/de.wikipedia.org\/wiki\/Baum#:~:text=Die%20wissenschaftliche%20Lehre%20von%20den%20B%C3%A4umen%20(Geh%C3%B6lzen)%20ist%20die%20Dendrologie\" rel=\"noopener\" target=\"_blank\">Dendrologe<\/a>, erkl\u00e4rt die gro\u00dfe Menge an Fr\u00fcchten mit dem viel zu trockenem Wetter und der damit verbundenen Hitze. Wenn B\u00e4ume und auch Str\u00e4ucher unter N\u00e4hrstoffmangel und Wasserknappheit leiden, bl\u00fchen diese h\u00e4ufiger und intensiver.\u00a0\u201eForstleute kennen den Begriff der Notfruktifikation, man kann auch\u00a0<em>Angstbl\u00fcte<\/em>\u00a0dazu sagen. Unn\u00f6tig Kraft zu verausgaben, w\u00e4re f\u00fcr einen geschw\u00e4chten Baum kaum sinnvoll \u2013 es sei denn, um das \u00dcberleben seiner Art zu sichern, bevor es mit ihm zu Ende geht.\u201c\u00a0 (Quelle:\u00a0<a href=\"https:\/\/www.sandsteinblogger.de\/2018\/05\/vermehren-ums-verrecken\/\" rel=\"noopener\" target=\"_blank\">sandsteinblogger.de<\/a>) <\/p>\n<p>Es sind nicht nur viele Fr\u00fcchte, es ist auch viel Laub, das jetzt im Herbst von den B\u00e4umen f\u00e4llt. Im Grunde k\u00f6nnen wir jeden Tag das gefallene Laub aufharken. An Gartenarbeit herrscht kein Mangel. Meine Frau hat zudem in den letzten Tagen besonders die Str\u00e4ucher zur\u00fcckgeschnitten. Und so haben wir uns nun daran gemacht, den gesammelten Abschnitt zu h\u00e4ckseln:<\/p>\n<p><img src=\"https:\/\/www.willizblog.de\/pics\/haecksler_gartenarbeit.jpg\" alt=\"Muddern h\u00e4ckselt, Vaddern macht Faxen ... &#x1f60e;\" title=\"Muddern h\u00e4ckselt, Vaddern macht Faxen ... &#x1f60e;\" \/><br \/>\nMuddern h\u00e4ckselt, Vaddern macht Faxen &#8230; &#x1f60e;<\/p>\n<p>Bl\u00e4tter und H\u00e4ckselgut wurden dann auf die Pflanzenbeete verteilt, um diesen im Winter Schutz vor K\u00e4lte zu bieten. Apropos H\u00e4ckseln! Ich erinnere mich da an eine Szene aus dem Film <a href=\"https:\/\/amzn.to\/3NrhP8k\" rel=\"noopener\" target=\"_blank\">&#8218;Fargo&#8216;<\/a> von den <em>Coen-Br\u00fcdern<\/em>:<\/p>\n<p><img src=\"https:\/\/www.willizblog.de\/pics\/haecksler_fargo_coen.jpg\" alt=\"Bild aus dem Film von Ethan\u00a0und Joel Coen: Fargo (1996)\" title=\"Bild aus dem Film von Ethan\u00a0und Joel Coen: Fargo (1996)\" \/><br \/>\nBild aus dem Film von Ethan\u00a0und Joel Coen: <a href=\"https:\/\/de.wikipedia.org\/wiki\/Fargo_(Film)\" rel=\"noopener\" target=\"_blank\">Fargo (1996)<\/a><\/p>\n","protected":false},"excerpt":{"rendered":"<p>Ich mag den Herbst, die sich verf\u00e4rbenden Bl\u00e4tter der Str\u00e4ucher und B\u00e4ume, und wie diese im leisen Schwebeflug zu Boden gleiten, die ersten Nebelfelder am fr\u00fchen Morgen und die Sonne, die zwar schon sehr tief steht, uns aber doch noch fast sommerliche W\u00e4rme beschert. Der Herbst ist auch die Zeit der Apfelernte. Und die f\u00e4llt &hellip; <a href=\"https:\/\/willizblog.de\/?p=11720\" class=\"more-link\"><span class=\"screen-reader-text\">Gartenarbeiten<\/span> weiterlesen <span class=\"meta-nav\">&rarr;<\/span><\/a><\/p>\n","protected":false},"author":1,"featured_media":0,"comment_status":"open","ping_status":"open","sticky":false,"template":"","format":"standard","meta":[],"categories":[16,20],"tags":[],"_links":{"self":[{"href":"https:\/\/willizblog.de\/index.php?rest_route=\/wp\/v2\/posts\/11720"}],"collection":[{"href":"https:\/\/willizblog.de\/index.php?rest_route=\/wp\/v2\/posts"}],"about":[{"href":"https:\/\/willizblog.de\/index.php?rest_route=\/wp\/v2\/types\/post"}],"author":[{"embeddable":true,"href":"https:\/\/willizblog.de\/index.php?rest_route=\/wp\/v2\/users\/1"}],"replies":[{"embeddable":true,"href":"https:\/\/willizblog.de\/index.php?rest_route=%2Fwp%2Fv2%2Fcomments&post=11720"}],"version-history":[{"count":1,"href":"https:\/\/willizblog.de\/index.php?rest_route=\/wp\/v2\/posts\/11720\/revisions"}],"predecessor-version":[{"id":11721,"href":"https:\/\/willizblog.de\/index.php?rest_route=\/wp\/v2\/posts\/11720\/revisions\/11721"}],"wp:attachment":[{"href":"https:\/\/willizblog.de\/index.php?rest_route=%2Fwp%2Fv2%2Fmedia&parent=11720"}],"wp:term":[{"taxonomy":"category","embeddable":true,"href":"https:\/\/willizblog.de\/index.php?rest_route=%2Fwp%2Fv2%2Fcategories&post=11720"},{"taxonomy":"post_tag","embeddable":true,"href":"https:\/\/willizblog.de\/index.php?rest_route=%2Fwp%2Fv2%2Ftags&post=11720"}],"curies":[{"name":"wp","href":"https:\/\/api.w.org\/{rel}","templated":true}]}}