{"id":11722,"date":"2022-11-04T13:01:28","date_gmt":"2022-11-04T13:01:28","guid":{"rendered":"https:\/\/willizblog.de\/?p=11722"},"modified":"2022-11-04T13:03:27","modified_gmt":"2022-11-04T13:03:27","slug":"opa-lass-das-fahren-sein","status":"publish","type":"post","link":"https:\/\/willizblog.de\/?p=11722","title":{"rendered":"Opa, lass das Fahren sein"},"content":{"rendered":"<p>Individualit\u00e4t wird bei uns in Deutschland bei vielen \u00fcber den Gebrauch von Autos definiert \u2013 mit einem Namen: Individualverkehr! Eine ach so sehr ausgepr\u00e4gt unverwechselbare Pers\u00f6nlichkeit wird dabei \u00fcber die Automarke bestimmt. Kein Auto, keine Pers\u00f6nlichkeit (oder eine eher merkw\u00fcrdige). Und da wir es auf den Stra\u00dfen mit Individuen zu tun haben und wir diesen ihre ach so sehr geliebte Freiheit nicht beschr\u00e4nken d\u00fcrfen, so rasen unsere die Freiheit liebenden Mitmenschen auch noch im hohen Alter \u00fcber den Asphalt.<\/p>\n<p>Vor einer Woche ereignete sich bei uns in Tostedt ein schwerer Verkehrsunfall (ich w\u00fcrde es eher Mordanschlag nennen), bei dem ein 83-j\u00e4hriger Mann mit seinem PKW eine Fu\u00dfg\u00e4ngerin mit Kinderwagen \u00fcbersah und schwer verletzte:<\/p>\n<p>[&#8230;] <em>am Freitag, 28.10.2022 kam es in der Stra\u00dfe Zinnh\u00fctte zu einem schweren Verkehrsunfall. Gegen 10:55 Uhr wollte ein 83-j\u00e4hriger Mann mit seinem Pkw von einem Grundst\u00fcck in die Stra\u00dfe einbiegen. Dabei \u00fcbersah er eine 35-j\u00e4hrige Frau, die auf dem Gehweg unterwegs war und einen Kinderwagen vor sich herschob. Der Mann erfasst die Frau mit seinem PKW und verletzte sie dadurch schwer. Der Kinderwagen mit dem wenige Monate alten Kleinkind darin kippte um. Hierdurch wurde das Kind leicht verletzt. Die Mutter kam mit einem Rettungshubschrauber in eine Klinik, das Kind wurde zu weiteren Untersuchungen mit einem Rettungswagen ins Krankenhaus gebracht.<\/em> (Quelle: <a href=\"https:\/\/www.news.de\/lokales\/856566546\/polizei-news-aktuell-aus-tostedt-am-01-11-2022-verkehrsunfall-in-tostedt-heute\/1\/\" rel=\"noopener\" target=\"_blank\">news.de<\/a>) <\/p>\n<p>Augenzeugen berichteten, das der Autofahrer zun\u00e4chst \u00fcber die F\u00fc\u00dfe der Frau gefahren war, die in ihrer Not mit einer Hand auf die K\u00fchlerhaube des Autos schlug, um den Fahrer zum Halten zu bewegen und ihr Kind zu sch\u00fctzen. Stattdessen gab der Fahrer noch einmal Gas und \u00fcberfuhr die Frau. &#8211; Leider habe ich keine weiteren Information \u00fcber den Zustand der Frau und hoffe nur, dass sie den &#8218;Anschlag&#8216; \u00fcberlebt hat und bald wieder gesund wird.<\/p>\n<p>Schon vor einiger Zeit hatte ein \u00fcber Achtzigj\u00e4hriger in der N\u00e4he dieses &#8218;Tatortes&#8216; einen Radfahrer \u00fcberrollt, dieses aber nicht gemerkt. Erst als die Polizei aufgrund von Zeugenaussagen den Fahrer zu Hause aufsuchte, gab dieser zu Protokoll, er h\u00e4tte es rumpelt geh\u00f6rt, sich aber keine weiteren Gedanken gemacht. Der Radfahrer starb noch am Unfallort.<\/p>\n<p>Und vor einige Jahren schrieb ich in dem Beitrag <a href=\"https:\/\/willizblog.de\/?p=9771\" rel=\"noopener\" target=\"_blank\">Davongekommen<\/a>:<\/p>\n<p>Diese Woche am Montag verlor ein 82-J\u00e4hriger die Kontrolle \u00fcber seinen Wagen und rammte  [eine] Eisdiele. \u201eGl\u00fccklicherweise war die Terrasse noch unbesetzt, so dass kein Unbeteiligter verletzt wurde\u201c, so ein Polizeisprecher. \u201eDie im Lokal anwesenden Personen kamen mit dem Schrecken davon.\u201c Auch der Fahrer sei k\u00f6rperlich unverletzt geblieben. Nach Angaben des Sprechers hat er vermutlich Gas- und Bremspedal verwechselt. <\/p>\n<p><img src=\"https:\/\/www.willizblog.de\/images\/tostedt2016_ins_eiscafe_gerast.jpg\" alt=\"Autofahrer rast in Eisdiele in Tostedt\" title=\"Autofahrer rast in Eisdiele in Tostedt\" \/><br \/>\nAutofahrer rast in Eisdiele in Tostedt<\/p>\n<p>Von Unf\u00e4llen dieser Art, wie diese sich in letzter Zeit zu h\u00e4ufen scheinen, k\u00f6nnte ich hier noch viele weitere auff\u00fchren. In anderen L\u00e4ndern m\u00fcssen alte Menschen, wenn sie noch weiter ihren PKW nutzen wollen, in regelm\u00e4\u00dfigen Abst\u00e4nden Tests auf ihre Fahrtauglichkeit machen (z.B. in Finnland einmal im Jahr). Bei uns in Deutschland werden solche gesetzlich verpflichtende Fahreignungstests f\u00fcr Senioren immer wieder diskutiert. Getan hat sich bisher NICHTS. So argumentiert z.B. der ADAC: Menschen ab 65 Jahren verursachten etwa 16 Prozent der Unf\u00e4lle mit Verletzten, obwohl sie 21 Prozent der Bev\u00f6lkerung ausmachten. &#8222;\u00c4ltere Autofahrer verhalten sich im Stra\u00dfenverkehr in alle Regel vorsichtig, eher defensiv und vorausschauend&#8220;, so der Automobilclub.<\/p>\n<p>F\u00fcr mich ist das ein sehr schwaches Argument. Der Prozentsatz der Autofahrer und Autofahrerinnen ab 65 Jahre d\u00fcrfte in Verh\u00e4ltnis zu ihrem Anteil an der Bev\u00f6lkerung weitaus geringer sein als in anderen Altersgruppen. Zudem kann ein Test nicht schaden, da dieser auch die alten Menschen sch\u00fctzt. Vor allem allerdings sollten alte Menschen, die nicht mehr gut zu Fu\u00df sind (meist ein Grund, weshalb diese nicht aufs Autofahren verzichten wollen) oder wenn sie sich f\u00fcr den Schulterblick nicht mehr komplett umdrehen k\u00f6nnen, von vornherein ihren <strike>Waffenschein<\/strike> F\u00fchrerschein abgeben, denn im Falle eines Unfalls, sind diese nicht mehr in der Lage, anderen Unfallopfern schnell zu helfen, geschweige sich selbst zu helfen. (siehe u.a. <a href=\"https:\/\/www.autozeitung.de\/pflicht-fahrtest-senioren-181552\" rel=\"noopener\" target=\"_blank\">autozeitung.de<\/a> aus 2019)<\/p>\n<p>Ich gebe es zu, dass mich der Unfall mit der Frau und dem Kind sehr betroffen gemacht hat. Ich bin Gro\u00dfvater eines gerade sieben Monate alten Kindes. Und die Mutter dieses Kindes in in etwa so alt wie die schwer verletzte Frau. <\/p>\n<p>Freitags fahre ich (mit dem Fahrrad) zum Wochenmarkt und stelle mein Rad bei dem Kaufhaus in unserem Ort ab, der in der Ortsmitte ein gro\u00dfes Areal mit Parkpl\u00e4tzen bereit h\u00e4lt. Um die Mittagszeit sind es vor allem Rentner, die hier einkaufen und nat\u00fcrlich mit dem Auto vorfahren. Manche w\u00fcrden am liebsten bis ins Kaufhaus hineinfahren wollen, andere kurven herum und gef\u00e4hrden  oft genug Fu\u00dfg\u00e4nger (oder Radfahrer wie mich) durch ihre chaotische Fahrweise. Wenn sie dann kaum noch aus ihren Fahrzeugen herauskommen, weil sie absolut klapprig auf den Beinen sind, dann \u00fcberkommt mich ein unbeschreiblicher Horror: Liebe Leute, gebt endlich Eure F\u00fchrerscheine ab!<\/p>\n<p>Um eines klarzustellen: Ich sage nicht, dass alte Autofahrer und -fahrerinnen schlechte Autofahrer sind. Sind sie aber nicht mehr fit oder gar gesundheitlich angeschlagen, dann eignen sie sich nicht mehr zum Fahren. Hier ein <strong>Schnell-Check<\/strong>, der hilft, seine Fahrtauglichkeit einzuordnen:<\/p>\n<p>1. Verlieren Sie beim Fahren manchmal die Orientierung?<br \/>\n2. Haben Sie Schwierigkeiten, andere Verkehrsteilnehmer, Ampeln oder Verkehrszeichen zu erkennen und rechtzeitig darauf zu reagieren?<br \/>\n3. Haben Sie Probleme, das Gas-, Kupplungs- oder Bremspedal zu bet\u00e4tigen?<br \/>\n4. H\u00f6ren Sie Motorenger\u00e4usche, Schaltung oder Signale anderer Verkehrsteilnehmer (manchmal) sp\u00e4t oder schlecht?<br \/>\n5. Finden Sie es schwierig, den Kopf zu drehen und \u00fcber Ihre Schulter zu blicken?<br \/>\n6. Werden Sie im dichten Verkehr oder auf unbekannten Stra\u00dfen nerv\u00f6s?<br \/>\n7. Hupen andere Autofahrer h\u00e4ufig wegen Ihres Fahrverhaltens?<br \/>\n8. Verursachen Sie in letzter Zeit h\u00e4ufiger kleinere oder &#8222;Beinahe&#8220;-Unf\u00e4lle?<br \/>\n9. F\u00fchlen Sie sich beim Fahren unsicher?<br \/>\n10. Werden Sie schl\u00e4frig oder wird Ihnen schwindelig, nachdem Sie Ihre Medikamente eingenommen haben?<br \/>\n(Quelle: <a href=\"https:\/\/www.t-online.de\/auto\/recht-und-verkehr\/id_84865062\/schnelltest-fuer-aeltere-und-senioren-fahre-ich-noch-sicher-auto-.html\" rel=\"noopener\" target=\"_blank\">t-online.de<\/a>)<\/p>\n","protected":false},"excerpt":{"rendered":"<p>Individualit\u00e4t wird bei uns in Deutschland bei vielen \u00fcber den Gebrauch von Autos definiert \u2013 mit einem Namen: Individualverkehr! Eine ach so sehr ausgepr\u00e4gt unverwechselbare Pers\u00f6nlichkeit wird dabei \u00fcber die Automarke bestimmt. Kein Auto, keine Pers\u00f6nlichkeit (oder eine eher merkw\u00fcrdige). Und da wir es auf den Stra\u00dfen mit Individuen zu tun haben und wir diesen &hellip; <a href=\"https:\/\/willizblog.de\/?p=11722\" class=\"more-link\"><span class=\"screen-reader-text\">Opa, lass das Fahren sein<\/span> weiterlesen <span class=\"meta-nav\">&rarr;<\/span><\/a><\/p>\n","protected":false},"author":1,"featured_media":0,"comment_status":"open","ping_status":"open","sticky":false,"template":"","format":"standard","meta":[],"categories":[11,2],"tags":[],"_links":{"self":[{"href":"https:\/\/willizblog.de\/index.php?rest_route=\/wp\/v2\/posts\/11722"}],"collection":[{"href":"https:\/\/willizblog.de\/index.php?rest_route=\/wp\/v2\/posts"}],"about":[{"href":"https:\/\/willizblog.de\/index.php?rest_route=\/wp\/v2\/types\/post"}],"author":[{"embeddable":true,"href":"https:\/\/willizblog.de\/index.php?rest_route=\/wp\/v2\/users\/1"}],"replies":[{"embeddable":true,"href":"https:\/\/willizblog.de\/index.php?rest_route=%2Fwp%2Fv2%2Fcomments&post=11722"}],"version-history":[{"count":3,"href":"https:\/\/willizblog.de\/index.php?rest_route=\/wp\/v2\/posts\/11722\/revisions"}],"predecessor-version":[{"id":11725,"href":"https:\/\/willizblog.de\/index.php?rest_route=\/wp\/v2\/posts\/11722\/revisions\/11725"}],"wp:attachment":[{"href":"https:\/\/willizblog.de\/index.php?rest_route=%2Fwp%2Fv2%2Fmedia&parent=11722"}],"wp:term":[{"taxonomy":"category","embeddable":true,"href":"https:\/\/willizblog.de\/index.php?rest_route=%2Fwp%2Fv2%2Fcategories&post=11722"},{"taxonomy":"post_tag","embeddable":true,"href":"https:\/\/willizblog.de\/index.php?rest_route=%2Fwp%2Fv2%2Ftags&post=11722"}],"curies":[{"name":"wp","href":"https:\/\/api.w.org\/{rel}","templated":true}]}}