{"id":11729,"date":"2022-11-15T13:06:22","date_gmt":"2022-11-15T13:06:22","guid":{"rendered":"https:\/\/willizblog.de\/?p=11729"},"modified":"2022-11-15T13:12:27","modified_gmt":"2022-11-15T13:12:27","slug":"fuellkrug-for-germany-boykott-der-fussball-wm-2022-in-katar","status":"publish","type":"post","link":"https:\/\/willizblog.de\/?p=11729","title":{"rendered":"F\u00fcllkrug for Germany \u2013 Boykott der Fu\u00dfball-WM 2022 in Katar?!"},"content":{"rendered":"<p>Seit 1966, als ich gerade 12 Jahre alt war, freue ich mich auf die jeweils bevorstehende Fu\u00dfballweltmeisterschaft. Ich habe das ber\u00fchmt-ber\u00fcchtigte <a href=\"https:\/\/de.wikipedia.org\/wiki\/Wembley-Tor\" rel=\"noopener\" target=\"_blank\">Wembley-Tor<\/a> gesehen, das <a href=\"https:\/\/de.wikipedia.org\/wiki\/Jahrhundertspiel\" rel=\"noopener\" target=\"_blank\">Jahrhundertspiel<\/a> 1970 Italien \u2013 Deutschland in Mexiko, die Niederlage der <a href=\"https:\/\/de.wikipedia.org\/wiki\/Fu%C3%9Fballl%C3%A4nderspiel_Deutsche_Demokratische_Republik_%E2%80%93_Bundesrepublik_Deutschland_1974\" rel=\"noopener\" target=\"_blank\">BRD-Auswahl gegen die der DDR<\/a> bei der WM 1974 in der Bundesrepublik, dem einzigen Spiel der beiden deutschen Mannschaften. Dann auch den Sieg der bundesdeutschen Mannschaft <a href=\"https:\/\/de.wikipedia.org\/wiki\/Fu%C3%9Fball-Weltmeisterschaft_1974#Finale\" rel=\"noopener\" target=\"_blank\">im Endspiel gegen die Niederl\u00e4nder<\/a>. Das <a href=\"https:\/\/de.wikipedia.org\/wiki\/Fu%C3%9Fball-Weltmeisterschaft_1986#Finale\" rel=\"noopener\" target=\"_blank\">Endspiel 1986<\/a> (wiederum in Mexiko) habe ich zusammen mit meiner Freundin (und heutigen Ehefrau) in einem Restaurant in einem Fischerdorf an der Costa del Sol gesehen und anschlie\u00dfend wie alle anderen einem Argentinier, der sich dort niedergelassen hatte, gratuliert. Die <a href=\"https:\/\/de.wikipedia.org\/wiki\/Fu%C3%9Fball-Weltmeisterschaft_1990\" rel=\"noopener\" target=\"_blank\">WM 1990 in Italien<\/a> habe ich verpasst, da ich in <a href=\"https:\/\/willizblog.de\/?s=island\" rel=\"noopener\" target=\"_blank\">Urlaub auf Island<\/a> war. Erw\u00e4hnenswert ist dann nat\u00fcrlich die WM 2014 in Brasilien mit dem <a href=\"https:\/\/de.wikipedia.org\/wiki\/Fu%C3%9Fball-WM-Halbfinale_Brasilien_%E2%80%93_Deutschland_2014\" rel=\"noopener\" target=\"_blank\">7:1-Sieg<\/a> der deutschen Mannschaft gegen den Gastgeber im Halbfinale und dem dann doch eher gl\u00fccklichen Sieg im <a href=\"https:\/\/de.wikipedia.org\/wiki\/Finale_der_Fu%C3%9Fball-Weltmeisterschaft_2014\" rel=\"noopener\" target=\"_blank\">Finale gegen Argentinien<\/a>.<\/p>\n<p>Dann kam die <a href=\"https:\/\/de.wikipedia.org\/wiki\/Fu%C3%9Fball-Weltmeisterschaft_2018\" rel=\"noopener\" target=\"_blank\">WM in Russland<\/a>, die f\u00fcr mich bereits einen bitteren Beigeschmack hatte. Anfang April 2020 brachten Enth\u00fcllungen im Rahmen eines New Yorker Gerichtsverfahren ans Licht, dass die Stimmen mehrerer FIFA-Funktion\u00e4re, darunter Jack Warner aus Trinidad und Tobago (f\u00fcr f\u00fcnf Millionen US-Dollar) und Rafael Salguero aus Guatemala (f\u00fcr eine Million US-Dollar), gekauft wurden, um f\u00fcr Russland abzustimmen. Die am Sonntag beginnende <a href=\"https:\/\/de.wikipedia.org\/wiki\/Fu%C3%9Fball-Weltmeisterschaft_2022\" rel=\"noopener\" target=\"_blank\">WM im W\u00fcstenstaat Katar<\/a>, die wegen der dort herrschenden Hitze in den Winter verlegt werden musste, erf\u00fcllt mich mit Grausen.<\/p>\n<p><strong>Werders Neustart in der 1. Fu\u00dfballbundesliga<\/strong><\/p>\n<p>In den deutschen Kader, der nach Katar reist, ist nach langer Zeit auch wieder ein Spieler des SV Werder Bremen: <a href=\"https:\/\/de.wikipedia.org\/wiki\/Niclas_F%C3%BCllkrug\" rel=\"noopener\" target=\"_blank\">Niklas F\u00fcllkrug<\/a>, bisher bester deutscher Torsch\u00fctze in der Bundesliga, hat den Segen vom Nationaltrainer Hansi Flick erhalten. Ja, der SV Werder Bremen: Nach nur einem Jahr 2. Liga <a href=\"https:\/\/willizblog.de\/?p=11613\" rel=\"noopener\" target=\"_blank\">sind sie wieder da<\/a> \u2013 und wenn es zuletzt auch einige Niederlagen gab, so steht die Mannschaft mit 21 Punkten nach 14 Spieltagen auf Platz 9 doch ziemlich gut da. Die zwischenzeitliche Euphorie, die die Bremer bereits auf dem Weg nach Europa (z.B. Europa League) sah, ist schnell abgeklungen. F\u00fcr Werder gilt weiterhin, was am Saisonbeginn galt: Klassenerhalt! Die halbe Miete dazu ist eingefahren! Neben F\u00fcllkrug h\u00e4tten viele Bremer Fans sicherlich auch <a href=\"https:\/\/de.wikipedia.org\/wiki\/Marvin_Ducksch\" rel=\"noopener\" target=\"_blank\">Marvin Ducksch<\/a> und <a href=\"https:\/\/de.wikipedia.org\/wiki\/Mitchell_Weiser\" rel=\"noopener\" target=\"_blank\">Mitchell Weiser<\/a> als Vorlagengeber in der Nationalmannschaft gesehen. Die Leistungen von Ducksch waren nach einer blendendem 2.-Liga-Saison leider eher durchwachsen. Und Weiser hat nat\u00fcrlich zu gro\u00dfe Konkurrenz um einen Platz im Mittelfeld.<\/p>\n<p><!-- START ADVERTISER: SV Werder Bremen Fanshop DE from awin.com --><br \/>\n<a href=\"https:\/\/www.awin1.com\/cread.php?s=2762555&#038;v=21339&#038;q=401405&#038;r=859005\"><img src=\"https:\/\/www.awin1.com\/cshow.php?s=2762555&#038;v=21339&#038;q=401405&#038;r=859005\" border=\"0\"><br \/>\n<\/a><br \/>\n<!-- END ADVERTISER: SV Werder Bremen Fanshop DE from awin.com --><\/p>\n<p>Nat\u00fcrlich g\u00f6nne ich F\u00fcllkrug die Nominierung und den &#8218;Ausflug&#8216; nach Katar. In Bremen hoffen viel, dass er \u00f6fter zum Einsatz (und vielleicht auch zu Toren) kommt. Und das er unverletzt nach der WM nach Bremen zur\u00fcckkehrt. <\/p>\n<p><strong>Boykott \u2013 ja oder nein?<\/strong><\/p>\n<p>Bundeskanzler Scholz wie auch viele andere deutsche Politiker werden Katar zur WM nicht besuchen. Die \u00f6ffentlich-rechtlichen TV-Anstalten werden die WM allerdings weitreichend \u00fcbertragen. Als Fu\u00dfball-Fan bleibt die M\u00f6glichkeit des Boykotts der Verzicht aufs Zuschauen. Viele Fans haben auf jeden Fall angek\u00fcndigt, die Spiele zu boykottieren und w\u00e4hrend der WM lieber beim Amateurfu\u00dfball als bei den Shows in den Fu\u00dfball-Pal\u00e4sten der W\u00fcste zuzuschauen: Es besteht wenig Lust auf den Fu\u00dfball-Zirkus.<\/p>\n<p><img src=\"https:\/\/www.willizblog.de\/pics\/katar_wm2022_boykott.jpg\" alt=\"Boykott der Fu\u00dfball-WM 2022 in Katar?!\" title=\"Boykott der Fu\u00dfball-WM 2022 in Katar?!\" \/><br \/>\nBoykott der Fu\u00dfball-WM 2022 in Katar?!<\/p>\n<p>Sicherlich tr\u00e4gt dazu bei, dass die fr\u00fchere Begeisterung f\u00fcr die deutsche Nationalmannschaft in den letzten Jahren verflogen ist. Waren die Fu\u00dfballarenen in fr\u00fcheren Jahren immer bis auf den letzten Platz besetzt, so tun sich zuletzt selbst in kleinen Stadien gro\u00dfen L\u00fccken auf.<\/p>\n<p>In dem rechts-konservativen <a href=\"https:\/\/www.focus.de\/sport\/fussball\/wm-2022\/kommentar-von-ulrich-reitz-11-gruende-weshalb-ein-boykott-der-katar-wm-bloedsinn-ist_id_179699827.html\" rel=\"noopener\" target=\"_blank\">Magazin Focus<\/a> habe ich einige interessante Anmerkungen zur der Katar-WM gelesen, u.a. steht dort: <em>\u201eDie Boykott-Initiative ist sehr deutsch, sehr symbolisch, und &#8211; sehr unwirksam.\u201c<\/em>  Was das Deutschtum anbelangt, kann ich nur auf die viel weiter gehenden Initiativen in anderen L\u00e4ndern verweisen: So wird die niederl\u00e4ndische Nationalmannschaft <a href=\"https:\/\/www.sportschau.de\/newsticker\/dpa-niederlaender-versteigern-wm-trikots-fuer-arbeitsmigranten-100.html\" rel=\"noopener\" target=\"_blank\">ihre WM-Trikots<\/a> w\u00e4hrend der Fu\u00dfball-Weltmeisterschaft in Katar zugunsten von Arbeitsmigranten versteigern. Mehrere franz\u00f6sische Gro\u00dfst\u00e4dte wollen die Spiele der Fu\u00dfball-WM in Katar <a href=\"https:\/\/www.tagesschau.de\/ausland\/fussball-wm-katar-frankreich-public-viewing-boykott-menschenrechte-101.html\" rel=\"noopener\" target=\"_blank\">nicht auf Gro\u00dfbildleinw\u00e4nden<\/a> \u00fcbertragen. Mehrere <a href=\"https:\/\/www.sueddeutsche.de\/sport\/fussball-mehrere-norwegische-erstliga-clubs-fuer-boykott-von-katar-wm-dpa.urn-newsml-dpa-com-20090101-210226-99-612006\" rel=\"noopener\" target=\"_blank\">norwegische Erstliga-Clubs<\/a> sind f\u00fcr Boykott der Katar-WM. Die <a href=\"https:\/\/www.sportschau.de\/fussball\/fifa-wm-2022\/katar-wm-daenemark-setzt-zeichen-mit-schwarzen-trikots-100.html\" rel=\"noopener\" target=\"_blank\">d\u00e4nische Mannschaft<\/a> will mit schwarzen Trikots auflaufen. Die Liste lie\u00dfe sich beliebig fortsetzen.<\/p>\n<p>Im Weiteren beruft sich Focus auf das starke wirtschaftliche Engagement Katars in Deutschland und schreibt: <em>\u201eDieser Boykott ist, vorsichtig formuliert, eine sehr selektive Angelegenheit. Oder ist jetzt auch der Boykott von Siemens-K\u00fchlschr\u00e4nken oder Deutsche-Bank-Kreditkarten geplant, weil die Kataris an diesen deutschen Vorzeige-Unternehmen beteiligt sind. Ebenso \u00fcbrigens wie an VW, Porsche und anderen deutschen Tafelsilber-Unternehmen. Aus denen hat man bislang \u00fcber den Aktion\u00e4r von der arabischen Halbinsel nur Positives vernommen. Dass WM-Boykotteure konsequenterweise auf ihren VW Golf verzichten, hat man bislang dagegen noch nicht geh\u00f6rt.\u201c<\/em> &#8211; Dazu kann ich nur sagen: Wir kaufen <strong>keine<\/strong> Siemens-K\u00fchlschr\u00e4nke, haben <strong>keine<\/strong> Kreditkarten der Deutschen Bank. Und VW und Porsche fahren wir auch <strong>nicht<\/strong>.<\/p>\n<p>Nat\u00fcrlich gibt es auch Websites, die eindeutig <a href=\"https:\/\/www.boycott-qatar.de\/\" rel=\"noopener\" target=\"_blank\">Pro Boykott<\/a> sind und u.a. <a href=\"https:\/\/www.careelite.de\/wm-in-katar-boykottieren-gruende\/\" rel=\"noopener\" target=\"_blank\">die Gr\u00fcnden<\/a> nennen, weshalb diese WM in Katar boykottiert werden soll.<\/p>\n<p>Wenn oft geschrieben wird, das ein Boykott nichts bringt und daher sinnlos ist, dann belegt diese These ja nur, dass das Argument, die WM w\u00fcrde zu einer gesellschaftliche Ver\u00e4nderung in Katar beitragen, genauso sinnlos ist. Nat\u00fcrlich verbirgt sich im Boykott viel Symbolik. Aber die Reaktionen von Katar und FIFA zeigen, dass hier doch wunde Stellen ber\u00fchrt werden.<\/p>\n<p>Nun, wie halte ich es mit einem Boykott (der sich f\u00fcr mich nat\u00fcrlich nur aufs Fernsehgucken beziehen kann)? Zu einem totalen Boykott der Fernseh\u00fcbertragungen kann ich mich noch nicht v\u00f6llig durchringen. Nat\u00fcrlich gucke ich nicht die Spiele von Katar, des Iran und Saudi-Arabien. Und die durch die Aufbl\u00e4hung der WM (statt 32 Mannschaften spielten fr\u00fcher einmal nur 16) oft weniger interessanten Spiele (&#8218;Gurkenspiele&#8216;) lasse ich auch sausen. Vielleicht schaue ich in das erste Spiel des deutschen Teams gegen Japan hinein. Sollte sich das auch als Gurkenspiel herausstellen, so werde ich schnell umschalten. Ich wei\u00df, das klingt sehr inkonsequent. Und ich f\u00fcrchte, dass es vielen \u00e4hnlich geht, die f\u00fcr Boykott sind, aber eben auch gern guten Fu\u00dfball sehen m\u00f6chten (wobei sich das mit dem &#8218;guten Fu\u00dfball&#8216; erst noch herausstellen muss). Aber es k\u00f6nnte durchaus sein, dass ich g\u00e4nzlich auf diese WM verzichtet (1990 hatte ich das notgedrungen getan). Der Geist ist zwar willig, aber die Fu\u00dfballbegeisterung schw\u00e4cht.<\/p>\n<p>Noch etwas zuletzt: Nat\u00fcrlich bezieht sich ein Boykott vor allem gegen die FIFA, dem Weltfu\u00dfballverband, und ihrem Pr\u00e4sidenten <a href=\"https:\/\/de.wikipedia.org\/wiki\/Gianni_Infantino\" rel=\"noopener\" target=\"_blank\">Gianni Infantino<\/a>. Wie sein Vorg\u00e4nger <a href=\"https:\/\/de.wikipedia.org\/wiki\/Sepp_Blatter\" rel=\"noopener\" target=\"_blank\">Sepp Blatter<\/a> scheint dieser in einer sehr eigenen Fu\u00dfballwelt zu leben, dem kein Skandal und Fauxpas zu wenig sind.<\/p>\n","protected":false},"excerpt":{"rendered":"<p>Seit 1966, als ich gerade 12 Jahre alt war, freue ich mich auf die jeweils bevorstehende Fu\u00dfballweltmeisterschaft. Ich habe das ber\u00fchmt-ber\u00fcchtigte Wembley-Tor gesehen, das Jahrhundertspiel 1970 Italien \u2013 Deutschland in Mexiko, die Niederlage der BRD-Auswahl gegen die der DDR bei der WM 1974 in der Bundesrepublik, dem einzigen Spiel der beiden deutschen Mannschaften. Dann auch &hellip; <a href=\"https:\/\/willizblog.de\/?p=11729\" class=\"more-link\"><span class=\"screen-reader-text\">F\u00fcllkrug for Germany \u2013 Boykott der Fu\u00dfball-WM 2022 in Katar?!<\/span> weiterlesen <span class=\"meta-nav\">&rarr;<\/span><\/a><\/p>\n","protected":false},"author":1,"featured_media":0,"comment_status":"open","ping_status":"open","sticky":false,"template":"","format":"standard","meta":[],"categories":[39,27],"tags":[],"_links":{"self":[{"href":"https:\/\/willizblog.de\/index.php?rest_route=\/wp\/v2\/posts\/11729"}],"collection":[{"href":"https:\/\/willizblog.de\/index.php?rest_route=\/wp\/v2\/posts"}],"about":[{"href":"https:\/\/willizblog.de\/index.php?rest_route=\/wp\/v2\/types\/post"}],"author":[{"embeddable":true,"href":"https:\/\/willizblog.de\/index.php?rest_route=\/wp\/v2\/users\/1"}],"replies":[{"embeddable":true,"href":"https:\/\/willizblog.de\/index.php?rest_route=%2Fwp%2Fv2%2Fcomments&post=11729"}],"version-history":[{"count":3,"href":"https:\/\/willizblog.de\/index.php?rest_route=\/wp\/v2\/posts\/11729\/revisions"}],"predecessor-version":[{"id":11732,"href":"https:\/\/willizblog.de\/index.php?rest_route=\/wp\/v2\/posts\/11729\/revisions\/11732"}],"wp:attachment":[{"href":"https:\/\/willizblog.de\/index.php?rest_route=%2Fwp%2Fv2%2Fmedia&parent=11729"}],"wp:term":[{"taxonomy":"category","embeddable":true,"href":"https:\/\/willizblog.de\/index.php?rest_route=%2Fwp%2Fv2%2Fcategories&post=11729"},{"taxonomy":"post_tag","embeddable":true,"href":"https:\/\/willizblog.de\/index.php?rest_route=%2Fwp%2Fv2%2Ftags&post=11729"}],"curies":[{"name":"wp","href":"https:\/\/api.w.org\/{rel}","templated":true}]}}