{"id":1173,"date":"2008-04-26T00:12:53","date_gmt":"2008-04-25T22:12:53","guid":{"rendered":"http:\/\/www.albinz.de\/blog\/?p=1173"},"modified":"2008-04-26T00:12:53","modified_gmt":"2008-04-25T22:12:53","slug":"christas-barchen-12-barbel","status":"publish","type":"post","link":"https:\/\/willizblog.de\/?p=1173","title":{"rendered":"Christas B\u00e4rchen 12: B\u00e4rbel"},"content":{"rendered":"<p>Einen weiteren Teddyb\u00e4ren in der Sammlung meiner Frau haben wir B\u00e4rbel getauft. B\u00e4rbel mit ihrer Perlenkette ist etwas f\u00fcllig geraten und \u00fcber den Versandhaushandel erworben. Leider gibt es zum B\u00e4r B\u00e4rbel keinerlei Herkunftsangaben. Es ist gewisserma\u00dfen ein Waisenkind und hat daher einen bevorzugten Platz erhalten (auf der R\u00fcckenlehne der Wohnzimmercouch), damit es sich nicht vereinsamt f\u00fchlt.<\/p>\n<table border=\"0\" cellpadding=\"5\" cellspacing=\"0\" width=\"550\">\n<tr>\n<td width=\"370\" align=\"center\"><img loading=\"lazy\" border=\"0\" src=\"https:\/\/www.willizblog.de\/blogpicts\/baerchen_12_2004_baerbel.jpg\" alt=\"Christas B\u00e4rchen: B\u00e4rbel\" width=\"360\" height=\"480\"><\/td>\n<td width=\"180\" rowspan=\"3\">\n<p><font face=\"Lucida Grande, Lucida Sans Unicode, Verdana, sans-serif\" size=\"2\">Teddyb\u00e4r B\u00e4rbel &#8211; mit Perlenkette<\/font><\/td>\n<\/tr>\n<tr>\n<td width=\"370\" align=\"center\"><font face=\"Lucida Grande, Lucida Sans Unicode, Verdana, sans-serif\" size=\"2\">B\u00e4rchen B\u00e4rbel<\/font><\/td>\n<\/tr>\n<tr>\n<td width=\"370\" align=\"center\"><\/td>\n<\/tr>\n<\/table>\n","protected":false},"excerpt":{"rendered":"<p>Einen weiteren Teddyb\u00e4ren in der Sammlung meiner Frau haben wir B\u00e4rbel getauft. B\u00e4rbel mit ihrer Perlenkette ist etwas f\u00fcllig geraten und \u00fcber den Versandhaushandel erworben. Leider gibt es zum B\u00e4r B\u00e4rbel keinerlei Herkunftsangaben. Es ist gewisserma\u00dfen ein Waisenkind und hat daher einen bevorzugten Platz erhalten (auf der R\u00fcckenlehne der Wohnzimmercouch), damit es sich nicht vereinsamt &hellip; <a href=\"https:\/\/willizblog.de\/?p=1173\" class=\"more-link\"><span class=\"screen-reader-text\">Christas B\u00e4rchen 12: B\u00e4rbel<\/span> weiterlesen <span class=\"meta-nav\">&rarr;<\/span><\/a><\/p>\n","protected":false},"author":1,"featured_media":0,"comment_status":"open","ping_status":"closed","sticky":false,"template":"","format":"standard","meta":[],"categories":[45],"tags":[],"_links":{"self":[{"href":"https:\/\/willizblog.de\/index.php?rest_route=\/wp\/v2\/posts\/1173"}],"collection":[{"href":"https:\/\/willizblog.de\/index.php?rest_route=\/wp\/v2\/posts"}],"about":[{"href":"https:\/\/willizblog.de\/index.php?rest_route=\/wp\/v2\/types\/post"}],"author":[{"embeddable":true,"href":"https:\/\/willizblog.de\/index.php?rest_route=\/wp\/v2\/users\/1"}],"replies":[{"embeddable":true,"href":"https:\/\/willizblog.de\/index.php?rest_route=%2Fwp%2Fv2%2Fcomments&post=1173"}],"version-history":[{"count":0,"href":"https:\/\/willizblog.de\/index.php?rest_route=\/wp\/v2\/posts\/1173\/revisions"}],"wp:attachment":[{"href":"https:\/\/willizblog.de\/index.php?rest_route=%2Fwp%2Fv2%2Fmedia&parent=1173"}],"wp:term":[{"taxonomy":"category","embeddable":true,"href":"https:\/\/willizblog.de\/index.php?rest_route=%2Fwp%2Fv2%2Fcategories&post=1173"},{"taxonomy":"post_tag","embeddable":true,"href":"https:\/\/willizblog.de\/index.php?rest_route=%2Fwp%2Fv2%2Ftags&post=1173"}],"curies":[{"name":"wp","href":"https:\/\/api.w.org\/{rel}","templated":true}]}}