{"id":11742,"date":"2023-02-10T12:41:00","date_gmt":"2023-02-10T12:41:00","guid":{"rendered":"https:\/\/willizblog.de\/?p=11742"},"modified":"2023-03-04T14:45:35","modified_gmt":"2023-03-04T14:45:35","slug":"so-lustlos","status":"publish","type":"post","link":"https:\/\/willizblog.de\/?p=11742","title":{"rendered":"So lustlos \u2026!"},"content":{"rendered":"<p><a href=\"https:\/\/willizblog-de.translate.goog\/?p=11742&#038;_x_tr_sl=de&#038;_x_tr_tl=en&#038;_x_tr_hl=de&#038;_x_tr_pto=wapp\" rel=\"noopener\" target=\"_blank\"><strong>English version<\/strong><\/a> for my foreign friends (by Google Translater)<\/p>\n<p>Manchmal gibt es eine Zeit, da f\u00fchlen wir uns nicht gut, da sind wir lustlos und m\u00f6gen nichts, aber auch gar nichts machen. In den Wintermonaten neige ich dazu, Winterschlaf halten zu wollen. Aber ich bin kein Igel, kein Siebenschl\u00e4fer und auch kein Murmeltier, auch wenn an meinem Geburtstag bekanntlich <a href=\"https:\/\/willizblog.de\/?s=murmeltier\" rel=\"noopener\" target=\"_blank\">das Murmeltier gr\u00fc\u00dft<\/a>. Statt des Corona-Virus, das mich bisher verschont hat, hatte mich f\u00fcr einige Wochen eine Grippe eingeholt. Da sollen wir Energie sparen, auch wenn es eine(n) innerlich gefriert?<\/p>\n<p>Dabei hatte es eigentlich ganz gut begonnen: Tage vor Weihnachten waren meine Frau und ich mit dem Zug nach Mannheim gefahren, diesmal nicht im <a href=\"https:\/\/willizblog.de\/?p=11658\" rel=\"noopener\" target=\"_blank\">Personennahverkehr mit 9-Euro-Ticket<\/a>, sondern mit dem ICE und zudem in der ersten Klasse. Wie im August besuchten wir wieder unseren \u00e4lteren Sohn und seine Freundin. Und nat\u00fcrlich bummelten wir auch \u00fcber den Mannheimer Weihnachtsmarkt. Es war zwar kalt, aber sonnig. Und auf so einem <a href=\"https:\/\/willizblog.de\/?s=weihnachtsmarkt\" rel=\"noopener\" target=\"_blank\">Weihnachtsmarkt<\/a> n\u00e4herten wir uns wieder gewissen Weihnachtsgef\u00fchlen.<\/p>\n<p><img src=\"https:\/\/www.willizblog.de\/pics\/weihnachtsmarkt_mannheim2022.jpg\" alt=\"Mannheimer Weihnachtsmarkt mit Wasserturm\" title=\"Mannheimer Weihnachtsmarkt mit Wasserturm\" \/><br \/>\nMannheimer Weihnachtsmarkt mit <a href=\"https:\/\/de.wikipedia.org\/wiki\/Wasserturm_(Mannheim)\" rel=\"noopener\" target=\"_blank\">Wasserturm<\/a><\/p>\n<p>Der eigentliche Grund unseres Besuchs war ein ganz besonderer. Eine Woche vor Heiligabend fand der so genannte Examensball f\u00fcr die Absolventen des Medizinstudiums statt. Und da eben jener \u00e4ltere Sohn zu diesem Absolventen geh\u00f6rte, so warfen wir uns schick in Schale, um mit ihm und seinen Freunden und seiner Freundin, die in einem halben Jahr dran ist, den bestens gelungenen Abschluss seines Studiums zu feiern (es muss gen\u00fcgen, mich allein einmal im Anzug samt Fliege zu sehen \u2013 als <a href=\"https:\/\/de.wikipedia.org\/wiki\/Graue_Eminenz\" rel=\"noopener\" target=\"_blank\">&#8218;graue Eminenz&#8216;<\/a> gewisserma\u00dfen). Wir haben also jetzt unseren eigenen <a href=\"https:\/\/de.wikipedia.org\/wiki\/Arzt\" rel=\"noopener\" target=\"_blank\">Arzt<\/a> in der Familie. Und ab n\u00e4chste Woche hat er auch Arbeit in Mannheim.<\/p>\n<p><img src=\"https:\/\/www.willizblog.de\/pics\/willi_mannheim_examensball2022.jpg\" alt=\"Willi schick in Schale beim Examensball der Absolventen des Medizinstudiums in Mannheim\" title=\"Willi schick in Schale beim Examensball der Absolventen des Medizinstudiums in Mannheim\" \/><br \/>\nWilli schick in Schale beim Examensball der Absolventen des Medizinstudiums in Mannheim<\/p>\n<p>Aber schon zu Weihnachten, also eine Woche sp\u00e4ter, kr\u00e4nkelte ich. Mir war kalt, als best\u00fcnde mein Inneres aus einem Eisblock. Okay, Weihnachten lie\u00df ich \u00fcber mich ergehen. Beide S\u00f6hne waren gekommen samt Anhang. Da durfte ich keine Schw\u00e4che zeigen. Aber Festtage liegen mir schon von Grund auf nicht besonders. Drei Kreuze mache ich, wenn diese vorbei sind. Zu Silvester waren schon fr\u00fch mein j\u00fcngerer Sohn mit Lebenspartnerin und Nachwuchs (siehe unten) zu uns gekommen \u2013 zum geradezu obligatorischen Raclette. Das war lecker und belebte auch etwas meine Lebensgeister. Aber wegen der Kleinen, unserem Enkelkind, verschwanden die drei schon fr\u00fch \u2013 und ich begab mich dann gegen 23 Uhr bereits zu Bett. Basta 2022!<\/p>\n<p>Apropos Enkelkind: Meine Frau war bis Ende des letzten Jahres als Tagesmutter t\u00e4tig. Und seit einigen Wochen ist sie wie ich Rentnerin (okay, ich bin nur Rentner). Da kam die Geburt unserer Enkeltochter gerade richtig. Und da ich ebenfalls nicht mehr dem fr\u00fcheren Arbeitstrott anheimfalle, so opfere ich gern einen Teil meiner Zeit, um mich (mit) um die Kleine zu k\u00fcmmern. Opfern ist gut! Ich bin nicht mehr der Typ, der sich f\u00fcr etwas begeistern kann. Aber bei unserer Enkelin ist es schon etwas v\u00f6llig anderes. Es ist bezaubern, sich mit ihr zu besch\u00e4ftigen, zu sehen, wie sie sich von Woche zu Woche, manchmal schon von Tag zu Tag, weiterentwickelt. Weihnachten hatten wir uns einen kleineren Weihnachtsbaum geschlagen und diesem auf einen Tisch gestellt, damit sich die krabbelnde Maus nicht in den \u00c4sten verf\u00e4ngt bzw. an den Nadeln piekst. Dieses Mal konnte ich Weihnachten etwas abgewinnen. Und ich freue mich schon auf die n\u00e4chsten Monate, wenn sie laufen kann und ihre ersten Worte spricht (eigentlich spricht sie schon etwas).<\/p>\n<p><img src=\"https:\/\/www.willizblog.de\/pics\/ellie_und_willi2023_02.jpg\" alt=\"Willi und Enkelkind begucken sich ein erstes Buch\" title=\"Willi und Enkelkind begucken sich ein erstes Buch\" \/><br \/>\nWilli und Enkelkind begucken sich ein erstes Buch<\/p>\n<p>Kaum von Festtagen und Grippe erholt (bei dem oft grausamen Wetter kann sich eigentlich kein Mensch &#8218;erholen&#8216;), musste ich unters Messer. Ja, Altwerden ist nichts f\u00fcr Feiglinge. Und mit jedem Tag mehr kommt bestimmt auch ein neues Zipperlein hinzu. Meine Augen sind schon immer nicht die besten gewesen. Aber jetzt hatten sich beidseitig bei mir die Linsen der Augen eingetr\u00fcbt (wie ein grau-brauner Farbfilter) und mussten operativ behandelt werden. Wird das von einem Facharzt gemacht, dann ist das nur ein kurzer Eingriff. Das getr\u00fcbte Innere der Augenlinse wird entfernt und durch eine k\u00fcnstliche Linse aus Kunststoff ersetzt. Schon am n\u00e4chsten Tag wird der Verband abgenommen. Es dauert dann etwas, bis sich die neue Linse &#8218;angepasst&#8216; hat. Mein Problem ist jetzt, dass ich zwar auch von der Sch\u00e4rfe her viel besser gucken kann, aber f\u00fcr die Fernsicht dann doch eine Brille ben\u00f6tigen werde. Es kann n\u00e4mlich einige Wochen dauern, bis sich die maximal zu erreichende Sehsch\u00e4rfe voll einstellt. Zuvor ist es also nicht sinnvoll, sich eine neue Brille anzuschaffen, denn mit der alten komme ich nicht mehr zurecht.<\/p>\n<p><em>Alles was er hatte, war aus Watte<\/em>, <strong>nein<\/strong>, aus Kunststoff und <a href=\"https:\/\/willizblog.de\/?p=10425\" rel=\"noopener\" target=\"_blank\">Titan<\/a>.<\/p>\n<p><img src=\"https:\/\/www.willizblog.de\/pics\/willi_pirat2023.jpg\" alt=\"Willi, der Ein\u00e4ugige unter den Blinden (Pirat Willi Whitebeard) \u2013 nach Augen-OP\" title=\"Willi, der Ein\u00e4ugige unter den Blinden (Pirat Willi Whitebeard) \u2013 nach Augen-OP\" \/><br \/>\nWilli, der Ein\u00e4ugige unter den Blinden (Pirat Willi Whitebeard) \u2013 nach Augen-OP<\/p>\n<p>Wie auch immer: Ihr seht, ich lebe noch und hoffe, den alten Rhythmus im Verfassen meiner Beitr\u00e4ge in diesem Blog wieder zu erreichen. Material habe ich genug (allein, was ich in den letzten Wochen gelesen habe \u2013 auch wenn es nicht weiter <a href=\"https:\/\/willizblog.de\/?s=ulysses\" rel=\"noopener\" target=\"_blank\">James Joyce&#8216; Ulysses<\/a> war, der steht aber immer noch auf dem Zettel). Statt lustlos gehe ich wieder mit vollem Elan ans Werk.<\/p>\n<p>Wir lesen voneinander \u2026.<\/p>\n","protected":false},"excerpt":{"rendered":"<p>English version for my foreign friends (by Google Translater) Manchmal gibt es eine Zeit, da f\u00fchlen wir uns nicht gut, da sind wir lustlos und m\u00f6gen nichts, aber auch gar nichts machen. In den Wintermonaten neige ich dazu, Winterschlaf halten zu wollen. Aber ich bin kein Igel, kein Siebenschl\u00e4fer und auch kein Murmeltier, auch wenn &hellip; <a href=\"https:\/\/willizblog.de\/?p=11742\" class=\"more-link\"><span class=\"screen-reader-text\">So lustlos \u2026!<\/span> weiterlesen <span class=\"meta-nav\">&rarr;<\/span><\/a><\/p>\n","protected":false},"author":1,"featured_media":0,"comment_status":"open","ping_status":"open","sticky":false,"template":"","format":"standard","meta":[],"categories":[66,33],"tags":[],"_links":{"self":[{"href":"https:\/\/willizblog.de\/index.php?rest_route=\/wp\/v2\/posts\/11742"}],"collection":[{"href":"https:\/\/willizblog.de\/index.php?rest_route=\/wp\/v2\/posts"}],"about":[{"href":"https:\/\/willizblog.de\/index.php?rest_route=\/wp\/v2\/types\/post"}],"author":[{"embeddable":true,"href":"https:\/\/willizblog.de\/index.php?rest_route=\/wp\/v2\/users\/1"}],"replies":[{"embeddable":true,"href":"https:\/\/willizblog.de\/index.php?rest_route=%2Fwp%2Fv2%2Fcomments&post=11742"}],"version-history":[{"count":6,"href":"https:\/\/willizblog.de\/index.php?rest_route=\/wp\/v2\/posts\/11742\/revisions"}],"predecessor-version":[{"id":11751,"href":"https:\/\/willizblog.de\/index.php?rest_route=\/wp\/v2\/posts\/11742\/revisions\/11751"}],"wp:attachment":[{"href":"https:\/\/willizblog.de\/index.php?rest_route=%2Fwp%2Fv2%2Fmedia&parent=11742"}],"wp:term":[{"taxonomy":"category","embeddable":true,"href":"https:\/\/willizblog.de\/index.php?rest_route=%2Fwp%2Fv2%2Fcategories&post=11742"},{"taxonomy":"post_tag","embeddable":true,"href":"https:\/\/willizblog.de\/index.php?rest_route=%2Fwp%2Fv2%2Ftags&post=11742"}],"curies":[{"name":"wp","href":"https:\/\/api.w.org\/{rel}","templated":true}]}}