{"id":11756,"date":"2023-03-10T12:23:19","date_gmt":"2023-03-10T12:23:19","guid":{"rendered":"https:\/\/willizblog.de\/?p=11756"},"modified":"2023-03-10T12:25:30","modified_gmt":"2023-03-10T12:25:30","slug":"spaeter-wintereinbruch-in-tostedt-maerz-2023","status":"publish","type":"post","link":"https:\/\/willizblog.de\/?p=11756","title":{"rendered":"Sp\u00e4ter Wintereinbruch in Tostedt (M\u00e4rz 2023)"},"content":{"rendered":"<p>Der Winter erstreckt sich gew\u00f6hnlich (nicht nur meteorologisch) \u00fcber die Monate Dezember bis Februar. Das hei\u00dft nicht, dass es nicht auch schon im November und dann noch im M\u00e4rz oder April schneien kann. Gerade <a href=\"https:\/\/willizblog.de\/?p=7130\" rel=\"noopener\" target=\"_blank\">zu Ostern<\/a> hatten wir schon \u00f6fter Schnee. Aber da in diesem Winter bisher der Schnee (bis auf wenige Flocken hier und da) ausblieb, so \u00fcberrascht der jetzige Wintereinbruch doch sehr.<\/p>\n<p><img src=\"https:\/\/www.willizblog.de\/pics\/tostedt_wintereinbruch2023_02.jpg\" alt=\"Wintereinbruch in Tostedt\" title=\"Wintereinbruch in Tostedt\" \/><br \/>\nWintereinbruch in Tostedt<\/p>\n<p>So blieb uns nicht anderes \u00fcbrig, als am Morgen die Schneeschieber hervorzuholen, um den Weg zum Haus und einen Gehpfad an der Stra\u00dfe freizufegen. Erst dann durfte in Ruhe gefr\u00fchst\u00fcckt werden.<\/p>\n<p><img src=\"https:\/\/www.willizblog.de\/pics\/tostedt_wintereinbruch2023_01.jpg\" alt=\"Wintereinbruch in Tostedt\" title=\"Wintereinbruch in Tostedt\" \/><br \/>\nWintereinbruch in Tostedt<\/p>\n<p>Und da der Winter bis auf wenige Nachtfr\u00f6ste fast vollst\u00e4ndig ausgeblieben war, zeigten sich schon neben den Schneegl\u00f6ckchen auch die Krokusse im Garten. Jetzt sind diese mit einer Schneeschicht bem\u00e4ntelt.<\/p>\n<p><img src=\"https:\/\/www.willizblog.de\/pics\/tostedt_wintereinbruch2023_03.jpg\" alt=\"Wintereinbruch in Tostedt: Krokusse im Schnee\" title=\"Wintereinbruch in Tostedt: Krokusse im Schnee\" \/><br \/>\nWintereinbruch in Tostedt: Krokusse im Schnee<\/p>\n<p>Richtigen Schnee kennen wir eigentlich nur von Urlauben mit unseren S\u00f6hnen nach Grainau unterhalb der Zugspitze. Dort fiel, gewisserma\u00dfen zum Abschied, am Ostersonntag, den 08.04.2012, bei der Abfahrt nach zu Hause einiger Neuschnee. Und nat\u00fcrlich zu <a href=\"https:\/\/willizblog.de\/?s=%22Grainau%202017%22\" rel=\"noopener\" target=\"_blank\">Weihnachten 2017<\/a> hatten wir dort soviel Schnee wie schon lange nicht mehr. <\/p>\n<p><iframe loading=\"lazy\" width=\"560\" height=\"420\" src=\"https:\/\/www.youtube.com\/embed\/sFqJtnU0a8c\" title=\"Zugspitzbahn Grainau im Schnee Ostern 2012\" frameborder=\"0\" allow=\"accelerometer; autoplay; clipboard-write; encrypted-media; gyroscope; picture-in-picture; web-share\" allowfullscreen><\/iframe><br \/>\nZugspitzbahn Grainau im Schnee Ostern 2012<\/p>\n","protected":false},"excerpt":{"rendered":"<p>Der Winter erstreckt sich gew\u00f6hnlich (nicht nur meteorologisch) \u00fcber die Monate Dezember bis Februar. Das hei\u00dft nicht, dass es nicht auch schon im November und dann noch im M\u00e4rz oder April schneien kann. Gerade zu Ostern hatten wir schon \u00f6fter Schnee. Aber da in diesem Winter bisher der Schnee (bis auf wenige Flocken hier und &hellip; <a href=\"https:\/\/willizblog.de\/?p=11756\" class=\"more-link\"><span class=\"screen-reader-text\">Sp\u00e4ter Wintereinbruch in Tostedt (M\u00e4rz 2023)<\/span> weiterlesen <span class=\"meta-nav\">&rarr;<\/span><\/a><\/p>\n","protected":false},"author":1,"featured_media":0,"comment_status":"open","ping_status":"open","sticky":false,"template":"","format":"standard","meta":[],"categories":[16,11],"tags":[],"_links":{"self":[{"href":"https:\/\/willizblog.de\/index.php?rest_route=\/wp\/v2\/posts\/11756"}],"collection":[{"href":"https:\/\/willizblog.de\/index.php?rest_route=\/wp\/v2\/posts"}],"about":[{"href":"https:\/\/willizblog.de\/index.php?rest_route=\/wp\/v2\/types\/post"}],"author":[{"embeddable":true,"href":"https:\/\/willizblog.de\/index.php?rest_route=\/wp\/v2\/users\/1"}],"replies":[{"embeddable":true,"href":"https:\/\/willizblog.de\/index.php?rest_route=%2Fwp%2Fv2%2Fcomments&post=11756"}],"version-history":[{"count":3,"href":"https:\/\/willizblog.de\/index.php?rest_route=\/wp\/v2\/posts\/11756\/revisions"}],"predecessor-version":[{"id":11759,"href":"https:\/\/willizblog.de\/index.php?rest_route=\/wp\/v2\/posts\/11756\/revisions\/11759"}],"wp:attachment":[{"href":"https:\/\/willizblog.de\/index.php?rest_route=%2Fwp%2Fv2%2Fmedia&parent=11756"}],"wp:term":[{"taxonomy":"category","embeddable":true,"href":"https:\/\/willizblog.de\/index.php?rest_route=%2Fwp%2Fv2%2Fcategories&post=11756"},{"taxonomy":"post_tag","embeddable":true,"href":"https:\/\/willizblog.de\/index.php?rest_route=%2Fwp%2Fv2%2Ftags&post=11756"}],"curies":[{"name":"wp","href":"https:\/\/api.w.org\/{rel}","templated":true}]}}