{"id":11769,"date":"2023-03-22T08:54:07","date_gmt":"2023-03-22T08:54:07","guid":{"rendered":"https:\/\/willizblog.de\/?p=11769"},"modified":"2023-03-22T08:54:07","modified_gmt":"2023-03-22T08:54:07","slug":"arnaldur-indridason-drei-island-krimis-um-kommissar-erlendur-sveinsson","status":"publish","type":"post","link":"https:\/\/willizblog.de\/?p=11769","title":{"rendered":"Arnaldur Indri\u00f0ason: Drei Island-Krimis um Kommissar Erlendur Sveinsson"},"content":{"rendered":"<ul><em>Das Ganze ist ein einziger verdammter Sumpf.<\/em><br \/>\nErlendur Sveinsson, Kriminalbeamter<\/ul>\n<p>L\u00e4ngst wissen wir es: Krimis aus den skandinavischen L\u00e4nder haben es in sich. Kommissar Wallander aus Schweden hat seit geraumer Zeit auch einen Kollegen in Islands Hauptstadt Reykjav\u00edk namens Erlendur Sveinsson. Drei der von <a href=\"https:\/\/amzn.to\/3JBYEHu\" rel=\"noopener\" target=\"_blank\"><strong>Arnaldur Indri\u00f0ason<\/strong><\/a> verfassten Kriminalromane zu diesem Ermittler habe ich nun gelesen.<\/p>\n<p>Wer es vielleicht noch nicht wei\u00df: In Island duzt man sich und spricht sich mit Vornamen an. Der zweite Name gibt eigentlich nur Auskunft \u00fcber den Vornamen des Vaters (oder der Mutter), Vaters- bzw. Muttersname genannt. Und da sind viele andere Dinge aus einer Gegend, die uns fremd und vertraut zugleich erscheinen. Diese Island-Krimis bieten nicht nur Spannung, sondern auch Einblicke in den isl\u00e4ndischen Alltag.<\/p>\n<p>Arnaldur Indri\u00f0ason, Jahrgang 1961, war Journalist und Filmkritiker bei Islands gr\u00f6\u00dfter Tageszeitung. Heute lebt er als freier Autor in Reykjav\u00edk und ver\u00f6ffentlicht mit sensationellem Erfolg seine Romane. Sie belegen seit Jahren die oberen R\u00e4nge der Bestsellerliste in Island. Mit ihm hat Island einen prominetnen Platz auf der europ\u00e4ischen Krimilandschaft erobert. Alle von mir gelesenen Kriminalromane wurden von Coletta B\u00fcrling aus dem Isl\u00e4ndischen \u00fcbersetzt.<\/p>\n<p><img src=\"https:\/\/www.willizblog.de\/pics\/arnaldur_ingridson_erlendur.jpg\" alt=\"Arnaldur Indri\u00f0ason: Drei Island-Krimis um Kommissar Erlendur Sveinsson\" title=\"Arnaldur Indri\u00f0ason: Drei Island-Krimis um Kommissar Erlendur Sveinsson\"  \/><br \/>\nArnaldur Indri\u00f0ason: Drei Island-Krimis um Kommissar Erlendur Sveinsson<\/p>\n<p><strong><a href=\"https:\/\/amzn.to\/3LJ76aG\" rel=\"noopener\" target=\"_blank\">Menschens\u00f6hne<\/a> \u2013 1. Fall<\/strong><\/p>\n<p><em>Island, eine friedliche Insel im Nordatlantik? Mitnichten. Ein pensionierter Lehrer wird in der Innenstadt von Reykjyv\u00edk brutal ermordet. Zur gleichen Zeit begeht einer seiner ehemaligen Sch\u00fcler in der psychiatrischen Klinik Selbstmord. Dass ein Zusammenhang zwischen den beiden F\u00e4llen besteht, findet als erster der j\u00fcngere Bruder des Selbstm\u00f6rders heraus. Erlendur und seine Kollegen von der Kripo Reykjav\u00edk schalten sich ein &#8230;<\/em><\/p>\n<p><strong><a href=\"https:\/\/amzn.to\/40prMsj\" rel=\"noopener\" target=\"_blank\">Nordermoor<\/a> \u2013 3. Fall<\/strong><\/p>\n<p><em>Dieser Krimi wurde als erster ins Deutsche \u00fcbersetzt: Was zun\u00e4chst aussieht wie ein typisch isl\u00e4ndischer Mord \u2013 sch\u00e4big, sinnlos und schlampig ausgef\u00fchrt &#8211; , erweist sich als \u00fcberaus schwieriger Fall f\u00fcr Erlendur von der Kripo Reykjav\u00edk. Wer ist der tote alte Mann in der Souterrainwohnung in Nordermoor? Warum hinterl\u00e4sst der M\u00f6rder eine Nachricht bei seinem Opfer, die niemand versteht? &#8211; W\u00e4hrend schwere Islandtiefs sich \u00fcber der Insel im Nordatlantik austoben, wird eine weitere Leiche gefunden &#8230;<\/em><\/p>\n<p><strong><a href=\"https:\/\/amzn.to\/3JAPpHN\" rel=\"noopener\" target=\"_blank\">Todeshauch<\/a> \u2013 4. Fall<\/strong><\/p>\n<p><em>In einer Baugrube am Stadtrand von Reykjav\u00edk werden menschliche Knochen gefunden. Wer ist der Tote, der hier verscharrt wurde? Wurde er tats\u00e4chlich lebendig begraben? Erlendur und seine Kollegen von der Kripo Reykjav\u00edk rollen St\u00fcck f\u00fcr St\u00fcck brutale Ereignisse aus der Vergangenheit auf und bringen Licht in eine menschliche Trag\u00f6die, die bis in die Gegenwart hineinreicht. W\u00e4hrend Erlendur mit Schrecknissen fr\u00fcherer Zeiten besch\u00e4ftigt ist, k\u00e4mpft seine Tochter Eva Lind auf der Internsivstation um ihr Leben &#8230;<\/em><\/p>\n","protected":false},"excerpt":{"rendered":"<p>Das Ganze ist ein einziger verdammter Sumpf. Erlendur Sveinsson, Kriminalbeamter L\u00e4ngst wissen wir es: Krimis aus den skandinavischen L\u00e4nder haben es in sich. Kommissar Wallander aus Schweden hat seit geraumer Zeit auch einen Kollegen in Islands Hauptstadt Reykjav\u00edk namens Erlendur Sveinsson. Drei der von Arnaldur Indri\u00f0ason verfassten Kriminalromane zu diesem Ermittler habe ich nun gelesen. &hellip; <a href=\"https:\/\/willizblog.de\/?p=11769\" class=\"more-link\"><span class=\"screen-reader-text\">Arnaldur Indri\u00f0ason: Drei Island-Krimis um Kommissar Erlendur Sveinsson<\/span> weiterlesen <span class=\"meta-nav\">&rarr;<\/span><\/a><\/p>\n","protected":false},"author":1,"featured_media":0,"comment_status":"open","ping_status":"open","sticky":false,"template":"","format":"standard","meta":[],"categories":[3],"tags":[],"_links":{"self":[{"href":"https:\/\/willizblog.de\/index.php?rest_route=\/wp\/v2\/posts\/11769"}],"collection":[{"href":"https:\/\/willizblog.de\/index.php?rest_route=\/wp\/v2\/posts"}],"about":[{"href":"https:\/\/willizblog.de\/index.php?rest_route=\/wp\/v2\/types\/post"}],"author":[{"embeddable":true,"href":"https:\/\/willizblog.de\/index.php?rest_route=\/wp\/v2\/users\/1"}],"replies":[{"embeddable":true,"href":"https:\/\/willizblog.de\/index.php?rest_route=%2Fwp%2Fv2%2Fcomments&post=11769"}],"version-history":[{"count":1,"href":"https:\/\/willizblog.de\/index.php?rest_route=\/wp\/v2\/posts\/11769\/revisions"}],"predecessor-version":[{"id":11770,"href":"https:\/\/willizblog.de\/index.php?rest_route=\/wp\/v2\/posts\/11769\/revisions\/11770"}],"wp:attachment":[{"href":"https:\/\/willizblog.de\/index.php?rest_route=%2Fwp%2Fv2%2Fmedia&parent=11769"}],"wp:term":[{"taxonomy":"category","embeddable":true,"href":"https:\/\/willizblog.de\/index.php?rest_route=%2Fwp%2Fv2%2Fcategories&post=11769"},{"taxonomy":"post_tag","embeddable":true,"href":"https:\/\/willizblog.de\/index.php?rest_route=%2Fwp%2Fv2%2Ftags&post=11769"}],"curies":[{"name":"wp","href":"https:\/\/api.w.org\/{rel}","templated":true}]}}