{"id":1178,"date":"2008-05-01T00:01:09","date_gmt":"2008-04-30T22:01:09","guid":{"rendered":"http:\/\/www.albinz.de\/blog\/?p=1178"},"modified":"2008-05-01T00:01:09","modified_gmt":"2008-04-30T22:01:09","slug":"der-unterschlagene-feiertag","status":"publish","type":"post","link":"https:\/\/willizblog.de\/?p=1178","title":{"rendered":"Der unterschlagene Feiertag"},"content":{"rendered":"<p>Wenn Ostern und Weihnachten zusammenfallen, dann sollte etwas nicht stimmen. Es stimmt aber alles, wenn der kirchliche Feiertag <a href=\"https:\/\/www.willizblog.de\/?p=848\" target=\"_blank\">\u201eChristi Himmelfahrt\u201c<\/a> mit dem 1. Mai, also dem <a href=\"https:\/\/www.willizblog.de\/?p=831\" target=\"_blank\">\u201eTag der Arbeit\u201c<\/a> zusammenf\u00e4llt: ein kalendarischer Sonderfall 2008, der erst wieder 2160 eintreffen wird. Und au\u00dferdem feiern viele seiende, werdende und potenziell m\u00f6gliche <a href=\"https:\/\/www.willizblog.de\/?p=129\" target=\"_blank\">V\u00e4ter<\/a> diesen Tag in ihrem Sinne, einem meist feucht-fr\u00f6hlichen.<\/p>\n<p>Aber nicht verdrie\u00dfen lassen, wenn es auch ein Feiertag weniger ist. Immerhin: Viele kirchliche Organisationen und die Gewerkschaft wollen den Termin gemeinsam angehen.<\/p>\n<p>\u00dcbrigens: Die Niederl\u00e4nder hatten gestern als \u201eErsatz\u201c einen freien Tag: <a href=\"http:\/\/www.zdf.de\/ZDFmediathek\/content\/483332?inPopup=true\" target=\"_blank\">K\u00f6niginnentag<\/a>. Und Belgier haben morgen ersatzweise frei. Feststehende Feiertage (wie z.B. Weihnachten), die aufs Wochenende fallen, werden in Belgien ausgezahlt oder durch zus\u00e4tzliche freie Tage abgegolten.<\/p>\n","protected":false},"excerpt":{"rendered":"<p>Wenn Ostern und Weihnachten zusammenfallen, dann sollte etwas nicht stimmen. Es stimmt aber alles, wenn der kirchliche Feiertag \u201eChristi Himmelfahrt\u201c mit dem 1. Mai, also dem \u201eTag der Arbeit\u201c zusammenf\u00e4llt: ein kalendarischer Sonderfall 2008, der erst wieder 2160 eintreffen wird. Und au\u00dferdem feiern viele seiende, werdende und potenziell m\u00f6gliche V\u00e4ter diesen Tag in ihrem Sinne, &hellip; <a href=\"https:\/\/willizblog.de\/?p=1178\" class=\"more-link\"><span class=\"screen-reader-text\">Der unterschlagene Feiertag<\/span> weiterlesen <span class=\"meta-nav\">&rarr;<\/span><\/a><\/p>\n","protected":false},"author":1,"featured_media":0,"comment_status":"open","ping_status":"closed","sticky":false,"template":"","format":"standard","meta":[],"categories":[32],"tags":[],"_links":{"self":[{"href":"https:\/\/willizblog.de\/index.php?rest_route=\/wp\/v2\/posts\/1178"}],"collection":[{"href":"https:\/\/willizblog.de\/index.php?rest_route=\/wp\/v2\/posts"}],"about":[{"href":"https:\/\/willizblog.de\/index.php?rest_route=\/wp\/v2\/types\/post"}],"author":[{"embeddable":true,"href":"https:\/\/willizblog.de\/index.php?rest_route=\/wp\/v2\/users\/1"}],"replies":[{"embeddable":true,"href":"https:\/\/willizblog.de\/index.php?rest_route=%2Fwp%2Fv2%2Fcomments&post=1178"}],"version-history":[{"count":0,"href":"https:\/\/willizblog.de\/index.php?rest_route=\/wp\/v2\/posts\/1178\/revisions"}],"wp:attachment":[{"href":"https:\/\/willizblog.de\/index.php?rest_route=%2Fwp%2Fv2%2Fmedia&parent=1178"}],"wp:term":[{"taxonomy":"category","embeddable":true,"href":"https:\/\/willizblog.de\/index.php?rest_route=%2Fwp%2Fv2%2Fcategories&post=1178"},{"taxonomy":"post_tag","embeddable":true,"href":"https:\/\/willizblog.de\/index.php?rest_route=%2Fwp%2Fv2%2Ftags&post=1178"}],"curies":[{"name":"wp","href":"https:\/\/api.w.org\/{rel}","templated":true}]}}