{"id":118,"date":"2005-04-27T16:55:06","date_gmt":"2005-04-27T15:55:06","guid":{"rendered":"http:\/\/www.albinz.de\/blog\/?p=118"},"modified":"2005-10-20T10:42:34","modified_gmt":"2005-10-20T08:42:34","slug":"schmelzende-gletscher","status":"publish","type":"post","link":"https:\/\/willizblog.de\/?p=118","title":{"rendered":"Schmelzende Gletscher"},"content":{"rendered":"<p>Das sichtbarste Zeichen der Klima\u00e4nderung ist das Abschmelzen der Gletscher: Wir sind Zeitzeugen des schnellsten Gletscherschwundes seit Jahrtausenden, k\u00f6nnen heute aber noch richtige Gletscher sehen, noch, denn f\u00fcr unsere Nachkommen wird dies mit hoher Wahrscheinlichkeit schon sehr schwierig sein.<\/p>\n<p>Im <a href=\"http:\/\/www.gletscherarchiv.de\/\" target=\"_blank\">Gletscherarchiv<\/a> wird auf eindringliche Weise  anhand von Bildvergleichen der Schwund des Gletschereises gezeigt. Die umfangreiche Dokumentation ist von gro\u00dfer Bedeutung, da dort eine Entwicklung aufgezeigt, deren Gegenstand zunehmend verschwindet.<\/p>\n<p>Zwei dieser Gletscher kenne ich selbst. So habe ich mich 1997 mit meinen Lieben auf dem <a href=\"https:\/\/www.albinz.net\/hintertux.html\" target=\"_blank\">Hintertuxer Gletscher<\/a> getummelt. Und 2002 war meine Familie mit mir in <a href=\"https:\/\/www.albinz.net\/grainau.html\" target=\"_blank\">Grainau<\/a>, gleich neben Deutschlands gr\u00f6\u00dftem Berg, der Zugspitze:<\/p>\n<ul><img src=\"https:\/\/www.willizblog.de\/albpics\/hintertux1924.jpg\" alt=\"Tuxer Ferner\/Zillertal 1924\" \/>   <img src=\"https:\/\/www.willizblog.de\/albpics\/hintertux2003.jpg\" alt=\"Tuxer Ferner\/Zillertal 2004\" \/><\/ul>\n<p>Tuxer Ferner (Hintertux im Zillertal\/Tirol) 1924 und 2003<\/p>\n<ul><img src=\"https:\/\/www.willizblog.de\/albpics\/schneeferner1910.jpg\" alt=\"Schneeferner\/Zugspitze um 1910\" \/>   <img src=\"https:\/\/www.willizblog.de\/albpics\/schneeferner2003.jpg\" alt=\"Schneeferner\/Zugspitze 2003\" \/><\/ul>\n<p>Schneeferner Zugspitze (Bayern) um 1910 und 2003<\/p>\n<p>Vor 15 Jahren war ich mit meiner Frau (unser \u00e4lteste Sohn war gerade &#8218;unterwegs&#8216;) <strong>auf Island<\/strong>. Dort ist mit knapp 8500 qkm <strong>Europas gr\u00f6\u00dfter Gletscher, der Vatnaj\u00f6kull<\/strong>. Hier zwei Aufnahmen von unserem Island-Aufenthalt:<\/p>\n<ul><img src=\"https:\/\/www.albinz.net\/images\/island09k.jpg\" alt=\"Willi \u00fcber dem Gletscher Skaftafellsj\u00f6kull\" \/>   <img src=\"https:\/\/www.albinz.net\/images\/island10k.jpg\" alt=\"der Gletschersee J\u00f6kulls\u00e1rlon\" \/><\/ul>\n<p>Willi \u00fcber dem Gletscher Skaftafellsj\u00f6kull &#8230;&#8230;&#8230;&#8230; und der Gletschersee J\u00f6kulls\u00e1rlon<br \/>\nweitere Bilder und Videos auf unseren <a href=\"https:\/\/www.albinz.net\/island.html\" target=\"_blank\">Island-Seiten<\/a><\/p>\n","protected":false},"excerpt":{"rendered":"<p>Das sichtbarste Zeichen der Klima\u00e4nderung ist das Abschmelzen der Gletscher: Wir sind Zeitzeugen des schnellsten Gletscherschwundes seit Jahrtausenden, k\u00f6nnen heute aber noch richtige Gletscher sehen, noch, denn f\u00fcr unsere Nachkommen wird dies mit hoher Wahrscheinlichkeit schon sehr schwierig sein. Im Gletscherarchiv wird auf eindringliche Weise anhand von Bildvergleichen der Schwund des Gletschereises gezeigt. Die umfangreiche &hellip; <a href=\"https:\/\/willizblog.de\/?p=118\" class=\"more-link\"><span class=\"screen-reader-text\">Schmelzende Gletscher<\/span> weiterlesen <span class=\"meta-nav\">&rarr;<\/span><\/a><\/p>\n","protected":false},"author":1,"featured_media":0,"comment_status":"closed","ping_status":"closed","sticky":false,"template":"","format":"standard","meta":[],"categories":[20],"tags":[],"_links":{"self":[{"href":"https:\/\/willizblog.de\/index.php?rest_route=\/wp\/v2\/posts\/118"}],"collection":[{"href":"https:\/\/willizblog.de\/index.php?rest_route=\/wp\/v2\/posts"}],"about":[{"href":"https:\/\/willizblog.de\/index.php?rest_route=\/wp\/v2\/types\/post"}],"author":[{"embeddable":true,"href":"https:\/\/willizblog.de\/index.php?rest_route=\/wp\/v2\/users\/1"}],"replies":[{"embeddable":true,"href":"https:\/\/willizblog.de\/index.php?rest_route=%2Fwp%2Fv2%2Fcomments&post=118"}],"version-history":[{"count":0,"href":"https:\/\/willizblog.de\/index.php?rest_route=\/wp\/v2\/posts\/118\/revisions"}],"wp:attachment":[{"href":"https:\/\/willizblog.de\/index.php?rest_route=%2Fwp%2Fv2%2Fmedia&parent=118"}],"wp:term":[{"taxonomy":"category","embeddable":true,"href":"https:\/\/willizblog.de\/index.php?rest_route=%2Fwp%2Fv2%2Fcategories&post=118"},{"taxonomy":"post_tag","embeddable":true,"href":"https:\/\/willizblog.de\/index.php?rest_route=%2Fwp%2Fv2%2Ftags&post=118"}],"curies":[{"name":"wp","href":"https:\/\/api.w.org\/{rel}","templated":true}]}}