{"id":1180,"date":"2008-05-03T00:03:35","date_gmt":"2008-05-02T22:03:35","guid":{"rendered":"http:\/\/www.albinz.de\/blog\/?p=1180"},"modified":"2008-05-03T00:03:35","modified_gmt":"2008-05-02T22:03:35","slug":"blumenpracht-teil-10-der-mai-ist-gekommen","status":"publish","type":"post","link":"https:\/\/willizblog.de\/?p=1180","title":{"rendered":"Blumenpracht Teil 10: Der Mai ist gekommen"},"content":{"rendered":"<p>Nun, der Mai ist gekommen und damit auch ein sonniges Wetter, das zumindest im Norden Deutschlands einige Tage anhalten soll. Endlich k\u00f6nnen wir hinaus in die Natur und die ganze Bl\u00fctenpracht genie\u00dfen.<\/p>\n<table border=\"0\" cellpadding=\"5\" cellspacing=\"0\" width=\"100%\">\n<tr>\n<td width=\"100%\">\n<p align=\"center\"><img loading=\"lazy\" border=\"0\" src=\"https:\/\/www.willizblog.de\/blogpicts\/blumen2008_05_00.jpg\" alt=\"Blumenpracht in AlbinZ Garten - Mai 2008\" width=\"300\" height=\"400\"><\/td>\n<\/tr>\n<tr>\n<td width=\"100%\">\n<p align=\"center\"><font face=\"Lucida Grande, Lucida Sans Unicode, Verdana, sans-serif\" size=\"2\">Blumenpracht in AlbinZ Garten &#8211; Mai 2008<\/font><\/td>\n<\/tr>\n<\/table>\n","protected":false},"excerpt":{"rendered":"<p>Nun, der Mai ist gekommen und damit auch ein sonniges Wetter, das zumindest im Norden Deutschlands einige Tage anhalten soll. Endlich k\u00f6nnen wir hinaus in die Natur und die ganze Bl\u00fctenpracht genie\u00dfen. Blumenpracht in AlbinZ Garten &#8211; Mai 2008<\/p>\n","protected":false},"author":1,"featured_media":0,"comment_status":"open","ping_status":"closed","sticky":false,"template":"","format":"standard","meta":[],"categories":[16],"tags":[],"_links":{"self":[{"href":"https:\/\/willizblog.de\/index.php?rest_route=\/wp\/v2\/posts\/1180"}],"collection":[{"href":"https:\/\/willizblog.de\/index.php?rest_route=\/wp\/v2\/posts"}],"about":[{"href":"https:\/\/willizblog.de\/index.php?rest_route=\/wp\/v2\/types\/post"}],"author":[{"embeddable":true,"href":"https:\/\/willizblog.de\/index.php?rest_route=\/wp\/v2\/users\/1"}],"replies":[{"embeddable":true,"href":"https:\/\/willizblog.de\/index.php?rest_route=%2Fwp%2Fv2%2Fcomments&post=1180"}],"version-history":[{"count":0,"href":"https:\/\/willizblog.de\/index.php?rest_route=\/wp\/v2\/posts\/1180\/revisions"}],"wp:attachment":[{"href":"https:\/\/willizblog.de\/index.php?rest_route=%2Fwp%2Fv2%2Fmedia&parent=1180"}],"wp:term":[{"taxonomy":"category","embeddable":true,"href":"https:\/\/willizblog.de\/index.php?rest_route=%2Fwp%2Fv2%2Fcategories&post=1180"},{"taxonomy":"post_tag","embeddable":true,"href":"https:\/\/willizblog.de\/index.php?rest_route=%2Fwp%2Fv2%2Ftags&post=1180"}],"curies":[{"name":"wp","href":"https:\/\/api.w.org\/{rel}","templated":true}]}}