{"id":11804,"date":"2023-06-28T10:20:16","date_gmt":"2023-06-28T10:20:16","guid":{"rendered":"https:\/\/willizblog.de\/?p=11804"},"modified":"2023-06-28T10:20:16","modified_gmt":"2023-06-28T10:20:16","slug":"49-euro-ticket-alter-friedhof-buchholz-nordheide","status":"publish","type":"post","link":"https:\/\/willizblog.de\/?p=11804","title":{"rendered":"49-Euro-Ticket: Alter Friedhof Buchholz (Nordheide)"},"content":{"rendered":"<p>Mit Einf\u00fchrung des 49-Euro-Tickets fuhren wir mit dem Zug der <a href=\"https:\/\/www.der-metronom.de\/\" rel=\"noopener\" target=\"_blank\">metronom-Eisenbahn<\/a> in unseren Nachbarort <a href=\"https:\/\/www.buchholz.de\/\" rel=\"noopener\" target=\"_blank\">Buchholz in der Nordheide<\/a>. Wie schon bei der sp\u00e4teren <a href=\"https:\/\/willizblog.de\/?p=11801\" rel=\"noopener\" target=\"_blank\">Tour nach Bremen<\/a> war der Grund die Aufl\u00f6sung von zwei alten Sparb\u00fccher \u2013 diesmal von der Postbank. Dann ging es durch den Ort und zum neu angelegten <a href=\"https:\/\/www.buchholz.de\/portal\/meldungen\/rathauspark-in-neuer-qualitaet-903005190-20101.html?rubrik=3000017\" rel=\"noopener\" target=\"_blank\">Rathauspark mit dem kleinen Teich<\/a>. <\/p>\n<p><img src=\"https:\/\/www.willizblog.de\/pics\/buchholz2023.jpg\" alt=\"Teich im Buchholzer Rathauspark\" t=\"Teich im Buchholzer Rathauspark\" \/><br \/>\nTeich im Buchholzer Rathauspark<\/p>\n<p>In dessen N\u00e4he befindet sich der <a href=\"http:\/\/friedhof.paulus-buchholz.de\/\" rel=\"noopener\" target=\"_blank\">Alte Friedhof der Buchholzer Kirchengemeinde St. Paulus<\/a>. Leider sind meine Frau und ich in einem Alter, in dem der Tod eine zunehmende Rolle spielt. Nein, wir sind noch fit und wollen auch noch einige J\u00e4hrchen leben. Aber im Bekannten- und Verwandtenkreis mehren sich die Todesf\u00e4lle. Und Friedh\u00f6fe, so sehr deren Vorhandensein mit Trauer verbunden ist, sind auch Pl\u00e4tze, die sch\u00f6n angelegt sind, in denen auch die Lebenden friedliche Ruhe finden.<\/p>\n<p>Gleich am Anfang des Friedhofs befinden sich <a href=\"https:\/\/paulus-buchholz.de\/friedhoefe\/sternenkinder.html\" rel=\"noopener\" target=\"_blank\">Kinder-Gr\u00e4ber und das Sternenkinder-Feld<\/a>. Hier ruhen verstorbene und stillgeborene Kinder- es wird dort um kleine Menschen, die kaum oder gar nicht ins Leben gekommen sind, getrauert. Dieser Ort hat schon etwas Beklemmendes. Die Zahlen sind ziemlich ern\u00fcchternd:<\/p>\n<p><img src=\"https:\/\/www.willizblog.de\/pics\/buchholz2023_sternenkinder01.jpg\" alt=\"Buchholzer Friedhof St. Paulus: Sternenkinder-Feld und Kinder-Gr\u00e4ber\" title=\"Buchholzer Friedhof St. Paulus: Sternenkinder-Feld und Kinder-Gr\u00e4ber\" \/><br \/>\nBuchholzer Friedhof St. Paulus: Sternenkinder-Feld und Kinder-Gr\u00e4ber<\/p>\n<p>F\u00fcr Kinder mit einem Geburtsgewicht unter 500 Gramm, bei denen keine Bestattungspflicht besteht, gibt es auf dem Buchholzer Waldfriedhof ein Grabfeld. Das Buchholzer Krankenhaus und die Kirchengemeinde St. Paulus bieten Ihnen an, Ihr verstorbenes Kind dort beizusetzen.<\/p>\n<p><img src=\"https:\/\/www.willizblog.de\/pics\/buchholz2023_sternenkinder02.jpg\" alt=\"Buchholzer Friedhof St. Paulus: Sternenkinder-Feld und Kinder-Gr\u00e4ber\" title=\"Buchholzer Friedhof St. Paulus: Sternenkinder-Feld und Kinder-Gr\u00e4ber\" \/><br \/>\nBuchholzer Friedhof St. Paulus: Sternenkinder-Feld und Kinder-Gr\u00e4ber<\/p>\n<p>Verstorbene Kinder, die mit einem Geburtsgewicht \u00fcber 500 Gramm zur Welt gekommen sind, k\u00f6nnen im benachbarten Bereich der Kindergr\u00e4ber bestattet werden.<\/p>\n<p>Geht man weiter, dann tut sich der <a href=\"https:\/\/paulus-buchholz.de\/friedhoefe\/urnenwald.html\" rel=\"noopener\" target=\"_blank\">Urnenwald<\/a> auf, ein Wald als Bestattungsplatz, dort ruhen die Aschen von Verstorbenen.<\/p>\n<p><img src=\"https:\/\/www.willizblog.de\/pics\/buchholz2023_urnenwald01.jpg\" alt=\"Buchholzer Friedhof St. Paulus: Eingang zum Urnenwald (1)\" title=\"Buchholzer Friedhof St. Paulus: Eingang zum Urnenwald (1)\" \/><br \/>\nBuchholzer Friedhof St. Paulus: Eingang zum Urnenwald (1)<\/p>\n<p>Seit 2014 gibt es den Urnenwald am Waldfriedhof in Buchholz. Hier kann bei einem Trauerfall die Asche eines Verstorbenen in einem nat\u00fcrlichen Umfeld bestattet werden: Direkt an den Wurzeln eines Baumes, mitten im Wald. <\/p>\n<p><img src=\"https:\/\/www.willizblog.de\/pics\/buchholz2023_urnenwald02.jpg\" alt=\"Buchholzer Friedhof St. Paulus: Eingang zum Urnenwald (2)\" title=\"Buchholzer Friedhof St. Paulus: Eingang zum Urnenwald (2)\" \/><br \/>\nBuchholzer Friedhof St. Paulus: Eingang zum Urnenwald (2)<\/p>\n<p>Au\u00dferdem ruhen auf diesem Friedhof insgesamt 65 Tote des Zweiten Weltkrieges und der Nationalsozialistischen Gewaltherrschaft in 2 Gr\u00e4berfeldern. <\/p>\n<p>Siehe u.a. auch: <a href=\"https:\/\/willizblog.de\/?p=2980\" rel=\"noopener\" target=\"_blank\">Abschied von Opa Hermann 2010<\/a><br \/>\n<a href=\"https:\/\/willizblog.de\/?p=10125\" rel=\"noopener\" target=\"_blank\">140 Jahre Friedhof Ohlsdorf<\/a><\/p>\n<p>Wir kehrten in die Innenstadt von Buchholz zur\u00fcck, um in der Fu\u00dfg\u00e4ngerzone zu bummeln und einen Happen zu essen. Mit dem metronom ging es dann am sp\u00e4teren Nachmittag zur\u00fcck nach Hause.<\/p>\n","protected":false},"excerpt":{"rendered":"<p>Mit Einf\u00fchrung des 49-Euro-Tickets fuhren wir mit dem Zug der metronom-Eisenbahn in unseren Nachbarort Buchholz in der Nordheide. Wie schon bei der sp\u00e4teren Tour nach Bremen war der Grund die Aufl\u00f6sung von zwei alten Sparb\u00fccher \u2013 diesmal von der Postbank. Dann ging es durch den Ort und zum neu angelegten Rathauspark mit dem kleinen Teich. &hellip; <a href=\"https:\/\/willizblog.de\/?p=11804\" class=\"more-link\"><span class=\"screen-reader-text\">49-Euro-Ticket: Alter Friedhof Buchholz (Nordheide)<\/span> weiterlesen <span class=\"meta-nav\">&rarr;<\/span><\/a><\/p>\n","protected":false},"author":1,"featured_media":0,"comment_status":"open","ping_status":"open","sticky":false,"template":"","format":"standard","meta":[],"categories":[20],"tags":[],"_links":{"self":[{"href":"https:\/\/willizblog.de\/index.php?rest_route=\/wp\/v2\/posts\/11804"}],"collection":[{"href":"https:\/\/willizblog.de\/index.php?rest_route=\/wp\/v2\/posts"}],"about":[{"href":"https:\/\/willizblog.de\/index.php?rest_route=\/wp\/v2\/types\/post"}],"author":[{"embeddable":true,"href":"https:\/\/willizblog.de\/index.php?rest_route=\/wp\/v2\/users\/1"}],"replies":[{"embeddable":true,"href":"https:\/\/willizblog.de\/index.php?rest_route=%2Fwp%2Fv2%2Fcomments&post=11804"}],"version-history":[{"count":1,"href":"https:\/\/willizblog.de\/index.php?rest_route=\/wp\/v2\/posts\/11804\/revisions"}],"predecessor-version":[{"id":11805,"href":"https:\/\/willizblog.de\/index.php?rest_route=\/wp\/v2\/posts\/11804\/revisions\/11805"}],"wp:attachment":[{"href":"https:\/\/willizblog.de\/index.php?rest_route=%2Fwp%2Fv2%2Fmedia&parent=11804"}],"wp:term":[{"taxonomy":"category","embeddable":true,"href":"https:\/\/willizblog.de\/index.php?rest_route=%2Fwp%2Fv2%2Fcategories&post=11804"},{"taxonomy":"post_tag","embeddable":true,"href":"https:\/\/willizblog.de\/index.php?rest_route=%2Fwp%2Fv2%2Ftags&post=11804"}],"curies":[{"name":"wp","href":"https:\/\/api.w.org\/{rel}","templated":true}]}}