{"id":1183,"date":"2008-05-07T00:07:58","date_gmt":"2008-05-06T22:07:58","guid":{"rendered":"http:\/\/www.albinz.de\/blog\/?p=1183"},"modified":"2008-05-07T00:07:58","modified_gmt":"2008-05-06T22:07:58","slug":"christas-barchen-13-kalenderbar","status":"publish","type":"post","link":"https:\/\/willizblog.de\/?p=1183","title":{"rendered":"Christas B\u00e4rchen 13: Kalenderb\u00e4r"},"content":{"rendered":"<p>Ein etwas zotteliger Geselle aus der Sammlung meiner Frau ist der folgende Kalenderb\u00e4r. Er firmiert unter dem Begriff Werbeartikel und stammt von der Firma <a href=\"http:\/\/www.schneider.de\/schneider\/controller\/home\" target=\"_blank\">H. Schneider GmbH &#038; Co KG<\/a> in Wedel bei Hamburg, ist also alles andere als ein kostbares Sammlerst\u00fcck.<\/p>\n<p>Wie er aber so in seiner kleinen Schachtel sitzt und treuherzig aus seinen Knopfaugen schaut, konnte meine Frau nicht umhin, ihn bei uns ein Heim zu geben.<\/p>\n<table border=\"0\" cellpadding=\"5\" cellspacing=\"0\" width=\"550\">\n<tr>\n<td width=\"370\" align=\"center\"><img loading=\"lazy\" border=\"0\" src=\"https:\/\/www.willizblog.de\/blogpicts\/baerchen13_kalenderbaer.jpg\" alt=\"Christas B\u00e4rchen: Kalenderb\u00e4r\" width=\"360\" height=\"480\"><\/td>\n<td width=\"180\" rowspan=\"3\">\n<p><font face=\"Lucida Grande, Lucida Sans Unicode, Verdana, sans-serif\" size=\"2\">Kalenderb\u00e4r<\/font><\/td>\n<\/tr>\n<tr>\n<td width=\"370\" align=\"center\"><font face=\"Lucida Grande, Lucida Sans Unicode, Verdana, sans-serif\" size=\"2\">Christas B\u00e4rchen: Kalenderb\u00e4r<\/font><\/td>\n<\/tr>\n<tr>\n<td width=\"370\" align=\"center\"><\/td>\n<\/tr>\n<\/table>\n","protected":false},"excerpt":{"rendered":"<p>Ein etwas zotteliger Geselle aus der Sammlung meiner Frau ist der folgende Kalenderb\u00e4r. Er firmiert unter dem Begriff Werbeartikel und stammt von der Firma H. Schneider GmbH &#038; Co KG in Wedel bei Hamburg, ist also alles andere als ein kostbares Sammlerst\u00fcck. Wie er aber so in seiner kleinen Schachtel sitzt und treuherzig aus seinen &hellip; <a href=\"https:\/\/willizblog.de\/?p=1183\" class=\"more-link\"><span class=\"screen-reader-text\">Christas B\u00e4rchen 13: Kalenderb\u00e4r<\/span> weiterlesen <span class=\"meta-nav\">&rarr;<\/span><\/a><\/p>\n","protected":false},"author":1,"featured_media":0,"comment_status":"open","ping_status":"closed","sticky":false,"template":"","format":"standard","meta":[],"categories":[45],"tags":[],"_links":{"self":[{"href":"https:\/\/willizblog.de\/index.php?rest_route=\/wp\/v2\/posts\/1183"}],"collection":[{"href":"https:\/\/willizblog.de\/index.php?rest_route=\/wp\/v2\/posts"}],"about":[{"href":"https:\/\/willizblog.de\/index.php?rest_route=\/wp\/v2\/types\/post"}],"author":[{"embeddable":true,"href":"https:\/\/willizblog.de\/index.php?rest_route=\/wp\/v2\/users\/1"}],"replies":[{"embeddable":true,"href":"https:\/\/willizblog.de\/index.php?rest_route=%2Fwp%2Fv2%2Fcomments&post=1183"}],"version-history":[{"count":0,"href":"https:\/\/willizblog.de\/index.php?rest_route=\/wp\/v2\/posts\/1183\/revisions"}],"wp:attachment":[{"href":"https:\/\/willizblog.de\/index.php?rest_route=%2Fwp%2Fv2%2Fmedia&parent=1183"}],"wp:term":[{"taxonomy":"category","embeddable":true,"href":"https:\/\/willizblog.de\/index.php?rest_route=%2Fwp%2Fv2%2Fcategories&post=1183"},{"taxonomy":"post_tag","embeddable":true,"href":"https:\/\/willizblog.de\/index.php?rest_route=%2Fwp%2Fv2%2Ftags&post=1183"}],"curies":[{"name":"wp","href":"https:\/\/api.w.org\/{rel}","templated":true}]}}