{"id":1184,"date":"2008-05-08T00:08:16","date_gmt":"2008-05-07T22:08:16","guid":{"rendered":"http:\/\/www.albinz.de\/blog\/?p=1184"},"modified":"2008-05-08T00:08:16","modified_gmt":"2008-05-07T22:08:16","slug":"blumenpracht-teil-11","status":"publish","type":"post","link":"https:\/\/willizblog.de\/?p=1184","title":{"rendered":"Blumenpracht Teil 11"},"content":{"rendered":"<p>Schlimm genug, wenn die Arbeit einen abh\u00e4lt, das sch\u00f6ne Wetter zu genie\u00dfen. So sollten die Abendstunden genossen werden, um noch einige Sonnenstrahlen einzufangen.<\/p>\n<table border=\"0\" cellpadding=\"5\" cellspacing=\"0\" width=\"100%\">\n<tr>\n<td width=\"50%\">\n<p align=\"center\"><img loading=\"lazy\" border=\"0\" src=\"https:\/\/www.willizblog.de\/blogpicts\/blumen2008_05_01.jpg\" alt=\"Blumenpracht in AlbinZ Garten - Mai 2008\" width=\"270\" height=\"203\"><\/td>\n<td width=\"50%\">\n<p align=\"center\"><img loading=\"lazy\" border=\"0\" src=\"https:\/\/www.willizblog.de\/blogpicts\/blumen2008_05_02.jpg\" alt=\"Blumenpracht in AlbinZ Garten - Mai 2008\" width=\"270\" height=\"203\"><\/td>\n<\/tr>\n<tr>\n<td width=\"50%\">\n<p align=\"center\"><img loading=\"lazy\" border=\"0\" src=\"https:\/\/www.willizblog.de\/blogpicts\/blumen2008_05_03.jpg\" alt=\"Blumenpracht in AlbinZ Garten - Mai 2008\" width=\"270\" height=\"203\"><\/td>\n<td width=\"50%\">\n<p align=\"center\"><img loading=\"lazy\" border=\"0\" src=\"https:\/\/www.willizblog.de\/blogpicts\/blumen2008_05_04.jpg\" alt=\"Blumenpracht in AlbinZ Garten - Mai 2008\" width=\"270\" height=\"203\"><\/td>\n<\/tr>\n<tr>\n<td width=\"100%\" colspan=\"2\">\n<p align=\"center\"><font face=\"Lucida Grande, Lucida Sans Unicode, Verdana, sans-serif\" size=\"2\">Blumenpracht in AlbinZ Garten &#8211; Mai 2008<\/font><\/td>\n<\/tr>\n<tr>\n<td width=\"50%\">\n<p align=\"center\"><img loading=\"lazy\" border=\"0\" src=\"https:\/\/www.willizblog.de\/blogpicts\/blumen2008_05_05.jpg\" alt=\"Blumenpracht in AlbinZ Garten - Mai 2008\" width=\"270\" height=\"203\"><\/td>\n<td width=\"50%\">\n<p align=\"center\"><img loading=\"lazy\" border=\"0\" src=\"https:\/\/www.willizblog.de\/blogpicts\/blumen2008_05_06.jpg\" alt=\"Blumenpracht in AlbinZ Garten - Mai 2008\" width=\"270\" height=\"203\"><\/td>\n<\/tr>\n<tr>\n<td width=\"50%\">\n<p align=\"center\"><img loading=\"lazy\" border=\"0\" src=\"https:\/\/www.willizblog.de\/blogpicts\/blumen2008_05_07.jpg\" alt=\"Blumenpracht in AlbinZ Garten - Mai 2008\" width=\"270\" height=\"203\"><\/td>\n<td width=\"50%\">\n<p align=\"center\"><img loading=\"lazy\" border=\"0\" src=\"https:\/\/www.willizblog.de\/blogpicts\/blumen2008_05_08.jpg\" alt=\"Blumenpracht in AlbinZ Garten - Mai 2008\" width=\"270\" height=\"203\"><\/td>\n<\/tr>\n<\/table>\n","protected":false},"excerpt":{"rendered":"<p>Schlimm genug, wenn die Arbeit einen abh\u00e4lt, das sch\u00f6ne Wetter zu genie\u00dfen. So sollten die Abendstunden genossen werden, um noch einige Sonnenstrahlen einzufangen. Blumenpracht in AlbinZ Garten &#8211; Mai 2008<\/p>\n","protected":false},"author":1,"featured_media":0,"comment_status":"open","ping_status":"closed","sticky":false,"template":"","format":"standard","meta":[],"categories":[16],"tags":[],"_links":{"self":[{"href":"https:\/\/willizblog.de\/index.php?rest_route=\/wp\/v2\/posts\/1184"}],"collection":[{"href":"https:\/\/willizblog.de\/index.php?rest_route=\/wp\/v2\/posts"}],"about":[{"href":"https:\/\/willizblog.de\/index.php?rest_route=\/wp\/v2\/types\/post"}],"author":[{"embeddable":true,"href":"https:\/\/willizblog.de\/index.php?rest_route=\/wp\/v2\/users\/1"}],"replies":[{"embeddable":true,"href":"https:\/\/willizblog.de\/index.php?rest_route=%2Fwp%2Fv2%2Fcomments&post=1184"}],"version-history":[{"count":0,"href":"https:\/\/willizblog.de\/index.php?rest_route=\/wp\/v2\/posts\/1184\/revisions"}],"wp:attachment":[{"href":"https:\/\/willizblog.de\/index.php?rest_route=%2Fwp%2Fv2%2Fmedia&parent=1184"}],"wp:term":[{"taxonomy":"category","embeddable":true,"href":"https:\/\/willizblog.de\/index.php?rest_route=%2Fwp%2Fv2%2Fcategories&post=1184"},{"taxonomy":"post_tag","embeddable":true,"href":"https:\/\/willizblog.de\/index.php?rest_route=%2Fwp%2Fv2%2Ftags&post=1184"}],"curies":[{"name":"wp","href":"https:\/\/api.w.org\/{rel}","templated":true}]}}